{"id":48887,"date":"2026-01-31T15:27:40","date_gmt":"2026-01-31T14:27:40","guid":{"rendered":"https:\/\/www.monempresarial.com\/2026\/01\/31\/la-nueva-trinidad-empresarial-talento-inteligencia-artificial-y-sostenibilidad\/"},"modified":"2026-01-31T15:38:20","modified_gmt":"2026-01-31T14:38:20","slug":"la-nova-trinitat-empresarial-talent-intel%c2%b7ligencia-artificial-i-sostenibilitat","status":"publish","type":"post","link":"https:\/\/www.monempresarial.com\/ca\/2026\/01\/31\/la-nova-trinitat-empresarial-talent-intel%c2%b7ligencia-artificial-i-sostenibilitat\/","title":{"rendered":"La nova trinitat empresarial: talent, intel\u00b7lig\u00e8ncia artificial i sostenibilitat"},"content":{"rendered":"<p><strong>En plena transformaci\u00f3 global, la competitivitat industrial ja no dep\u00e8n nom\u00e9s de la tecnologia ni de l\u2019efici\u00e8ncia. El futur pertany a les empreses capaces d\u2019integrar tres forces essencials: el talent hum\u00e0, la intel\u00b7lig\u00e8ncia artificial i la sostenibilitat. La seva converg\u00e8ncia marca la f\u00f3rmula del lideratge conscient, capa\u00e7 de donar sentit al progr\u00e9s.<\/strong><\/p>\n<h4><strong><span style=\"color: #000080;\">SILVIA URARTE.<\/span> Professora de la UOC de Responsabilitat Social, Sostenibilitat i ODS. CEO de la consultora de RESPONSABILITAT social Con\u00e9tica<\/strong><\/h4>\n<hr \/>\n<p>Durant d\u00e8cades, l\u2019evoluci\u00f3 empresarial s\u2019ha explicat des d\u2019una sola dimensi\u00f3: la tecnol\u00f2gica, l\u2019econ\u00f2mica o la de l\u2019efici\u00e8ncia. Per\u00f2 el context actual exigeix una altra mirada.<span style=\"color: #000080;\"> <strong>El desenvolupament industrial del segle XXI ser\u00e0 viable nom\u00e9s si combina intel\u00b7lig\u00e8ncia, prop\u00f2sit i consci\u00e8ncia.<\/strong><\/span><\/p>\n<p>En aquesta converg\u00e8ncia emergeix all\u00f2 que anomeno la Santa Trinitat del futur empresarial: una nova manera de pensar l\u2019estrat\u00e8gia des de la connexi\u00f3 entre persones, tecnologia i sostenibilitat.<\/p>\n<p><span style=\"color: #000080;\"><strong>EL TALENT: ENERGIA QUE IMPULSA LA TRANSFORMACI\u00d3<\/strong><\/span><br \/>\nEl talent \u00e9s l\u2019\u00e0nima del sistema productiu. No es compra ni es programa: s\u2019inspira. Avui les organitzacions m\u00e9s avan\u00e7ades entenen que el talent amb \u00e0nima \u00e9s el que aporta valor real. Les persones no busquen nom\u00e9s feina, sin\u00f3 transcend\u00e8ncia. Volen coher\u00e8ncia, prop\u00f2sit i impacte.<\/p>\n<blockquote>\n<h4><span style=\"color: #000080;\"><img decoding=\"async\" loading=\"lazy\" class=\"wp-image-48881 alignright\" src=\"https:\/\/www.monempresarial.com\/wp-content\/uploads\/2026\/01\/ICONO.jpg\" alt=\"\" width=\"128\" height=\"148\" srcset=\"https:\/\/www.monempresarial.com\/wp-content\/uploads\/2026\/01\/ICONO.jpg 292w, https:\/\/www.monempresarial.com\/wp-content\/uploads\/2026\/01\/ICONO-260x300.jpg 260w\" sizes=\"(max-width: 128px) 100vw, 128px\" \/>Avui les organitzacions m\u00e9s avan\u00e7ades entenen que el talent amb \u00e0nima \u00e9s el que aporta valor real. Les persones no busquen nom\u00e9s feina, sin\u00f3 transcend\u00e8ncia. Volen coher\u00e8ncia, prop\u00f2sit i impacte<\/span><\/h4>\n<\/blockquote>\n<p>Per aix\u00f2, el lideratge industrial del futur no consistir\u00e0 a gestionar recursos humans, sin\u00f3 a activar intel\u00b7lig\u00e8ncies humanes.<span style=\"color: #000080;\"><strong> El talent amb sentit \u00e9s la for\u00e7a m\u00e9s poderosa de la innovaci\u00f3: crea, sent i dona forma al que les m\u00e0quines no poden imaginar.<\/strong><\/span><\/p>\n<p>Empreses com Danone, Telef\u00f3nica o Schneider Electric ja estan redissenyant les seves cultures per atraure talent amb prop\u00f2sit, demostrant que l\u2019\u00e0nima tamb\u00e9 \u00e9s estrat\u00e8gia.<\/p>\n<p><span style=\"color: #000080;\"><strong>LA INTEL\u00b7LIG\u00c8NCIA ARTIFICIAL: EL MOTOR QUE AMPLIFICA<\/strong><\/span><br \/>\nEl seu veritable potencial no rau a substituir les persones, sin\u00f3 a acompanyar-les. Quan s\u2019orienta al prop\u00f2sit, allibera temps, potencia la creativitat i millora la presa de decisions.<\/p>\n<p>Sense \u00e8tica, es converteix en una lupa que amplifica els errors humans. Amb una direcci\u00f3 conscient, es transforma en una eina que eleva la intel\u00b7lig\u00e8ncia col\u00b7lectiva. La disrupci\u00f3 no \u00e9s tecnol\u00f2gica, \u00e9s cultural: aprendre a utilitzar la tecnologia com a reflex del millor que som, no del que temem.<\/p>\n<p><span style=\"color: #000080;\"><strong>LA SOSTENIBILITAT: LA CONSCI\u00c8NCIA QUE DONA SENTIT<\/strong><\/span><br \/>\nLa sostenibilitat ja no \u00e9s un adorn reputacional: \u00e9s la nova base industrial. Defineix com produ\u00efm, com consumim i com creem valor.<span style=\"color: #000080;\"> <strong>Suposa passar del creixement lineal al valor regeneratiu<\/strong><\/span>; de la compet\u00e8ncia a\u00efllada a la col\u00b7laboraci\u00f3 sist\u00e8mica.<\/p>\n<p>Integrar criteris ESG i d\u2019economia circular no \u00e9s nom\u00e9s una q\u00fcesti\u00f3 moral, sin\u00f3 estrat\u00e8gica. Les empreses que ignorin el seu impacte corren el risc de perdre rellev\u00e0ncia en un entorn cada cop m\u00e9s exigent.<\/p>\n<p><span style=\"color: #000080;\"><strong>La sostenibilitat \u00e9s la consci\u00e8ncia que connecta el talent amb la intel\u00b7lig\u00e8ncia i dona coher\u00e8ncia al progr\u00e9s.<\/strong><\/span><\/p>\n<p><span style=\"color: #000080;\"><strong>LA F\u00d3RMULA DEL LIDERATGE CONSCIENT<\/strong><\/span><br \/>\nQuan el talent, la intel\u00b7lig\u00e8ncia i la sostenibilitat s\u2019alineen, emergeix una nova equaci\u00f3 de desenvolupament industrial:<\/p>\n<p><span style=\"color: #000080;\"><strong>Talent amb \u00e0nima + Intel\u00b7lig\u00e8ncia amb prop\u00f2sit + Sostenibilitat amb visi\u00f3 = Futur viable<\/strong><\/span><\/p>\n<p>Aquesta \u00e9s la f\u00f3rmula del lideratge conscient: un model que no tem la tecnologia, no renuncia a la humanitat i ent\u00e9n que innovar nom\u00e9s t\u00e9 sentit si millora la vida.<\/p>\n<p>El futur industrial no el construiran els algorismes, sin\u00f3 les persones que saben connectar el coneixement amb el prop\u00f2sit i transformar la innovaci\u00f3 en progr\u00e9s amb sentit.<\/p>\n","protected":false},"excerpt":{"rendered":"<p>En plena transformaci\u00f3 global, la competitivitat industrial ja no dep\u00e8n nom\u00e9s de la tecnologia ni de l\u2019efici\u00e8ncia. El futur pertany a les empreses capaces d\u2019integrar tres forces essencials: el talent hum\u00e0, la intel\u00b7lig\u00e8ncia artificial i la sostenibilitat. La seva converg\u00e8ncia marca la f\u00f3rmula del lideratge conscient, capa\u00e7 de donar sentit al progr\u00e9s.<\/p>\n","protected":false},"author":25,"featured_media":48883,"comment_status":"closed","ping_status":"closed","sticky":false,"template":"","format":"standard","meta":{"_mi_skip_tracking":false,"mc4wp_mailchimp_campaign":[],"jnews-multi-image_gallery":[],"jnews_single_post":[],"jnews_primary_category":[]},"categories":[10820,10830,10815,10831,10816,10828,10833,10835],"tags":[400,435,826,4477],"_links":{"self":[{"href":"https:\/\/www.monempresarial.com\/ca\/wp-json\/wp\/v2\/posts\/48887"}],"collection":[{"href":"https:\/\/www.monempresarial.com\/ca\/wp-json\/wp\/v2\/posts"}],"about":[{"href":"https:\/\/www.monempresarial.com\/ca\/wp-json\/wp\/v2\/types\/post"}],"author":[{"embeddable":true,"href":"https:\/\/www.monempresarial.com\/ca\/wp-json\/wp\/v2\/users\/25"}],"replies":[{"embeddable":true,"href":"https:\/\/www.monempresarial.com\/ca\/wp-json\/wp\/v2\/comments?post=48887"}],"version-history":[{"count":4,"href":"https:\/\/www.monempresarial.com\/ca\/wp-json\/wp\/v2\/posts\/48887\/revisions"}],"predecessor-version":[{"id":48893,"href":"https:\/\/www.monempresarial.com\/ca\/wp-json\/wp\/v2\/posts\/48887\/revisions\/48893"}],"wp:featuredmedia":[{"embeddable":true,"href":"https:\/\/www.monempresarial.com\/ca\/wp-json\/wp\/v2\/media\/48883"}],"wp:attachment":[{"href":"https:\/\/www.monempresarial.com\/ca\/wp-json\/wp\/v2\/media?parent=48887"}],"wp:term":[{"taxonomy":"category","embeddable":true,"href":"https:\/\/www.monempresarial.com\/ca\/wp-json\/wp\/v2\/categories?post=48887"},{"taxonomy":"post_tag","embeddable":true,"href":"https:\/\/www.monempresarial.com\/ca\/wp-json\/wp\/v2\/tags?post=48887"}],"curies":[{"name":"wp","href":"https:\/\/api.w.org\/{rel}","templated":true}]}}