{"id":5150,"date":"2015-06-24T08:00:32","date_gmt":"2015-06-24T06:00:32","guid":{"rendered":"http:\/\/monempresarial.com\/?p=5150"},"modified":"2025-09-16T12:04:47","modified_gmt":"2025-09-16T10:04:47","slug":"el-mercat-de-donacio-i-transplantament-dorgans-a-catalunya","status":"publish","type":"post","link":"https:\/\/www.monempresarial.com\/ca\/2015\/06\/24\/el-mercat-de-donacio-i-transplantament-dorgans-a-catalunya\/","title":{"rendered":"El mercat de donaci\u00f3 i transplantament d&#8217;\u00f2rgans<\/span> a Catalunya"},"content":{"rendered":"<h4>Font: <span style=\"color: #339999;\">OCATT i Departament de Salut de la Generalitat de Catalunya<\/span><\/h4>\n<p><span style=\"color: #339999; font-weight: bold;\">UNA MICA D&#8217;HIST\u00d2RIA&#8230;<\/span><br \/>\nA Catalunya, el Programa de trasplantament s&#8217;inicia el 1984.<br \/>\nL\u2019OCATT es crea el 1994. \u00c9s un organisme p\u00fablic dependent del Servei Catal\u00e0 de la Salut del Departament de Salut. A m\u00e9s de planificar, ordenar i coordinar les activitats de donaci\u00f3 i trasplantament d&#8217;\u00f2rgans i teixits entre els centres autoritzats per a l&#8217;extracci\u00f3 d&#8217;\u00f2rgans i teixits de Catalunya i entre Catalunya i altres oficines d&#8217;intercanvi d&#8217;\u00f2rgans, com ara l&#8217;ONT, a Espanya, i la resta d&#8217;organitzacions europees, tamb\u00e9:<br \/>\n<span style=\"color: #339999; font-weight: bold;\">1.<\/span> Avalua els resultats dels trasplantaments per a la presa de decisions cl\u00edniques o administratives<br \/>\n<span style=\"color: #339999; font-weight: bold;\">2. <\/span>Promou la doncaci\u00f3 d\u2019\u00f2rgans i teixits<br \/>\n<span style=\"color: #339999; font-weight: bold;\">3. <\/span>Fomenta la investigaci\u00f3 i l\u2019elaboraci\u00f3 de protocols en relaci\u00f3 amb l\u2019obtenci\u00f3 i transplantament d\u2019\u00f2rgans i teixits<\/p>\n<p>La coordinaci\u00f3 de l&#8217;intercanvi d&#8217;\u00f2rgans correspon a la unitat de l&#8217;OCATT anomenada UCIO (Unitat de Coordinaci\u00f3 d\u2019Intercanvi d\u2019\u00d2rgans), en funcionament des del 1985. La unitat de coordinaci\u00f3:<br \/>\n<span style=\"color: #339999; font-weight: bold;\">1.<\/span>Gestiona les llistes d\u2019espera<br \/>\n<span style=\"color: #339999; font-weight: bold;\">2. <\/span>Adjudica els \u00f2rgans oferts<br \/>\n<span style=\"color: #339999; font-weight: bold;\">3. <\/span>D\u00f3na suport log\u00edstic<\/p>\n\n<table id=\"tablepress-128\" class=\"tablepress tablepress-id-128\">\n<thead>\n<tr class=\"row-1 odd\">\n\t<th class=\"column-1\"><span style=\"color: #939598; font-weight: bold; font-size:20px; text-transform:uppercase;\">ELS PRIMERS TRANSPLANTAMENTS<\/span> <span style=\"color: #990000; font-weight: bold; font-size:20px; text-transform:uppercase;\">D'\u00d2RGANS I TEIXITS A CATALUNYA<\/span><br \/>\n<\/th>\n<\/tr>\n<\/thead>\n<tbody>\n<tr class=\"row-2 even\">\n\t<td class=\"column-1\"><img src=\"http:\/\/monempresarial.com\/wp-content\/uploads\/2015\/06\/mon-empresarial-002-evolucio-mercat-organs-catalunya.png\" alt=\"Evoluci\u00f3 del mercat d&#039;\u00f2rgans a Catalunya\" width=\"691\" height=\"851\" class=\"alignright size-full wp-image-5167\" \/><br \/>\n<img src=\"http:\/\/monempresarial.com\/wp-content\/uploads\/2015\/06\/mon-empresarial-002-evolucio-mercat-organs-catalunya-2.png\" alt=\"El mercat d&#039;\u00f2rgans a Catalunya 2014\" width=\"691\" height=\"188\" class=\"alignright size-full wp-image-5169\" \/><\/td>\n<\/tr>\n<\/tbody>\n<\/table>\n<!-- #tablepress-128 from cache -->\n<p><img decoding=\"async\" loading=\"lazy\" class=\"aligncenter size-full wp-image-5159\" src=\"http:\/\/monempresarial.com\/wp-content\/uploads\/2015\/06\/mon-empresarial-002-proces-donacio-organs-catalunya.png\" alt=\"Proc\u00e9s de donaci\u00f3 i transplantament d'\u00f2rgans a Catalunya\" width=\"653\" height=\"767\" srcset=\"https:\/\/www.monempresarial.com\/wp-content\/uploads\/2015\/06\/mon-empresarial-002-proces-donacio-organs-catalunya.png 653w, https:\/\/www.monempresarial.com\/wp-content\/uploads\/2015\/06\/mon-empresarial-002-proces-donacio-organs-catalunya-255x300.png 255w, https:\/\/www.monempresarial.com\/wp-content\/uploads\/2015\/06\/mon-empresarial-002-proces-donacio-organs-catalunya-255x300@2x.png 510w\" sizes=\"(max-width: 653px) 100vw, 653px\" \/><\/p>\n<p><img decoding=\"async\" loading=\"lazy\" class=\"aligncenter size-full wp-image-5161\" src=\"http:\/\/monempresarial.com\/wp-content\/uploads\/2015\/06\/mon-empresarial-002-mercat-donacio-catalunya.png\" alt=\"Mercat de donaci\u00f3 d'\u00f2rgans a Catalunya\" width=\"740\" height=\"370\" srcset=\"https:\/\/www.monempresarial.com\/wp-content\/uploads\/2015\/06\/mon-empresarial-002-mercat-donacio-catalunya.png 740w, https:\/\/www.monempresarial.com\/wp-content\/uploads\/2015\/06\/mon-empresarial-002-mercat-donacio-catalunya-300x150.png 300w, https:\/\/www.monempresarial.com\/wp-content\/uploads\/2015\/06\/mon-empresarial-002-mercat-donacio-catalunya-300x150@2x.png 600w\" sizes=\"(max-width: 740px) 100vw, 740px\" \/><\/p>\n\n<table id=\"tablepress-127\" class=\"tablepress tablepress-id-127\">\n<thead>\n<tr class=\"row-1 odd\">\n\t<th colspan=\"2\" class=\"column-1\"><span style=\"color: #ffffff; font-weight: bold; font-size:20px; text-transform:uppercase;\">ELS CRIT\u00c8RIS D'ADJUDICACI\u00d3 D'\u00d2RGANS<\/span><\/th>\n<\/tr>\n<\/thead>\n<tbody>\n<tr class=\"row-2 even\">\n\t<td class=\"column-1\"><span style=\"color: #339999; font-weight: bold;\">PRINCIPIS \u00c8TICS<\/span><br \/>\n\u2022 Totalment objectius<br \/>\n\u2022 Exclusivament m\u00e8dics<br \/>\n\u2022 De car\u00e0cter p\u00fablic<br \/>\n\u2022 Acceptats amb el m\u00e0xim<br \/>\nconsens possible<br \/>\n\u2022 Verificables<br \/>\n\u2022 Revisables<br \/>\n<img src=\"http:\/\/monempresarial.com\/wp-content\/uploads\/2015\/06\/mon-empresarial-002-mapa-donacio-organs-catalunya-261x300.png\" alt=\"Mapa d&#039;europa. Donaci\u00f3 d&#039;\u00f2rgans de Catalunya\" width=\"261\" height=\"300\" class=\"aligncenter size-medium wp-image-5163\" \/><\/td><td class=\"column-2\"><span style=\"color: #339999; font-weight: bold;\">CRIT\u00c8RIS DE DISTRIBUCI\u00d3<\/span><br \/>\n<span style=\"color: #990000; font-weight: bold;\">Cl\u00ednics:<\/span><br \/>\n\u2022 Renal:<br \/>\n\t- Identitat ABO, compatibilitat HLA, edat, sexe, pes.<br \/>\n\t- Dues prioritats per sobre de totes: malalts hiperimmunitzats i pacients pedi\u00e0trics.<br \/>\n\u2022 No Renal:<br \/>\n\t- Identitat ABO, edat, sexe,pes.<br \/>\n\t- Dues prioritats per sobre de totes: urg\u00e8ncia \u201c0\u201d i estat cr\u00edtic.<br \/>\n<span style=\"color: #990000; font-weight: bold;\">Geogr\u00e0fics:<\/span><br \/>\n\u2022 Hospital<br \/>\n\u2022 Ciutat<br \/>\n\u2022 Comunitat Aut\u00f2noma<br \/>\n\u2022 Resta Estat<br \/>\n\u2022 Altres pa\u00efsos<\/td>\n<\/tr>\n<\/tbody>\n<\/table>\n<!-- #tablepress-127 from cache -->\n\n<table id=\"tablepress-129\" class=\"tablepress tablepress-id-129\">\n<thead>\n<tr class=\"row-1 odd\">\n\t<th colspan=\"2\" class=\"column-1\"><span style=\"color: #ffffff; font-weight: bold; font-size:20px; text-transform:uppercase;\">les llistes d'espera<\/span><\/th>\n<\/tr>\n<\/thead>\n<tbody>\n<tr class=\"row-2 even\">\n\t<td class=\"column-1\"><b>ACTUALMENT, A CATALUNYA,<\/b> hi ha aproximadament 1.100 pacients en llistes d\u2019espera per a un trasplantament de rony\u00f3, 125 per a fetge, 15 per a cor, 30 per a pulm\u00f3, 30 per a p\u00e0ncrees i 1 per a intest\u00ed. <br \/>\nLa gesti\u00f3 de les llistes d\u2019espera \u00e9s responsabilitat de l\u2019OCATT, exceptuant el rony\u00f3, que es comparteix amb el Laboratori d\u2019Histocompatibilitat de Catalunya ja que hi interv\u00e9 l\u2019HLA (compatibilitat immunol\u00f2gica entre donant i receptor). Per a la resta d'\u00f2rgans no es precisa l'an\u00e0lisi de l'HLA abans del trasplantament.<\/td><td class=\"column-2\"><img src=\"http:\/\/monempresarial.com\/wp-content\/uploads\/2015\/06\/mon-empresarial-002-llista-espera-organs-catalunya-250x300.png\" alt=\"Llista d&#039;espera d&#039;\u00f2rgans a Catalunya\" width=\"180\" height=\"216\" class=\"alignright size-medium wp-image-5165\" \/><\/td>\n<\/tr>\n<\/tbody>\n<\/table>\n<!-- #tablepress-129 from cache -->\n<p><strong><span style=\"color: #339999;\">Llegeix tamb\u00e9:<\/span><\/strong><br \/>\n<strong><span style=\"color: #339999;\"><a href=\"http:\/\/buff.ly\/1dYZQ7c\">La donaci\u00f3 d\u2019\u00f2rgans, sang i teixits: un mercat de cerca i aparellament \u2013gaireb\u00e9\u2013 perfecte<\/a>, per Aurora Masip, Directora de Comunicaci\u00f3 del Banc de Sang i de Teixits de Catalunya.<\/span><\/strong><br \/>\n<strong><span style=\"color: #339999;\"><a href=\"http:\/\/wp.me\/p5HU3Y-1lI\">Entrevista a Jaume Tort<\/a>, director de l&#8217;Organitzaci\u00f3 Catalana de Transplantaments.<\/span><\/strong><\/p>\n","protected":false},"excerpt":{"rendered":"<p>Font: OCATT i Departament de Salut de la Generalitat de Catalunya UNA MICA D&#8217;HIST\u00d2RIA&#8230; A Catalunya, el Programa de trasplantament s&#8217;inicia el 1984. L\u2019OCATT es crea el 1994. \u00c9s un organisme p\u00fablic dependent del Servei Catal\u00e0 de la Salut del Departament de Salut. A m\u00e9s de planificar, ordenar i coordinar les activitats de donaci\u00f3 i [&hellip;]<\/p>\n","protected":false},"author":1,"featured_media":5171,"comment_status":"open","ping_status":"open","sticky":false,"template":"","format":"standard","meta":{"_mi_skip_tracking":false,"mc4wp_mailchimp_campaign":[],"jnews-multi-image_gallery":[],"jnews_single_post":[],"jnews_primary_category":[]},"categories":[9,16,10815,10844],"tags":[],"_links":{"self":[{"href":"https:\/\/www.monempresarial.com\/ca\/wp-json\/wp\/v2\/posts\/5150"}],"collection":[{"href":"https:\/\/www.monempresarial.com\/ca\/wp-json\/wp\/v2\/posts"}],"about":[{"href":"https:\/\/www.monempresarial.com\/ca\/wp-json\/wp\/v2\/types\/post"}],"author":[{"embeddable":true,"href":"https:\/\/www.monempresarial.com\/ca\/wp-json\/wp\/v2\/users\/1"}],"replies":[{"embeddable":true,"href":"https:\/\/www.monempresarial.com\/ca\/wp-json\/wp\/v2\/comments?post=5150"}],"version-history":[{"count":1,"href":"https:\/\/www.monempresarial.com\/ca\/wp-json\/wp\/v2\/posts\/5150\/revisions"}],"predecessor-version":[{"id":47186,"href":"https:\/\/www.monempresarial.com\/ca\/wp-json\/wp\/v2\/posts\/5150\/revisions\/47186"}],"wp:featuredmedia":[{"embeddable":true,"href":"https:\/\/www.monempresarial.com\/ca\/wp-json\/wp\/v2\/media\/5171"}],"wp:attachment":[{"href":"https:\/\/www.monempresarial.com\/ca\/wp-json\/wp\/v2\/media?parent=5150"}],"wp:term":[{"taxonomy":"category","embeddable":true,"href":"https:\/\/www.monempresarial.com\/ca\/wp-json\/wp\/v2\/categories?post=5150"},{"taxonomy":"post_tag","embeddable":true,"href":"https:\/\/www.monempresarial.com\/ca\/wp-json\/wp\/v2\/tags?post=5150"}],"curies":[{"name":"wp","href":"https:\/\/api.w.org\/{rel}","templated":true}]}}