{"id":5332,"date":"2015-07-14T07:00:55","date_gmt":"2015-07-14T05:00:55","guid":{"rendered":"http:\/\/monempresarial.com\/?p=5332"},"modified":"2025-09-16T12:14:57","modified_gmt":"2025-09-16T10:14:57","slug":"empresa-y-administracion-divorci-o-col%c2%b7laboracio","status":"publish","type":"post","link":"https:\/\/www.monempresarial.com\/ca\/2015\/07\/14\/empresa-y-administracion-divorci-o-col%c2%b7laboracio\/","title":{"rendered":"Empresa i administraci\u00f3: \u00bfdivorci o colaboraci\u00f3?"},"content":{"rendered":"<h4 style=\"color: #602d11;\">Ben aviat afloraran les diverses propostes<img decoding=\"async\" loading=\"lazy\" class=\"alignright size-full wp-image-5320\" src=\"http:\/\/www.monempresarial.com\/wp-content\/uploads\/2015\/06\/mon-empresarial-002-joaquim-triadu.png\" alt=\"Joaquim Triad\u00fa i Vila-Abadal. Professor associat de l\u2019 IESE. Vicepresident del Centre Sector P\u00fablic-Sector Privat de l\u2019 IESE.\" width=\"200\" height=\"225\" \/> econ\u00f2miques que cada for\u00e7a pol\u00edtica defensa, i la relaci\u00f3 entre empresa i poder pol\u00edtic ser\u00e0, de ben segur, al centre del debat.<\/h4>\n<h4><span style=\"color: #663300; font-weight: bold; text-transform: uppercase;\">Joaquim Triad\u00fa i Vila-Abadal.<\/span> Professor associat de l&#8217;IESE. Vicepresident del Centre Sector P\u00fablic-Sector Privat.<\/h4>\n<hr style=\"color: #b72126;\" \/>\n<p><strong>ARA FA 14 ANYS<\/strong> va comen\u00e7ar a caminar un projecte acad\u00e8mic en el si de l\u2019 IESE anomenat Centre Sector P\u00fablic-Sector Privat en el qual s\u2019agruparen entitats p\u00fabliques i empreses privades per reflexionar i impulsar estudis acad\u00e8mics sobre la relaci\u00f3 publicoprivada com a motor de l\u2019economia, i veure, tamb\u00e9, exemples d\u2019arreu del m\u00f3n per analitzar la seva viabilitat o frac\u00e0s.<\/p>\n<p>\u00c9rem i som de la convicci\u00f3 que el que es pot posar en q\u00fcesti\u00f3 i permanent revisi\u00f3 \u00e9s el com ha de ser aquesta relaci\u00f3, per\u00f2 no l\u2019exist\u00e8ncia de la relaci\u00f3 en ella mateixa. Aix\u00ed, el paradigma existent a finals dels anys 90 i primers anys del segle XXI que va convertir la relaci\u00f3 publicoprivada en una f\u00f3rmula de finan\u00e7ament extrabancari ja no es pot tornar a donar. Arran de la gran crisi econ\u00f2mica que hem sofert, \u00e9s evident que calen noves regles. Normes que nosaltres agrupem sota quatre principis b\u00e0sics:<\/p>\n<p><span style=\"color: #663300; font-weight: bold;\">1.Principi de seguretat jur\u00eddica<\/span> en els negocis jur\u00eddics mitjan\u00e7ant sistemes de contractaci\u00f3 basats en la concurr\u00e8ncia i en el di\u00e0leg competitiu per assolir els objectius demandats.<br \/>\n<span style=\"color: #663300; font-weight: bold;\">2. Principi de translaci\u00f3 del risc<\/span> del sector p\u00fablic al privat. Sense risc empresarial estar\u00edem davant d\u2019un simple finan\u00e7ament p\u00fablic no bancari amb nova generaci\u00f3 de d\u00e8ficit p\u00fablic.<br \/>\n<span style=\"color: #663300; font-weight: bold;\">3. Principi de la transpar\u00e8ncia<\/span> en totes les fases de la contractaci\u00f3 i, tamb\u00e9, en el posterior seguiment del compliment del contracte d\u2019obra o serveis.<br \/>\n<span style=\"color: #663300; font-weight: bold;\">4. Principi de la lleialtat m\u00fatua<\/span> en l\u2019obtenci\u00f3 de l\u2019objectiu b\u00e0sic d\u2019afrontar inversions p\u00fabliques o prestaci\u00f3 de serveis amb menys cost per a l\u2019administraci\u00f3, b\u00e9 sigui per peatge o preu p\u00fablic expl\u00edcit, o per estalvi de costos per compartir guanys d\u2019explotaci\u00f3, per\u00f2 sempre amb risc compartit.<\/p>\n<p>Tan dolent seria voler suprimir qualsevol f\u00f3rmula de col\u2022laboraci\u00f3 publicoprivada com retornar a una certa l\u00ednia de \u201claisser faire-laisser passer\u201d com la que ens va abocar a fracassos sonats com s\u00f3n les radials de Madrid o la L\u00ednia 9 de metro de Barcelona, que han quedat empantanegades per utilitzar de forma mal plantejada i pitjor executada sistemes de col\u2022laboraci\u00f3 sector p\u00fablic-sector privat.<\/p>\n<hr style=\"color: #b72126;\" \/>\n<p><strong>La relaci\u00f3 entre empresa i poder pol\u00edtic, lleial i transparent, \u00e9s l&#8217;\u00fanic remei efica\u00e7 a l&#8217;Europa actual per tal de garantir el creixement econ\u00f2mic i l&#8217;estat del benestar. Posar-ho en risc, b\u00e9 per exc\u00e9s o b\u00e9 per defecte, seria un greu error. Pol\u00edtics, no ens falleu!<\/strong><\/p>\n","protected":false},"excerpt":{"rendered":"<p>Ben aviat afloraran les diverses propostesJoaquim Triad\u00fa i Vila-Abadal. Professor associat de l\u2019 IESE. Vicepresident del Centre Sector P\u00fablic-Sector Privat de l\u2019 IESE. econ\u00f2miques que cada for\u00e7a pol\u00edtica defensa, i la relaci\u00f3 entre empresa i poder pol\u00edtic ser\u00e0, de ben segur, al centre del debat.<\/p>\n","protected":false},"author":1,"featured_media":5324,"comment_status":"closed","ping_status":"closed","sticky":false,"template":"","format":"standard","meta":{"_mi_skip_tracking":false,"mc4wp_mailchimp_campaign":[],"jnews-multi-image_gallery":[],"jnews_single_post":[],"jnews_primary_category":[]},"categories":[11,10817,37,10838,4718,46],"tags":[113,180,351,696,699,700,10941],"_links":{"self":[{"href":"https:\/\/www.monempresarial.com\/ca\/wp-json\/wp\/v2\/posts\/5332"}],"collection":[{"href":"https:\/\/www.monempresarial.com\/ca\/wp-json\/wp\/v2\/posts"}],"about":[{"href":"https:\/\/www.monempresarial.com\/ca\/wp-json\/wp\/v2\/types\/post"}],"author":[{"embeddable":true,"href":"https:\/\/www.monempresarial.com\/ca\/wp-json\/wp\/v2\/users\/1"}],"replies":[{"embeddable":true,"href":"https:\/\/www.monempresarial.com\/ca\/wp-json\/wp\/v2\/comments?post=5332"}],"version-history":[{"count":1,"href":"https:\/\/www.monempresarial.com\/ca\/wp-json\/wp\/v2\/posts\/5332\/revisions"}],"predecessor-version":[{"id":47227,"href":"https:\/\/www.monempresarial.com\/ca\/wp-json\/wp\/v2\/posts\/5332\/revisions\/47227"}],"wp:featuredmedia":[{"embeddable":true,"href":"https:\/\/www.monempresarial.com\/ca\/wp-json\/wp\/v2\/media\/5324"}],"wp:attachment":[{"href":"https:\/\/www.monempresarial.com\/ca\/wp-json\/wp\/v2\/media?parent=5332"}],"wp:term":[{"taxonomy":"category","embeddable":true,"href":"https:\/\/www.monempresarial.com\/ca\/wp-json\/wp\/v2\/categories?post=5332"},{"taxonomy":"post_tag","embeddable":true,"href":"https:\/\/www.monempresarial.com\/ca\/wp-json\/wp\/v2\/tags?post=5332"}],"curies":[{"name":"wp","href":"https:\/\/api.w.org\/{rel}","templated":true}]}}