{"id":5399,"date":"2015-07-03T07:00:31","date_gmt":"2015-07-03T05:00:31","guid":{"rendered":"http:\/\/monempresarial.com\/?p=5399"},"modified":"2025-06-06T10:51:38","modified_gmt":"2025-06-06T08:51:38","slug":"entrevista-jordi-guix-armengou-dega-col%c2%b7legi-enginyers-industrials-catalunya","status":"publish","type":"post","link":"https:\/\/www.monempresarial.com\/ca\/2015\/07\/03\/entrevista-jordi-guix-armengou-dega-col%c2%b7legi-enginyers-industrials-catalunya\/","title":{"rendered":"Entrevista a Jordi Guix Armengou,<\/span> deg\u00e0 del Col\u00b7legi d\u2019Enginyers Industrials de Catalunya"},"content":{"rendered":"<h4>Jordi Guix, al cadpdavant del Col\u00b7legi d\u2019Enginyers Industrials de Catalunya des de 2013, ens parla d\u2019energies renovables, rob\u00f2tica, el Pacte Nacional per a la Industria i l\u2019Ag\u00e8ncia de Qualificaci\u00f3 Professional de l\u2019Enginyeria.<\/h4>\n<h4>Text: <a style=\"color: #338fb0;\" href=\"http:\/\/monempresarial.com\/author\/nduran\/\">Neus Duran<\/a>\u00a0\u00a0\u00a0Fotos: <span style=\"color: #338fb0;\">Cedides<\/span><\/h4>\n<hr style=\"color: #b72126;\" \/>\n<p><b>Quin balan\u00e7 fa d\u2019aquest any i mig com a deg\u00e0? A quins reptes s\u2019enfronta el Col\u00b7legi?<\/b><br \/>\nEntre els punts m\u00e9s remarcables, treballar per la uni\u00f3 de tots els enginyers, sigui quina sigui la seva especialitat i nivell, en una sola entitat com les que existeixen a Europa. I tamb\u00e9 volem posar molt m\u00e9s en valor tot all\u00f2 que l\u2019enginyeria aporta a la societat; perqu\u00e8 als seus ulls, els enginyers som <em>invisibles<\/em>. La societat es relaciona amb l\u2019enginyeria mitjan\u00e7ant els seus productes o serveis, sense estar en contacte directe amb els enginyers i enginyeres que posen cada dia la tecnologia al seu servei.<\/p>\n<blockquote>\n<h2 style=\"color: #338fb0;\">\u201cLa rob\u00f2tica presenta noves oportunitats laborals, m\u00e9s seguretat i un increment de la productivitat\u201d<\/h2>\n<\/blockquote>\n<p><b>Els enginyers industrials catalans tenen un alt valor competitiu? Quins punts forts tenim? <\/b><br \/>\nQuan parlem amb empreses multinacionals catalanes que contracten enginyers de diferents pa\u00efsos, sempre ens diuen que prefereixen contractar a un enginyer catal\u00e0, ja que la majoria t\u00e9 una base de coneixement tan \u00e0mplia que els permet adaptar-se i assumir molt millor qualsevol canvi tecnol\u00f2gic. El nostre punt fort \u00e9s, per tant, aquesta base s\u00f2lida de coneixements transversals, que s\u2019adquireixen amb els estudis d\u2019enginyeria a Catalunya. Els enginyers catalans som molt competitius arreu on anem, per\u00f2 potser ens falta creure\u2019ns-ho, saber-ho explicar i fer-ne molta m\u00e9s difusi\u00f3.<\/p>\n<p><img decoding=\"async\" loading=\"lazy\" class=\"alignleft  wp-image-5403\" src=\"http:\/\/monempresarial.com\/wp-content\/uploads\/2015\/07\/mon-empresarial-002-jordi-guix-armengou-ingeniers.png\" alt=\"Jordi Guix Armengou, deg\u00e0 del Col\u00b7legi d\u2019Enginyers Industrials de Catalunya\" width=\"395\" height=\"365\" srcset=\"https:\/\/www.monempresarial.com\/wp-content\/uploads\/2015\/07\/mon-empresarial-002-jordi-guix-armengou-ingeniers.png 359w, https:\/\/www.monempresarial.com\/wp-content\/uploads\/2015\/07\/mon-empresarial-002-jordi-guix-armengou-ingeniers-300x277.png 300w\" sizes=\"(max-width: 395px) 100vw, 395px\" \/><b>Parlant de difusi\u00f3&#8230; Des del col\u00b7legi es fomenten projectes de <em>networking<\/em> a pa\u00efsos com la Xina&#8230; <\/b><br \/>\nEfectivament. Arran d\u2019un article publicat a la nostra revista d\u2019un enginyer que treballava a la Xina, es va crear un grup de treball format per enginyers interessats en aquest pa\u00eds o que ja hi treballaven. Van crear un butllet\u00ed d\u2019informaci\u00f3 i n\u2019ha sorgit la figura de l\u2019enginyer corresponsal a la Xina, aix\u00ed com dues delegacions a Hong Kong i Shanghai, com a refer\u00e8ncia per als enginyers d\u2019aquelles \u00e0rees. Ens plantegem fer el mateix a diferents pa\u00efsos i amb d\u2019altres col\u2022legis d\u2019enginyers.<\/p>\n<p><b>I a Catalunya, quina soluci\u00f3 veu a la desindustrialitzaci\u00f3? Qu\u00e8 es pot fer des del Col\u00b7legi per revertir aquest proc\u00e9s? <\/b><br \/>\nEstem verdaderament preocupats i, alhora, tenim una gran oportunitat. Participem molt activament amb els sindicats, organitzacions patronals i universitats en el Pacte per a la Ind\u00fastria a Catalunya. Voldr\u00edem una pol\u00edtica industrial catalana que an\u00e9s m\u00e9s enll\u00e0 de la legislatura, aconseguir un Pacte Nacional per a la Ind\u00fastria. Per aix\u00f2, treballem per transformar el Pacte per a la Industria en un <em>think tank<\/em> permanent on les entitats participants puguin promoure debats permanents sobre la ind\u00fastria a Catalunya per aconseguir un consens sobre una pol\u00edtica industrial que doni millor seguretat jur\u00eddica a les empreses i garanteixi millor la quantitat i qualitat dels llocs de treball. Els canvis tan accelerats de la tecnologia i la globalitzaci\u00f3 de la informaci\u00f3 ofereixen grans oportunitats per a un pa\u00eds tan competitiu com el nostre. Tenim grans actius, per\u00f2 ens falta saber sumar i ser molt m\u00e9s eficients en un marc regulador que doni visi\u00f3 d\u2019un futur immediat i garanteixi jur\u00eddicament que les inversions al nostre pa\u00eds tenen recorregut.<\/p>\n<p><b>Un d\u2019aquests actius s\u00f3n les energies renovables. Quina valoraci\u00f3 fa de la pol\u00edtica energ\u00e8tica i, en concret, de l\u2019e\u00f2lica? <\/b><br \/>\nMostrem la nostra preocupaci\u00f3 pel risc que es paralitzin les energies renovables, en concret l\u2019e\u00f2lica i la fotovoltaica. Seguim esperant una pol\u00edtica energ\u00e8tica de futur clara i decidida, en la qual les renovables han de tenir una contribuci\u00f3 important en la millora de la competitivitat d\u2019empresa i un estalvi en els costos de tots els usuaris. Desitgem que les administracions realitzin una regulaci\u00f3 de les energies renovables que permeti la seva aplicaci\u00f3 en els camps de l\u2019efici\u00e8ncia energ\u00e8tica, l\u2019autoconsum i la generaci\u00f3 distribu\u00efda, de manera que les renovables aportaran un valor afegit al progr\u00e9s de la societat i contribuiran a que l\u2019R+D+i del camp energ\u00e8tic, i la seva aplicaci\u00f3 en projectes concrets, generi activitat econ\u00f2mica. El mix energ\u00e8tic \u00e9s important.<\/p>\n<blockquote>\n<h2 style=\"color: #338fb0;\">\u201cTreballem per transformar el Pacte per a la Industria en un <em>think tank<\/em> permanent (&#8230;) per aconseguir un consens sobre una pol\u00edtica industrial que doni millor seguretat jur\u00eddica a les empreses i garanteixi millor la quantitat i qualitat dels llocs de treball.\u201d<\/h2>\n<\/blockquote>\n<p><b><img decoding=\"async\" loading=\"lazy\" class=\"alignright size-full wp-image-5407\" src=\"http:\/\/monempresarial.com\/wp-content\/uploads\/2015\/07\/mon-empresarial-002-col-legi-enginyers-catalunya.png\" alt=\"Resum Col\u00b7legi d\u2019Enginyers Industrials de Catalunya\" width=\"240\" height=\"542\" srcset=\"https:\/\/www.monempresarial.com\/wp-content\/uploads\/2015\/07\/mon-empresarial-002-col-legi-enginyers-catalunya.png 317w, https:\/\/www.monempresarial.com\/wp-content\/uploads\/2015\/07\/mon-empresarial-002-col-legi-enginyers-catalunya-133x300.png 133w, https:\/\/www.monempresarial.com\/wp-content\/uploads\/2015\/07\/mon-empresarial-002-col-legi-enginyers-catalunya-133x300@2x.png 266w\" sizes=\"(max-width: 240px) 100vw, 240px\" \/>Pel que fa a la rob\u00f2tica, en quins \u00e0mbits hi veu possibles aplicacions? Vost\u00e8 ha treballat en el camp de la salut, es preveu molta innovaci\u00f3 en aquest i altres sectors? <\/b><br \/>\nHi creiem tant que tenim un Grup de Treball dedicat a la rob\u00f2tica. La rob\u00f2tica \u00e9s el present i el futur, presenta noves oportunitats laborals, m\u00e9s seguretat i un increment de la productivitat. \u00c9s part de\u00a0l\u2019efici\u00e8ncia productiva i els nous treballadors de les manufactures hauran d\u2019estar m\u00e9s capacitats amb un major nivell de coneixement t\u00e8cnic per dissenyar, integrar, operar i donar manteniment. Estem vivint moments molt interessants en el trasp\u00e0s de la rob\u00f2tica des de l\u2019\u00e0mbit industrial cap al m\u00f3n dels serveis. En salut, <em>retail<\/em> i turisme comencem a veure solucions robotitzades.<\/p>\n<p><b>Qu\u00e8 opina del desplegament de l\u2019Ag\u00e8ncia de Qualificaci\u00f3 Professional de l\u2019Enginyeria? <\/b><br \/>\nL\u2019ag\u00e8ncia d\u2019\u00e0mbit estatal, que actualment agrupa 14 col\u00b7legis professionals amb 50.000 enginyers, ofereix als professionals la possibilitat d\u2019obtenir un certificat professional basat en la seva formaci\u00f3 i experi\u00e8ncia. Hi ha un primer nivell d\u2019implantaci\u00f3 amb \u00e8xit, un segon nivell \u00e9s el de l\u2019estandarditzaci\u00f3, i un tercer \u00e9s la xarxa d\u2019empreses associades a les nostres institucions i que segurament ser\u00e0 la millor base per implementar-ho tot. Jo diria que no hi ha gaire consci\u00e8ncia del que ens vindr\u00e0 en pocs anys. La confusi\u00f3 amb la gran quantitat de titulacions i m\u00e0sters ser\u00e0 molt gran. Nosaltres ens hem avan\u00e7at. El que ara estem iniciant, d\u2019aqu\u00ed a poc ser\u00e0 totalment necessari, com ja passa en altres pa\u00efsos. A m\u00e9s, cal dir que Bolonya, en lloc de facilitar-ho tot, ho ha complicat molt i molt; per aix\u00f2 l\u2019Ag\u00e8ncia ser\u00e0 de cabdal import\u00e0ncia en molt poc temps.<\/p>\n<blockquote>\n<h2 style=\"color: #338fb0;\">\u201cSeguim esperant una pol\u00edtica energ\u00e8tica de futur clara i decidida, en la qual les renovables han de tenir una contribuci\u00f3 important en la millora de la competitivitat d\u2019empresa i un estalvi en els costos de tots els usuaris.\u201d<\/h2>\n<\/blockquote>\n","protected":false},"excerpt":{"rendered":"<p>Jordi Guix, al cadpdavant del Col\u2022legi d\u2019Enginyers Industrials de Catalunya des de 2013, ens parla d\u2019energies renovables, rob\u00f2tica, el Pacte Nacional per a la Industria i l\u2019Ag\u00e8ncia de Qualificaci\u00f3 Professional de l\u2019Enginyeria.<\/p>\n","protected":false},"author":13,"featured_media":16425,"comment_status":"open","ping_status":"open","sticky":false,"template":"","format":"standard","meta":{"_mi_skip_tracking":false,"mc4wp_mailchimp_campaign":[],"jnews-multi-image_gallery":[],"jnews_single_post":[],"jnews_primary_category":[]},"categories":[9,10820,10821,22,10825],"tags":[736,737,738,739,740,741,742,743,734,735],"_links":{"self":[{"href":"https:\/\/www.monempresarial.com\/ca\/wp-json\/wp\/v2\/posts\/5399"}],"collection":[{"href":"https:\/\/www.monempresarial.com\/ca\/wp-json\/wp\/v2\/posts"}],"about":[{"href":"https:\/\/www.monempresarial.com\/ca\/wp-json\/wp\/v2\/types\/post"}],"author":[{"embeddable":true,"href":"https:\/\/www.monempresarial.com\/ca\/wp-json\/wp\/v2\/users\/13"}],"replies":[{"embeddable":true,"href":"https:\/\/www.monempresarial.com\/ca\/wp-json\/wp\/v2\/comments?post=5399"}],"version-history":[{"count":1,"href":"https:\/\/www.monempresarial.com\/ca\/wp-json\/wp\/v2\/posts\/5399\/revisions"}],"predecessor-version":[{"id":46310,"href":"https:\/\/www.monempresarial.com\/ca\/wp-json\/wp\/v2\/posts\/5399\/revisions\/46310"}],"wp:featuredmedia":[{"embeddable":true,"href":"https:\/\/www.monempresarial.com\/ca\/wp-json\/wp\/v2\/media\/16425"}],"wp:attachment":[{"href":"https:\/\/www.monempresarial.com\/ca\/wp-json\/wp\/v2\/media?parent=5399"}],"wp:term":[{"taxonomy":"category","embeddable":true,"href":"https:\/\/www.monempresarial.com\/ca\/wp-json\/wp\/v2\/categories?post=5399"},{"taxonomy":"post_tag","embeddable":true,"href":"https:\/\/www.monempresarial.com\/ca\/wp-json\/wp\/v2\/tags?post=5399"}],"curies":[{"name":"wp","href":"https:\/\/api.w.org\/{rel}","templated":true}]}}