{"id":5976,"date":"2015-07-30T07:00:43","date_gmt":"2015-07-30T05:00:43","guid":{"rendered":"http:\/\/monempresarial.com\/?p=5976"},"modified":"2025-09-16T12:21:13","modified_gmt":"2025-09-16T10:21:13","slug":"entrevista-a-felip-puig-conseller-dempresa-i-ocupacio-de-la-generalitat-de-catalunya","status":"publish","type":"post","link":"https:\/\/www.monempresarial.com\/ca\/2015\/07\/30\/entrevista-a-felip-puig-conseller-dempresa-i-ocupacio-de-la-generalitat-de-catalunya\/","title":{"rendered":"Entrevista a Felip Puig,<\/span> conseller d\u2019Empresa i Ocupaci\u00f3 de la Generalitat de Catalunya"},"content":{"rendered":"<p><img decoding=\"async\" loading=\"lazy\" src=\"http:\/\/monempresarial.com\/wp-content\/uploads\/2015\/07\/mon-empresarial-002-packaging-felip-puig.png\" alt=\"Packaging 1\" width=\"227\" height=\"238\" class=\"alignright size-full wp-image-5983\" \/><\/p>\n<h2 style=\"color: #006633;\">\u201cExisteix una associaci\u00f3 del concepte <i>packaging<\/i>-Catalunya com a sin\u00f2nim d\u2019alt valor afegit i de qualitat\u201d<\/h2>\n<h4> Quin \u00e9s el pes i l\u2019impacte real del sector del <i>packaging<\/i> per a l\u2019economia catalana? Respon el Conseller d\u2019Empresa i Ocupaci\u00f3 de la Generalitat de Catalunya, Felip Puig. <\/h4>\n<p>&nbsp;<br \/>\n&nbsp;<br \/>\nText: <a style=\"color: #006633;\" href=\"http:\/\/monempresarial.com\/author\/XXXXXXX\/\">Montse Torres<\/a>   Fotos: <span style=\"color: #006633;\">Jordi Bedmar \/ Cedides<\/span><\/p>\n<hr style=\"color: #b72126; size=\"20\"\" \/>\n<p><b>L\u2019embalatge i l\u2019envasat representa el 4% del PIB catal\u00e0. Malgrat ser poc conegut, \u00e9s un sector estrat\u00e8gic per a l\u2019economia catalana? <\/b><br \/>\nLes activitats relacionades amb el nom gen\u00e8ric de <i>packaging<\/i> representen un volum molt important d&#8217;activitat econ\u00f2mica a Catalunya i estan presents en la major part de sectors econ\u00f2mics, i \u00e9s especialment important en aquells sectors que acaben generant un producte destinat a consum final. El <i>packaging<\/i> \u00e9s un mitj\u00e0 per fer arribar el producte al consumidor, i tamb\u00e9 una eina de comunicaci\u00f3 del producte i els valors de l\u2019empresa; des d\u2019aquest punt de vista, estem davant d\u2019un sector molt important i estrat\u00e8gic per al pa\u00eds.<\/p>\n<p><b>Catalunya compta amb 900 empreses i m\u00e9s de 18.000 treballadors en aquest \u00e0mbit. Es pot parlar d\u2019un lideratge del <i>packaging<\/i> catal\u00e0 a nivell europeu? <\/b><br \/>\nEl sector del <i>packaging<\/i> a Catalunya ha traspassat les fronteres des de fa anys, convertint-se en prove\u00efdor d\u2019importants empreses internacionals. Catalunya ha estat origen i dest\u00ed de moltes empreses fabricants de productes farmac\u00e8utics i de gran consum, des del sector alimentari fins a productes de perfumeria i cosm\u00e8tica; sectors en els quals l\u2019env\u00e0s i els seus processos tenen una especial rellev\u00e0ncia i que han estat els motors del desenvolupament del sector del <i>packaging<\/i> fins a la posici\u00f3 rellevant que ocupa actualment. Catalunya compta amb una completa cadena de valor del <i>packaging<\/i>: disposa d\u2019una oferta excel\u2022lent de prove\u00efdors de tecnologia i b\u00e9ns d&#8217;equipament relacionats amb l\u2019env\u00e0s i l\u2019embalatge, amb pres\u00e8ncia de l\u00edders mundials en fabricaci\u00f3 de maquin\u00e0ria d&#8217;env\u00e0s i d\u2019envasat, i amb un posicionament internacional de pa\u00eds creatiu i un teixit industrial conscient de les possibilitats que ofereix un acurat packaging com a font d&#8217;innovaci\u00f3 i de competitivitat. <\/p>\n<blockquote>\n<h2 style=\"color: #006633;\">\u201cEl sector del <i>packaging<\/i> a Catalunya ha traspassat les fronteres des de fa anys, convertint-se en prove\u00efdor d\u2019importants empreses internacionals.\u201d*<\/h2>\n<\/blockquote>\n<p><b>Tenint en compte que el 46% de la facturaci\u00f3 d\u2019aquest sector a Espanya es concentra aqu\u00ed, es vol aprofitar per afavorir la creaci\u00f3 o instal\u00b7laci\u00f3 de noves empreses al territori? <\/b><br \/>\nExisteix una associaci\u00f3 del concepte <i>packaging<\/i>-Catalunya com a sin\u00f2nim d\u2019alt valor afegit i de qualitat. Les tasques d\u2019atracci\u00f3 de noves empreses, tant nacionals com estrangeres, s\u00f3n una prioritat del Govern realitzada a trav\u00e9s d\u2019<i> Invest in Catalonia<\/i>. En aquest sentit, el fet que Catalunya disposi d\u2019una diversitat empresarial, formativa i de sector al voltant del <i>packaging<\/i> reconeguda mundialment per la seva qualitat genera oportunitats d\u2019atracci\u00f3 de noves inversions. <\/p>\n<p><img decoding=\"async\" loading=\"lazy\" src=\"http:\/\/monempresarial.com\/wp-content\/uploads\/2015\/07\/mon-empresarial-002-felip-puig-lamp-lighting.png\" alt=\"Entrevista a Felip Puig. Conseller d\u2019Empresa i Ocupaci\u00f3 de la Generalitat de Catalunya\" width=\"359\" height=\"485\" class=\"alignright size-full wp-image-5979\" srcset=\"https:\/\/www.monempresarial.com\/wp-content\/uploads\/2015\/07\/mon-empresarial-002-felip-puig-lamp-lighting.png 359w, https:\/\/www.monempresarial.com\/wp-content\/uploads\/2015\/07\/mon-empresarial-002-felip-puig-lamp-lighting-222x300.png 222w\" sizes=\"(max-width: 359px) 100vw, 359px\" \/><b>Quines accions concretes es duen a terme des de la Generalitat per potenciar aquesta branca industrial? <\/b><br \/>\nLa pol\u00edtica de cl\u00fasters \u00e9s un dels eixos claus de l\u2019estrat\u00e8gia industrial a Catalunya. Estem conven\u00e7uts que els cl\u00fasters s\u00f3n una eina important per a la competitivitat de les nostres empreses, sovint de dimensi\u00f3 petita, i que gr\u00e0cies a la seva participaci\u00f3 en el cl\u00faster poden accedir a formaci\u00f3, participar del sistema d\u2019innovaci\u00f3 o afrontar el repte de la internacionalitzaci\u00f3. Avui, la col\u2022laboraci\u00f3 i les sin\u00e8rgies entre empreses s\u00f3n dues de les vies per mitj\u00e0 de les quals aquestes poden guanyar competitivitat. A m\u00e9s de la pol\u00edtica de suport als cl\u00fasters, hi ha l\u2019estrat\u00e8gia d\u2019especialitzaci\u00f3 intel\u00b7ligent de Catalunya (RIS3CAT), dins el programa europeu RIS3, en qu\u00e8 el cl\u00faster del <i>packaging<\/i> hi \u00e9s present a trav\u00e9s d\u2019un dels sectors on hem detectat que tenim enormes potencialitats, com \u00e9s l\u2019\u00e0mbit de l\u2019alimentaci\u00f3.<\/p>\n<p><b>Quins considera que s\u00f3n els punts forts i els punts febles del nostre <i>packaging<\/i>?<\/b><br \/>\nEntre els punts forts podem trobar la bona relaci\u00f3 qualitat-preu, una gran flexibilitat de producci\u00f3 que permet l\u2019adaptaci\u00f3 a les necessitats dels clients i que cada cop tenen processos industrials m\u00e9s vers\u00e0tils i sostenibles. En refer\u00e8ncia als punts febles -que ja s\u2019estan afrontant- s\u2019est\u00e0 treballant en la reducci\u00f3 de l\u2019impacte sobre el medi ambient i l\u2019adaptaci\u00f3 a les legislacions en mat\u00e8ria de seguretat alimentaria.<\/p>\n<p><b>L\u2019embalatge est\u00e0 vinculat amb gaireb\u00e9 tots els productes i processos industrials. S\u2019incentiva des de la Generalitat l\u2019\u00fas de <i>packaging<\/i> produ\u00eft a Catalunya per al conjunt d\u2019empreses del territori? <\/b><br \/>\nL\u2019impuls d\u2019activitats del cl\u00faster de <i>packaging<\/i> amb sectors clients t\u00e9 com a objectiu potenciar innovacions creuades, per\u00f2 alhora permet que aquests sectors demandants de <i>packaging<\/i> articulin projectes amb les empreses del pa\u00eds. En aquest sentit, apostem per les oportunitats d\u2019interacci\u00f3 entre els diferents cl\u00fasters vinculats a la utilitzaci\u00f3 del <i>packaging<\/i> com poden ser els de sectors com el gurmet, <i> food service<\/i>, aq\u00fcicultura, nutrici\u00f3 saludable, el sector carni porc\u00ed i el vitivin\u00edcola.<\/p>\n<blockquote>\n<h2 style=\"color: #006633;\">\u201cLa internacionalitzaci\u00f3 de les empreses de <i>packaging<\/i> \u00e9s una de les vies clau per incrementar la seva competitivitat.\u201d<\/h2>\n<\/blockquote>\n<p><b>Finalment, l\u2019env\u00e0s i l\u2019embalatge tamb\u00e9 \u00e9s un dels sectors amb una gran projecci\u00f3 internacional. Com es treballa des del Govern per afavorir l\u2019externalitzaci\u00f3 d\u2019aquestes empreses? <\/b><br \/>\nLa internacionalitzaci\u00f3 de les empreses de <i>packaging<\/i> \u00e9s una de les vies clau per incrementar la seva competitivitat. En aquest sentit, el Govern, mitjan\u00e7ant ACCI\u00d3, posa a disposici\u00f3 de les empreses instruments de suport a la internacionalitzaci\u00f3. Gr\u00e0cies al treball conjunt amb el cl\u00faster de <i>packaging<\/i> hem pogut portar a terme accions concretes, com assist\u00e8ncia conjunta a fires, missions comercials, estudis de mercat o la participaci\u00f3 en projectes internacionals com el parteneriat europeu amb el cl\u00faster catal\u00e0 d\u2019\u00f2ptica i fot\u00f2nica, i cl\u00fasters d\u2019Alemanya i Fran\u00e7a en el marc de la iniciativa Cluster Go International.<\/p>\n<hr style=\"color: #b72126; size=\"20\"\" \/>\n<img decoding=\"async\" loading=\"lazy\" src=\"http:\/\/monempresarial.com\/wp-content\/uploads\/2015\/07\/mon-empresarial-002-packaging-foto-1.png\" alt=\"mon-empresarial-002-packaging-foto-1\" width=\"217\" height=\"156\" class=\"alignleft size-full wp-image-5987\" \/><span style=\"color: #006633;font-weight: bold;text-transform:uppercase;\">Cl\u00faster: la uni\u00f3 que fa la for\u00e7a<\/span><br \/>\nEl Packaging Cl\u00faster \u00e9s un instrument efectiu per detectar i implementar estrat\u00e8gies comunes entre empreses que formen part d\u2019una mateixa cadena de valor i que comparteixen reptes comuns. En el cas del sector de l\u2019env\u00e0s i l\u2019embalatge, entre els objectius del seu cl\u00faster catal\u00e0 hi figuren: fomentar l\u2019R+D+i, potenciar la formaci\u00f3 a tots els nivells, fomentar projectes col\u2022laboratius i facilitar i incrementar el <i>networking<\/i> entre els seus socis. Uns socis que, en el cas dels m\u00e9s de 40 que conformen aquesta concentraci\u00f3 d\u2019empreses interconnectades, hi ha representants de tota la cadena de valor, tant multinacionals com Siemens, Nestl\u00e9, Dow o Henkel, com pimes locals com Enplater o Carinsa, a m\u00e9s de centres tecnol\u00f2gics com Leitat o IRTA. <\/p>\n<hr style=\"color: #b72126; size=\"20\"\" \/>\n<hr style=\"color: #b72126; size=\"20\"\" \/>\n<img decoding=\"async\" loading=\"lazy\" src=\"http:\/\/monempresarial.com\/wp-content\/uploads\/2015\/07\/mon-empresarial-002-packaging-foto.png\" alt=\"mon-empresarial-002-packaging-foto\" width=\"218\" height=\"156\" class=\"alignleft size-full wp-image-5985\" \/><span style=\"color: #006633;font-weight: bold;text-transform:uppercase;\">El t\u00e0ndem env\u00e0s-embalatge i universitat-empresa <\/span><br \/>\nSens dubte, el del <i>packaging<\/i> \u00e9s un sector on l\u2019R+D+i t\u00e9 una gran import\u00e0ncia, per\u00f2 es potencia prou la relaci\u00f3 universitat-empresa en aquest camp? El conseller d\u2019Empresa i Ocupaci\u00f3, Felip Puig, considera que \u201cl\u2019aven\u00e7 tecnol\u00f2gic que experimenta el sector, amb l\u2019aparici\u00f3 cont\u00ednua de nous materials i processos de fabricaci\u00f3, implica la necessitat de disposar de professionals formats en aquest \u00e0mbit\u201d. Per aix\u00f2, afegeix que \u201cper cobrir aquesta necessitat, existeix una oferta important de m\u00e0sters, postgraus i acreditacions professionals especialitzades impartides per la UPC amb la col\u2022laboraci\u00f3 del BIP (Barcelona Institute of Packaging), el Centre Tecnol\u00f2gic LEITAT (en proc\u00e9s d\u2019integraci\u00f3 a Eurecat), l\u2019IQS (URL) o IRTA, entre d\u2019altres\u201d. <\/p>\n<hr style=\"color: #b72126; size=\"20\"\" \/>\n","protected":false},"excerpt":{"rendered":"<p>Quin \u00e9s el pes i l\u2019impacte real del sector del <i>packaging<\/i> per a l\u2019economia catalana? Respon el Conseller d\u2019Empresa i Ocupaci\u00f3 de la Generalitat de Catalunya, Felip Puig.<\/p>\n","protected":false},"author":1,"featured_media":5990,"comment_status":"open","ping_status":"open","sticky":false,"template":"","format":"standard","meta":{"_mi_skip_tracking":false,"mc4wp_mailchimp_campaign":[],"jnews-multi-image_gallery":[],"jnews_single_post":[],"jnews_primary_category":[]},"categories":[10820,10821,10822,33,10,30],"tags":[112,116,892,893,894,895,896,897,898],"_links":{"self":[{"href":"https:\/\/www.monempresarial.com\/ca\/wp-json\/wp\/v2\/posts\/5976"}],"collection":[{"href":"https:\/\/www.monempresarial.com\/ca\/wp-json\/wp\/v2\/posts"}],"about":[{"href":"https:\/\/www.monempresarial.com\/ca\/wp-json\/wp\/v2\/types\/post"}],"author":[{"embeddable":true,"href":"https:\/\/www.monempresarial.com\/ca\/wp-json\/wp\/v2\/users\/1"}],"replies":[{"embeddable":true,"href":"https:\/\/www.monempresarial.com\/ca\/wp-json\/wp\/v2\/comments?post=5976"}],"version-history":[{"count":1,"href":"https:\/\/www.monempresarial.com\/ca\/wp-json\/wp\/v2\/posts\/5976\/revisions"}],"predecessor-version":[{"id":47240,"href":"https:\/\/www.monempresarial.com\/ca\/wp-json\/wp\/v2\/posts\/5976\/revisions\/47240"}],"wp:featuredmedia":[{"embeddable":true,"href":"https:\/\/www.monempresarial.com\/ca\/wp-json\/wp\/v2\/media\/5990"}],"wp:attachment":[{"href":"https:\/\/www.monempresarial.com\/ca\/wp-json\/wp\/v2\/media?parent=5976"}],"wp:term":[{"taxonomy":"category","embeddable":true,"href":"https:\/\/www.monempresarial.com\/ca\/wp-json\/wp\/v2\/categories?post=5976"},{"taxonomy":"post_tag","embeddable":true,"href":"https:\/\/www.monempresarial.com\/ca\/wp-json\/wp\/v2\/tags?post=5976"}],"curies":[{"name":"wp","href":"https:\/\/api.w.org\/{rel}","templated":true}]}}