{"id":6005,"date":"2015-08-03T07:00:17","date_gmt":"2015-08-03T05:00:17","guid":{"rendered":"http:\/\/monempresarial.com\/?p=6005"},"modified":"2025-09-16T12:21:44","modified_gmt":"2025-09-16T10:21:44","slug":"imaginacio-dedicacio-r-d-pimes","status":"publish","type":"post","link":"https:\/\/www.monempresarial.com\/ca\/2015\/08\/03\/imaginacio-dedicacio-r-d-pimes\/","title":{"rendered":"Imaginaci\u00f3 i dedicaci\u00f3: l&#8217;R+D de les pimes<\/span>"},"content":{"rendered":"<h4><span style=\"color: #602d11;\">Sens dubte la crisi econ\u00f2mica que estem encara vivint<img decoding=\"async\" loading=\"lazy\" class=\"alignright size-medium wp-image-6006\" src=\"http:\/\/monempresarial.com\/wp-content\/uploads\/2015\/07\/mon-empresarial-003-antoni-ca\u00f1ete-227x300.png\" alt=\"ANTONI CA\u00d1ETE. Secretari general de Pimec.\" width=\"227\" height=\"300\" srcset=\"https:\/\/www.monempresarial.com\/wp-content\/uploads\/2015\/07\/mon-empresarial-003-antoni-ca\u00f1ete-227x300.png 227w, https:\/\/www.monempresarial.com\/wp-content\/uploads\/2015\/07\/mon-empresarial-003-antoni-ca\u00f1ete.png 359w\" sizes=\"(max-width: 227px) 100vw, 227px\" \/> ha estat la m\u00e9s llarga i profunda de la nostra hist\u00f2ria recent. Si analitzem qui s&#8217;ha vist m\u00e9s afectat per la recessi\u00f3 a nivell empresarial, sembla que les petites i mitjanes empreses han estat les m\u00e9s castigades per la caiguda de demanda i la sequera credit\u00edcia.<\/span><\/h4>\n<h4><strong><span style=\"color: #663300; text-transform: uppercase;\">ANTONI CA\u00d1ETE.<\/span> <\/strong>Secretari general de Pimec.<\/h4>\n<hr style=\"color: #b72126;\" \/>\n<p><span style=\"color: #000000; font-weight: bold; text-transform: uppercase;\">Entre els anys 2008 i 2014, <\/span>quan s&#8217;entreveuen senyals de recuperaci\u00f3, es van destruir 250.000 petits negocis a Espanya, amb la seva nefasta repercussi\u00f3 sobre l&#8217;ocupaci\u00f3. Els concursos de creditors van assolir nivells m\u00e0xims durant aquests infaustos anys, encara que moltes pimes ni tan sols han pogut tancar de forma ordenada. La p\u00e8rdua de teixit productiu \u00e9s tan greu com la destrucci\u00f3 d&#8217;ocupaci\u00f3 que aquest fet genera.<\/p>\n<p>L&#8217;entorn general no ha ajudat precisament en aquests anys. Els impostos no han parat de pujar; sobretot les retencions i pagaments a compte, que han restat liquiditat a les empreses. Els costos de l&#8217;energia s&#8217;han disparat igualment, situant a Espanya en nivells r\u00e8cord a Europa. Els costos de personal nom\u00e9s s&#8217;han retallat per a col\u00b7lectius i situacions concretes, sense la rebaixa general de cotitzacions socials que se&#8217;ns havia prom\u00e8s.<\/p>\n<p>Les empreses que han sobreviscut segurament tenen bons productes, per\u00f2 sobretot han sabut adaptar-se al nou entorn i trobar f\u00f3rmules imaginatives per continuar. Estem davant d&#8217;un nou concepte d&#8217;intangible, l&#8217;aut\u00e8ntic R+D de les pimes: la imaginaci\u00f3 i la dedicaci\u00f3. Potser s&#8217;hagi de computar aquest concepte en els balan\u00e7os, com passa amb les patents i altres actius intangibles.<\/p>\n<hr style=\"color: #b72126;\" \/>\n<h4>Amb el desplegament dels nous programes europeus Horizon 2020 i Ris3, la innovaci\u00f3 torna al primer pla, posant el focus especial en les pimes. En l&#8217;anterior VII Programa Marc de la UE, les pimes van tenir-hi una participaci\u00f3 modesta (menys del 20%). Esperem que els nous programes siguin m\u00e9s generosos amb les pimes, per\u00f2 sobretot que l&#8217;entorn global millori perqu\u00e8 aquests empresaris, que s&#8217;han prodigat en imaginaci\u00f3 i dedicaci\u00f3, puguin ara cr\u00e9ixer, innovar i crear ocupaci\u00f3.<\/h4>\n","protected":false},"excerpt":{"rendered":"<p>Sens dubte la crisi econ\u00f2mica que estem encara vivint ha estat la m\u00e9s llarga i profunda de la nostra hist\u00f2ria recent. Si analitzem qui s&#8217;ha vist m\u00e9s afectat per la recessi\u00f3 a nivell empresarial, sembla que les petites i mitjanes empreses han estat les m\u00e9s castigades per la caiguda de demanda i la sequera credit\u00edcia.<\/p>\n","protected":false},"author":1,"featured_media":6008,"comment_status":"open","ping_status":"open","sticky":false,"template":"","format":"standard","meta":{"_mi_skip_tracking":false,"mc4wp_mailchimp_campaign":[],"jnews-multi-image_gallery":[],"jnews_single_post":[],"jnews_primary_category":[]},"categories":[11,10817,10833,37,41],"tags":[180,181,635,903,904,905,906,907],"_links":{"self":[{"href":"https:\/\/www.monempresarial.com\/ca\/wp-json\/wp\/v2\/posts\/6005"}],"collection":[{"href":"https:\/\/www.monempresarial.com\/ca\/wp-json\/wp\/v2\/posts"}],"about":[{"href":"https:\/\/www.monempresarial.com\/ca\/wp-json\/wp\/v2\/types\/post"}],"author":[{"embeddable":true,"href":"https:\/\/www.monempresarial.com\/ca\/wp-json\/wp\/v2\/users\/1"}],"replies":[{"embeddable":true,"href":"https:\/\/www.monempresarial.com\/ca\/wp-json\/wp\/v2\/comments?post=6005"}],"version-history":[{"count":2,"href":"https:\/\/www.monempresarial.com\/ca\/wp-json\/wp\/v2\/posts\/6005\/revisions"}],"predecessor-version":[{"id":47254,"href":"https:\/\/www.monempresarial.com\/ca\/wp-json\/wp\/v2\/posts\/6005\/revisions\/47254"}],"wp:featuredmedia":[{"embeddable":true,"href":"https:\/\/www.monempresarial.com\/ca\/wp-json\/wp\/v2\/media\/6008"}],"wp:attachment":[{"href":"https:\/\/www.monempresarial.com\/ca\/wp-json\/wp\/v2\/media?parent=6005"}],"wp:term":[{"taxonomy":"category","embeddable":true,"href":"https:\/\/www.monempresarial.com\/ca\/wp-json\/wp\/v2\/categories?post=6005"},{"taxonomy":"post_tag","embeddable":true,"href":"https:\/\/www.monempresarial.com\/ca\/wp-json\/wp\/v2\/tags?post=6005"}],"curies":[{"name":"wp","href":"https:\/\/api.w.org\/{rel}","templated":true}]}}