{"id":6053,"date":"2015-08-10T07:00:44","date_gmt":"2015-08-10T05:00:44","guid":{"rendered":"http:\/\/monempresarial.com\/?p=6053"},"modified":"2025-09-24T09:53:00","modified_gmt":"2025-09-24T07:53:00","slug":"responsabilitat-empreses-sobre-residus","status":"publish","type":"post","link":"https:\/\/www.monempresarial.com\/ca\/2015\/08\/10\/responsabilitat-empreses-sobre-residus\/","title":{"rendered":"La responsabilitat de les empreses sobre els residus"},"content":{"rendered":"<h4 style=\"color: #663300;\"><span style=\"color: #602d11;\">La responsabilitat administrativa que es pot derivar de<img decoding=\"async\" loading=\"lazy\" class=\"alignright size-medium wp-image-6054\" src=\"http:\/\/monempresarial.com\/wp-content\/uploads\/2015\/07\/mon-empresarial-003-josep-maria-tost-215x300.png\" alt=\"Josep Maria Tost. Director de l\u2019Ag\u00e8ncia de Residus de Catalunya.\" width=\"200\" height=\"279\" srcset=\"https:\/\/www.monempresarial.com\/wp-content\/uploads\/2015\/07\/mon-empresarial-003-josep-maria-tost-215x300.png 215w, https:\/\/www.monempresarial.com\/wp-content\/uploads\/2015\/07\/mon-empresarial-003-josep-maria-tost.png 359w\" sizes=\"(max-width: 200px) 100vw, 200px\" \/> l\u2019activitat de la gesti\u00f3 dels residus recau sobre la persona productora o posse\u00efdora dels mateixos, ja sigui persona f\u00edsica o jur\u00eddica, a qui el text ref\u00f3s de la Llei reguladora dels residus, aprovat pel Decret Legislatiu 1\/2009, de 21 de juliol, fa responsable de garantir la seva correcta gesti\u00f3.<\/span><\/h4>\n<h4><span style=\"color: #663300; font-weight: bold; text-transform: uppercase;\">JOSEP MARIA TOST. <\/span>Director de l\u2019Ag\u00e8ncia de Residus de Catalunya.<\/h4>\n<hr style=\"color: #b72126;\" \/>\n<p><span style=\"color: #000000; font-weight: bold; text-transform: uppercase;\">En aquest sentit, <\/span>la Llei estableix que les persones productores i posse\u00efdores dels residus estan obligades a garantir que les deixalles que generin o posseeixin es gestionin de manera correcta, \u00e9s a dir, d\u2019acord amb les prescripcions establertes a l\u2019esmentada norma i mitjan\u00e7ant una persona gestora autoritzada.<\/p>\n<p>Malgrat aix\u00f2, la problem\u00e0tica produ\u00efda per l\u2019abandonament de residus i\/o productes d\u2019empreses que cessen la seva activitat, i en alguns casos la conseq\u00fcent contaminaci\u00f3 del s\u00f2l, ha estat destacable a Catalunya. Com a cas paradigm\u00e0tic es pot citar el de la companyia DEMIMESA, de Sant Lloren\u00e7 d\u2019Hortons (Alt Pened\u00e8s), antiga empresa de recuperaci\u00f3 de bateries. L\u2019espai on s\u2019ubicava aquesta marca, molt deteriorat despr\u00e9s que l\u2019activitat acab\u00e9s l\u2019any 2005 amb l\u2019abandonament de gran quantitat de residus contaminants, ser\u00e0 recuperat ambientalment per l\u2019Ag\u00e8ncia de Residus de Catalunya amb fons econ\u00f2mics provinents del c\u00e0non de residus industrials, en paral\u00b7lel a la fase d\u2019apercebiment previ a l\u2019execuci\u00f3 subsidi\u00e0ria i al proc\u00e9s de reclamaci\u00f3 amb els responsables de l\u2019empresa.<\/p>\n<hr style=\"color: #b72126;\" \/>\n<h4>D\u2019aquest cas se n\u2019extreu la import\u00e0ncia i validesa de<img decoding=\"async\" loading=\"lazy\" class=\"alignleft size-medium wp-image-6056\" src=\"http:\/\/monempresarial.com\/wp-content\/uploads\/2015\/07\/mon-empresarial-003-recuperacio-demimesa-214x300.png\" alt=\"Recuperaci\u00f3 antic espai DEMIMESA\" width=\"214\" height=\"300\" srcset=\"https:\/\/www.monempresarial.com\/wp-content\/uploads\/2015\/07\/mon-empresarial-003-recuperacio-demimesa-214x300.png 214w, https:\/\/www.monempresarial.com\/wp-content\/uploads\/2015\/07\/mon-empresarial-003-recuperacio-demimesa.png 359w\" sizes=\"(max-width: 214px) 100vw, 214px\" \/> l\u2019actual model catal\u00e0 de gesti\u00f3 de residus industrials i, en especial, la necessitat que les activitats gestores de residus dipositin fiances abans d\u2019iniciar les activitats per garantir que, en cas d\u2019abandonament de residus o d\u2019afectaci\u00f3 al medi, es puguin realitzar les actuacions necess\u00e0ries de recuperaci\u00f3. Aquest tamb\u00e9 \u00e9s un exemple per entendre com l\u2019aplicaci\u00f3 del c\u00e0non de residus industrials, creat al 2014, pot ajudar a millorar l\u2019impacte ambiental derivat d\u2019aquests residus.<\/h4>\n<p>&nbsp;<\/p>\n<p>&nbsp;<\/p>\n<p>&nbsp;<\/p>\n","protected":false},"excerpt":{"rendered":"<p>La responsabilitat administrativa que es pot derivar de l\u2019activitat de la gesti\u00f3 dels residus recau sobre la persona productora o posse\u00efdora dels mateixos, ja sigui persona f\u00edsica o jur\u00eddica, a qui el text ref\u00f3s de la Llei reguladora dels residus, fa responsable de garantir la seva correcta gesti\u00f3. <\/p>\n","protected":false},"author":1,"featured_media":6058,"comment_status":"open","ping_status":"open","sticky":false,"template":"","format":"standard","meta":{"_mi_skip_tracking":false,"mc4wp_mailchimp_campaign":[],"jnews-multi-image_gallery":[],"jnews_single_post":[],"jnews_primary_category":[]},"categories":[11,10816,10848,37,924],"tags":[401,706,1174,1576,2752,6111,10943],"_links":{"self":[{"href":"https:\/\/www.monempresarial.com\/ca\/wp-json\/wp\/v2\/posts\/6053"}],"collection":[{"href":"https:\/\/www.monempresarial.com\/ca\/wp-json\/wp\/v2\/posts"}],"about":[{"href":"https:\/\/www.monempresarial.com\/ca\/wp-json\/wp\/v2\/types\/post"}],"author":[{"embeddable":true,"href":"https:\/\/www.monempresarial.com\/ca\/wp-json\/wp\/v2\/users\/1"}],"replies":[{"embeddable":true,"href":"https:\/\/www.monempresarial.com\/ca\/wp-json\/wp\/v2\/comments?post=6053"}],"version-history":[{"count":1,"href":"https:\/\/www.monempresarial.com\/ca\/wp-json\/wp\/v2\/posts\/6053\/revisions"}],"predecessor-version":[{"id":47349,"href":"https:\/\/www.monempresarial.com\/ca\/wp-json\/wp\/v2\/posts\/6053\/revisions\/47349"}],"wp:featuredmedia":[{"embeddable":true,"href":"https:\/\/www.monempresarial.com\/ca\/wp-json\/wp\/v2\/media\/6058"}],"wp:attachment":[{"href":"https:\/\/www.monempresarial.com\/ca\/wp-json\/wp\/v2\/media?parent=6053"}],"wp:term":[{"taxonomy":"category","embeddable":true,"href":"https:\/\/www.monempresarial.com\/ca\/wp-json\/wp\/v2\/categories?post=6053"},{"taxonomy":"post_tag","embeddable":true,"href":"https:\/\/www.monempresarial.com\/ca\/wp-json\/wp\/v2\/tags?post=6053"}],"curies":[{"name":"wp","href":"https:\/\/api.w.org\/{rel}","templated":true}]}}