{"id":607,"date":"2014-04-10T00:08:06","date_gmt":"2014-04-09T23:08:06","guid":{"rendered":"http:\/\/monempresarial.com\/?p=607"},"modified":"2015-01-19T20:11:28","modified_gmt":"2015-01-19T19:11:28","slug":"com-es-un-moros-professional","status":"publish","type":"post","link":"https:\/\/www.monempresarial.com\/ca\/2014\/04\/10\/com-es-un-moros-professional\/","title":{"rendered":"Com \u00e9s un mor\u00f3s professional?"},"content":{"rendered":"<h5>Aquesta \u00e9s la pregunta a la que respon Pere Brachfield, expert en morosologia, en el seu \u00faltim llibre, <em>An\u00e1lisis del moroso profesional<\/em>. El text d\u00f3na les claus per identificar a temps aquesta mena de deutors, que segons l\u2019autor, abunden a l\u2019estat espanyol, i evitar aix\u00ed donar-los cr\u00e8dit.<\/h5>\n<figure id=\"attachment_608\" aria-describedby=\"caption-attachment-608\" style=\"width: 600px\" class=\"wp-caption aligncenter\"><img decoding=\"async\" loading=\"lazy\" class=\"size-full wp-image-608\" title=\"Pere Brachfield, durant la presentaci\u00f3 del seu nou llibre a la seu de Pimec\" src=\"http:\/\/monempresarial.com\/wp-content\/uploads\/2014\/04\/monempresarial-152-pere-brachfield.png\" alt=\"Pere Brachfield, durant la presentaci\u00f3 del seu nou llibre a la seu de Pimec\" width=\"600\" height=\"308\" srcset=\"https:\/\/www.monempresarial.com\/wp-content\/uploads\/2014\/04\/monempresarial-152-pere-brachfield-300x154@2x.png 600w, https:\/\/www.monempresarial.com\/wp-content\/uploads\/2014\/04\/monempresarial-152-pere-brachfield-300x154.png 300w\" sizes=\"(max-width: 600px) 100vw, 600px\" \/><figcaption id=\"caption-attachment-608\" class=\"wp-caption-text\">Pere Brachfield, durant la presentaci\u00f3 del seu nou llibre a la seu de Pimec.\u00a0\u00a0\u00a0\u00a0\/\u00a0A.C.<\/figcaption><\/figure>\n<p style=\"text-align: right;\"><strong>Ariadna Cort\u00e9s<\/strong><\/p>\n<p>La morositat s\u2019ha agreujat a causa de la crisi, per\u00f2 ja abans constitu\u00efa un greu obstacle per al bon funcionament de l\u2019economia espanyola. I \u00e9s que segons Pere Brachfield, l\u2019\u00fanic moros\u00f2leg existent a Espanya, aquest \u00e9s un pa\u00eds de morosos professionals. Brachfield, un dels majors especialistes en la lluita contra la morositat i en la prevenci\u00f3 i recobrament d\u2019impagats, va presentar el passat mes de desembre a la seu de Pimec la seva darrera obra, <em>An\u00e1lisis del moroso profesional<\/em>, un text que sustenta la seva teoria en un estudi de la Comissi\u00f3 Europea (CE) sobre quines s\u00f3n les principals causes reals dels impagats empresarials a Europa. L\u2019informe assenyala, aix\u00ed, la intencionalitat (35%) com a primera causa de morositat, seguida de les dificultats financeres (23%), la inefic\u00e0cia administrativa (17%) i els litigis comercials (7%). El 18% restant s\u00f3n altres causes. \u201cEl document, per\u00f2, matisa que a Espanya la intencionalitat representa el 62% dels impagats, un 27% per sobre de la mitjana de la Uni\u00f3 Europea (UE)\u201d, ha subratllat Brachfield. Amb el seu llibre, doncs, l\u2019autor \u201cpret\u00e9n denunciar el mor\u00f3s professional explicant el seu origen, el per qu\u00e8 de la seva exist\u00e8ncia i el seu modus operandi. L\u2019objectiu principal \u00e9s donar pistes als empresaris perqu\u00e8 puguin detectar-los a temps i no donar-los cr\u00e8dit\u201d, detalla l\u2019autor.<\/p>\n<table style=\"background-color: #ffffff;\" border=\"1\">\n<tbody>\n<tr>\n<td width=\"305\"><em><em><br \/>\n<\/em><\/em><\/p>\n<h5>La sortida del laberint<\/h5>\n<p><strong><em>El cam\u00ed per superar la crisi creant llocs de treball decent<\/em><\/strong><\/td>\n<td rowspan=\"3\" valign=\"top\"><\/td>\n<td rowspan=\"3\" valign=\"top\">\n<h5>Homes de classe mitjana<\/h5>\n<p>Entre les moltes caracter\u00edstiques que descriu <em>An\u00e1lisis del moroso profesional<\/em> sobre aquesta mena de deutors es pot trobar el fet que neguen la seva condici\u00f3 de morosos, \u201cque el 90% s\u00f3n homes i que habitualment no s\u00f3n gent humil, treballadors, sin\u00f3 que provenen de la classe mitjana i tenen formaci\u00f3\u201d, afirma Brachfield.<br \/>\nL\u2019autor alerta, a m\u00e9s, del problema que suposa la morositat: \u201cAra estem en r\u00e8cord de morositat a Espanya\u201d, sost\u00e9. I tot i que admet que no hi ha dades fiables, ja que nom\u00e9s es coneixen les de les entitats financeres, l\u2019expert es planteja la seg\u00fcent pregunta: \u201cHem superat el 13% de morositat sobre cr\u00e8dit concedit, i si els bancs tenen aquest percentatge, quin deu ser el de les empreses?\u201d. Per a Brachfield, que t\u00e9 24 llibres publicats sobre morositat i impagats, la principal causa de l\u2019elevada taxa de morositat de l\u2019Estat espanyol \u00e9s que \u201cno es lluita en contra. La llei diu que s\u2019ha de pagar els prove\u00efdors en un m\u00e0xim de 60 dies despr\u00e9s de l\u2019entrega del material, per\u00f2 aix\u00f2 no es compleix perqu\u00e8 no existeix un r\u00e8gim sancionador\u201d, lamenta.<br \/>\nTot i voler ser un instrument de den\u00fancia, An\u00e1lisis del moroso profesional est\u00e0 escrit amb la ironia i el sentit de l\u2019humor caracter\u00edstics de l\u2019autor. \u201cPer a fer-lo m\u00e9s am\u00e8 i divertit, he incl\u00f2s un cap\u00edtol de morosos famosos i famosos morosos\u201d, afegeix. El rei d\u2019Espanya, Joan Carles I, hi apareix.<\/td>\n<\/tr>\n<tr>\n<td width=\"305\"><a href=\"http:\/\/monempresarial.com\/wp-content\/uploads\/2014\/04\/9788415735922_analisis-del-moroso-profesional.jpg\"><img decoding=\"async\" loading=\"lazy\" class=\"alignright size-full wp-image-629\" src=\"http:\/\/monempresarial.com\/wp-content\/uploads\/2014\/04\/9788415735922_analisis-del-moroso-profesional.jpg\" alt=\"An\u00e1lisis del moroso profesional\" width=\"300\" height=\"462\" srcset=\"https:\/\/www.monempresarial.com\/wp-content\/uploads\/2014\/04\/9788415735922_analisis-del-moroso-profesional.jpg 750w, https:\/\/www.monempresarial.com\/wp-content\/uploads\/2014\/04\/9788415735922_analisis-del-moroso-profesional-195x300.jpg 195w, https:\/\/www.monempresarial.com\/wp-content\/uploads\/2014\/04\/9788415735922_analisis-del-moroso-profesional-664x1024.jpg 664w, https:\/\/www.monempresarial.com\/wp-content\/uploads\/2014\/04\/9788415735922_analisis-del-moroso-profesional-195x300@2x.jpg 390w\" sizes=\"(max-width: 300px) 100vw, 300px\" \/><\/a><\/td>\n<\/tr>\n<tr>\n<td width=\"305\">Pere Brachfield<\/td>\n<\/tr>\n<tr>\n<td width=\"305\">336 p\u00e0gines<br \/>\nISBN: 978-84-15735-51-9<br \/>\nProfit Editorial<\/td>\n<\/tr>\n<\/tbody>\n<\/table>\n","protected":false},"excerpt":{"rendered":"<p>Aquesta \u00e9s la pregunta a la que respon Pere Brachfield, expert en morosologia, en el seu \u00faltim llibre, <em>An\u00e1lisis del moroso profesional<\/em>. El text d\u00f3na les claus per identificar a temps aquesta mena de deutors, que segons l\u2019autor, abunden a l\u2019estat espanyol, i evitar aix\u00ed donar-los cr\u00e8dit.<\/p>\n","protected":false},"author":1,"featured_media":609,"comment_status":"closed","ping_status":"open","sticky":false,"template":"","format":"standard","meta":{"_mi_skip_tracking":false,"mc4wp_mailchimp_campaign":[],"jnews-multi-image_gallery":[],"jnews_single_post":[],"jnews_primary_category":[]},"categories":[11,38],"tags":[],"_links":{"self":[{"href":"https:\/\/www.monempresarial.com\/ca\/wp-json\/wp\/v2\/posts\/607"}],"collection":[{"href":"https:\/\/www.monempresarial.com\/ca\/wp-json\/wp\/v2\/posts"}],"about":[{"href":"https:\/\/www.monempresarial.com\/ca\/wp-json\/wp\/v2\/types\/post"}],"author":[{"embeddable":true,"href":"https:\/\/www.monempresarial.com\/ca\/wp-json\/wp\/v2\/users\/1"}],"replies":[{"embeddable":true,"href":"https:\/\/www.monempresarial.com\/ca\/wp-json\/wp\/v2\/comments?post=607"}],"version-history":[{"count":0,"href":"https:\/\/www.monempresarial.com\/ca\/wp-json\/wp\/v2\/posts\/607\/revisions"}],"wp:featuredmedia":[{"embeddable":true,"href":"https:\/\/www.monempresarial.com\/ca\/wp-json\/wp\/v2\/media\/609"}],"wp:attachment":[{"href":"https:\/\/www.monempresarial.com\/ca\/wp-json\/wp\/v2\/media?parent=607"}],"wp:term":[{"taxonomy":"category","embeddable":true,"href":"https:\/\/www.monempresarial.com\/ca\/wp-json\/wp\/v2\/categories?post=607"},{"taxonomy":"post_tag","embeddable":true,"href":"https:\/\/www.monempresarial.com\/ca\/wp-json\/wp\/v2\/tags?post=607"}],"curies":[{"name":"wp","href":"https:\/\/api.w.org\/{rel}","templated":true}]}}