{"id":6115,"date":"2015-08-17T07:00:35","date_gmt":"2015-08-17T05:00:35","guid":{"rendered":"http:\/\/monempresarial.com\/?p=6115"},"modified":"2025-09-24T09:52:00","modified_gmt":"2025-09-24T07:52:00","slug":"treballadors-ciberseguretat-empresa","status":"publish","type":"post","link":"https:\/\/www.monempresarial.com\/ca\/2015\/08\/17\/treballadors-ciberseguretat-empresa\/","title":{"rendered":"Treballadors i ciberseguretat a l\u2019empresa"},"content":{"rendered":"<h4 style=\"color: #663300;\"><span style=\"color: #602d11;\">La majoria d\u2019empreses protegeixen la seguretat de les seves <img decoding=\"async\" loading=\"lazy\" class=\"alignright size-medium wp-image-6108\" src=\"http:\/\/monempresarial.com\/wp-content\/uploads\/2015\/07\/mon-empresarial-003-sergi-gil-244x300.png\" alt=\"Sergi Gil. Responsable de CyberSOC Academy de Deloitte a nivel internacional.\" width=\"200\" height=\"246\" srcset=\"https:\/\/www.monempresarial.com\/wp-content\/uploads\/2015\/07\/mon-empresarial-003-sergi-gil-244x300.png 244w, https:\/\/www.monempresarial.com\/wp-content\/uploads\/2015\/07\/mon-empresarial-003-sergi-gil.png 333w\" sizes=\"(max-width: 200px) 100vw, 200px\" \/>dades a la xarxa mitjan\u00e7ant la instal\u00b7laci\u00f3 d\u2019antivirus i tallafocs, actualitzant sempre els dispositius a les \u00faltimes versions o b\u00e9 fent c\u00f2pies de seguretat peri\u00f2diques.<\/span><br \/>\n<span style=\"color: #602d11;\"> No obstant aix\u00f2, fins al 66% dels ciberatacs es produeix fruit de neglig\u00e8ncies dels mateixos treballadors de la companyia, segons dades del Departament of Homeland Security dels EUA.<\/span><\/h4>\n<h4><span style=\"color: #663300; font-weight: bold; text-transform: uppercase;\">SERGI GIL. <\/span>Responsable de CyberSOC Academy de Deloitte a nivell internacional.<\/h4>\n<hr style=\"color: #b72126;\" \/>\n<p><span style=\"color: #000000; font-weight: bold; text-transform: uppercase;\">Tenir el m\u00f2bil enlla\u00e7at <\/span>amb el correu de l\u2019empresa i sense antivirus, connectar-se a xarxes Wi-Fi p\u00fabliques que no requereixen de cap contrasenya, o enviar informaci\u00f3 corporativa a sistemes d\u2019emmagatzematge personal al n\u00favol (qui no ha fet servir mai Dropbox o Google Drive per treballar des de casa?) s\u00f3n pr\u00e0ctiques habituals entre els empleats de moltes companyies i una porta d\u2019entrada als ciberatacs cada cop m\u00e9s habitual, especialment en el cas de les pimes. I \u00e9s que tal com denuncia la National Small Business Association, gaireb\u00e9 el 50% de les petites i mitjanes empreses s\u00f3n v\u00edctimes d\u2019aquests atacs. Perqu\u00e8, contr\u00e0riament al que recull el mite popular, els<i> black hats <\/i>(persones amb intencions malicioses) no nom\u00e9s dirigeixen la seva atenci\u00f3 envers les multinacionals. Les organitzacions m\u00e9s petites s\u00f3n un mercat molt suculent on \u00e9s habitual trobar-hi ordinadors sense bloquejar i on accedir a les dades personals dels treballadors (tamb\u00e9 mitjan\u00e7ant les xarxes socials) \u00e9s molt m\u00e9s f\u00e0cil.<\/p>\n<p>Prevenir aquesta via d\u2019entrada hauria de ser, doncs, una assignatura obligat\u00f2ria per a totes les empreses, comen\u00e7ant per oferir als empleats una bona formaci\u00f3 en mat\u00e8ria de ciberseguretat i establint certs protocols d\u2019actuaci\u00f3 per controlar, per exemple, l\u2019acc\u00e9s i l\u2019\u00fas dels dispositius corporatius o de les targetes de cr\u00e8dit de la companyia. No compartir <i>passwords <\/i>(quants treballadors no anoten en un <i>post-it<\/i> la seva contrasenya de l\u2019ordinador i el deixen a la vista de tothom!) i evitar incloure informaci\u00f3 compromesa del lloc de treball en el perfil de Facebook, per exemple, s\u00f3n altres mesures que es poden implementar des de l\u2019organitzaci\u00f3 per evitar l\u2019acc\u00e9s indesitjable a les seves dades.<\/p>\n<hr style=\"color: #b72126;\" \/>\n<h4>Els principals ciberatacs que reben les empreses es produeixen per algun tipus de neglig\u00e8ncia interna. En aquest sentit, la conscienciaci\u00f3 des dels directius fins als treballadors de tots nivells \u00e9s vital per pal\u00b7liar-ne al m\u00e0xim les conseq\u00fc\u00e8ncies. Establir una cultura de prevenci\u00f3 i protocols interns entre els empleats, per tant, no \u00e9s una opci\u00f3: \u00e9s un factor clau. Perqu\u00e8 els errors s\u00f3n inevitables i els treballadors s\u00f3n l\u2019actiu m\u00e9s vulnerable de les companyies.<\/h4>\n","protected":false},"excerpt":{"rendered":"<p>La majoria d\u2019empreses protegeixen la seguretat de les seves dades a la xarxa mitjan\u00e7ant la instal\u00b7laci\u00f3 d\u2019antivirus i tallafocs. N obstant aix\u00f2, fins al 66% dels ciberatacs es produeix fruit de neglig\u00e8ncies dels mateixos treballadors de la companyia.<\/p>\n","protected":false},"author":1,"featured_media":6107,"comment_status":"closed","ping_status":"closed","sticky":false,"template":"","format":"standard","meta":{"_mi_skip_tracking":false,"mc4wp_mailchimp_campaign":[],"jnews-multi-image_gallery":[],"jnews_single_post":[],"jnews_primary_category":[]},"categories":[11,10817,10833,952,37,4718],"tags":[10921,401,429,706,950,953,954,955,956,957,958,959,960,8240,10919,10920],"_links":{"self":[{"href":"https:\/\/www.monempresarial.com\/ca\/wp-json\/wp\/v2\/posts\/6115"}],"collection":[{"href":"https:\/\/www.monempresarial.com\/ca\/wp-json\/wp\/v2\/posts"}],"about":[{"href":"https:\/\/www.monempresarial.com\/ca\/wp-json\/wp\/v2\/types\/post"}],"author":[{"embeddable":true,"href":"https:\/\/www.monempresarial.com\/ca\/wp-json\/wp\/v2\/users\/1"}],"replies":[{"embeddable":true,"href":"https:\/\/www.monempresarial.com\/ca\/wp-json\/wp\/v2\/comments?post=6115"}],"version-history":[{"count":1,"href":"https:\/\/www.monempresarial.com\/ca\/wp-json\/wp\/v2\/posts\/6115\/revisions"}],"predecessor-version":[{"id":47346,"href":"https:\/\/www.monempresarial.com\/ca\/wp-json\/wp\/v2\/posts\/6115\/revisions\/47346"}],"wp:featuredmedia":[{"embeddable":true,"href":"https:\/\/www.monempresarial.com\/ca\/wp-json\/wp\/v2\/media\/6107"}],"wp:attachment":[{"href":"https:\/\/www.monempresarial.com\/ca\/wp-json\/wp\/v2\/media?parent=6115"}],"wp:term":[{"taxonomy":"category","embeddable":true,"href":"https:\/\/www.monempresarial.com\/ca\/wp-json\/wp\/v2\/categories?post=6115"},{"taxonomy":"post_tag","embeddable":true,"href":"https:\/\/www.monempresarial.com\/ca\/wp-json\/wp\/v2\/tags?post=6115"}],"curies":[{"name":"wp","href":"https:\/\/api.w.org\/{rel}","templated":true}]}}