{"id":6143,"date":"2015-08-24T07:00:07","date_gmt":"2015-08-24T05:00:07","guid":{"rendered":"http:\/\/monempresarial.com\/?p=6143"},"modified":"2025-09-16T12:22:49","modified_gmt":"2025-09-16T10:22:49","slug":"valors-esport-empresa","status":"publish","type":"post","link":"https:\/\/www.monempresarial.com\/ca\/2015\/08\/24\/valors-esport-empresa\/","title":{"rendered":"Els valors de \u2019esport a l\u2019empresa<\/span>"},"content":{"rendered":"<h4 style=\"color: #602d11;\">Fa m\u00e9s de 12 anys que em vaig retirar com a jugador<img decoding=\"async\" loading=\"lazy\" class=\"alignright size-medium wp-image-6146\" src=\"http:\/\/monempresarial.com\/wp-content\/uploads\/2015\/07\/mon-empresarial-003-ferran-martinez-238x300.png\" alt=\"Ferran Mart\u00ednez. Exjugador de b\u00e0squet i director general d\u2019Andbank Sports &amp; New Business. \" width=\"200\" height=\"252\" srcset=\"https:\/\/www.monempresarial.com\/wp-content\/uploads\/2015\/07\/mon-empresarial-003-ferran-martinez-238x300.png 238w, https:\/\/www.monempresarial.com\/wp-content\/uploads\/2015\/07\/mon-empresarial-003-ferran-martinez.png 293w\" sizes=\"(max-width: 200px) 100vw, 200px\" \/> professional de b\u00e0squet, tot i aix\u00f2, a vegades, mentre dormo, somio que estic entrenant o preparant un partit important. I \u00e9s que tot esportista professional t\u00e9 una rutina molt espec\u00edfica quan est\u00e0 competint, uns valors que tenen una clara aplicaci\u00f3 en el m\u00f3n empresarial i directiu.<\/h4>\n<h4><span style=\"color: #663300; font-weight: bold; text-transform: uppercase;\">Ferran Mart\u00ednez.<\/span> Exjugador de b\u00e0squet i director general d\u2019Andbank Sports &amp; New Business.<\/h4>\n<hr style=\"color: #b72126;\" \/>\n<p><span style=\"color: #000000; font-weight: bold; text-transform: uppercase;\">En el meu cas, <\/span>tant quan jugava al FC Barcelona, com al Joventut, al Panathinaikos o en uns Jocs Ol\u00edmpics, la meva vida girava al voltant d\u2019uns objectius molt concrets: guanyar totes les competicions, millorar f\u00edsica i t\u00e8cnicament el meu nivell per estar sempre en l\u2019elit del meu esport i contribuir amb el meu millor rendiment a assolir tots el \u00e8xits de l\u2019equip, a m\u00e9s de provar d\u2019innovar per fer coses diferents a la pista de b\u00e0squet. Fites que tots els esportistes tenim molt interioritzades perqu\u00e8, a m\u00e9s, sabem que quan un deixa d\u2019estar motivat al 100% \u00e9s quan s\u2019inicia la baixada de l\u2019alt rendiment.<\/p>\n<p>Malgrat tot, quan l\u2019any 2002 em vaig haver de retirar arran d\u2019una greu lesi\u00f3 de genoll (que em vaig fer mentre escalfava pel partit amist\u00f3s Catalunya-Cro\u00e0cia al costat d\u00b4uns joves jugadors com Pau Gasol o Joan Carles Navarro), tot i no estar mentalment preparat per a una retirada for\u00e7ada, s\u00ed que em sentia satisfet del fet d\u2019haver tingut una carrera esportiva llarga, no haver deixat mai d\u2019estudiar i haver viscut experi\u00e8ncies a altres pa\u00efsos, com a Gr\u00e8cia o a It\u00e0lia. I vaig visualitzar la import\u00e0ncia d\u2019afegir els valors de l\u2019esport \u2013com ara la disciplina, la capacitat de patiment, el joc en equip, la superaci\u00f3 d\u2019adversitats, l\u2019optimisme o els h\u00e0bits diaris\u2013 a una formaci\u00f3 financera i de creaci\u00f3 d\u2019empreses, que \u00e9s el que faig ara.<\/p>\n<hr style=\"color: #b72126;\" \/>\n<h4>En el m\u00f3n actual on tot gira a tanta velocitat, el directiu d\u2019una empresa \u2013de la mateixa manera que un esportista d\u2019elit\u2013 ha d\u2019estar preparat per adaptar-se als canvis de forma proactiva i ha d\u2019apostar per un lideratge col\u00b7laboratiu: ha d\u2019escoltar molt i s\u2019ha d\u2019envoltar del major talent possible. A m\u00e9s, ha d\u2019estar obert a reinventar-se constantment i a treballar en equip. Caracter\u00edstiques, aquestes, que no s\u00f3n incompatibles amb l\u2019orientaci\u00f3 als resultats, que \u00e9s el m\u00e9s important.<\/h4>\n","protected":false},"excerpt":{"rendered":"<p>Tot esportista professional t\u00e9 una rutina molt espec\u00edfica quan est\u00e0 competint, uns valors que tenen una clara aplicaci\u00f3 en el m\u00f3n empresarial i directiu. <\/p>\n","protected":false},"author":1,"featured_media":6144,"comment_status":"open","ping_status":"open","sticky":false,"template":"","format":"standard","meta":{"_mi_skip_tracking":false,"mc4wp_mailchimp_campaign":[],"jnews-multi-image_gallery":[],"jnews_single_post":[],"jnews_primary_category":[]},"categories":[980,10830,11,10817,37],"tags":[7483,11059,11067,11068,180,401,560,706,879,1956,2161,2848,3491,6121],"_links":{"self":[{"href":"https:\/\/www.monempresarial.com\/ca\/wp-json\/wp\/v2\/posts\/6143"}],"collection":[{"href":"https:\/\/www.monempresarial.com\/ca\/wp-json\/wp\/v2\/posts"}],"about":[{"href":"https:\/\/www.monempresarial.com\/ca\/wp-json\/wp\/v2\/types\/post"}],"author":[{"embeddable":true,"href":"https:\/\/www.monempresarial.com\/ca\/wp-json\/wp\/v2\/users\/1"}],"replies":[{"embeddable":true,"href":"https:\/\/www.monempresarial.com\/ca\/wp-json\/wp\/v2\/comments?post=6143"}],"version-history":[{"count":1,"href":"https:\/\/www.monempresarial.com\/ca\/wp-json\/wp\/v2\/posts\/6143\/revisions"}],"predecessor-version":[{"id":47256,"href":"https:\/\/www.monempresarial.com\/ca\/wp-json\/wp\/v2\/posts\/6143\/revisions\/47256"}],"wp:featuredmedia":[{"embeddable":true,"href":"https:\/\/www.monempresarial.com\/ca\/wp-json\/wp\/v2\/media\/6144"}],"wp:attachment":[{"href":"https:\/\/www.monempresarial.com\/ca\/wp-json\/wp\/v2\/media?parent=6143"}],"wp:term":[{"taxonomy":"category","embeddable":true,"href":"https:\/\/www.monempresarial.com\/ca\/wp-json\/wp\/v2\/categories?post=6143"},{"taxonomy":"post_tag","embeddable":true,"href":"https:\/\/www.monempresarial.com\/ca\/wp-json\/wp\/v2\/tags?post=6143"}],"curies":[{"name":"wp","href":"https:\/\/api.w.org\/{rel}","templated":true}]}}