{"id":6342,"date":"2015-10-06T10:27:33","date_gmt":"2015-10-06T08:27:33","guid":{"rendered":"http:\/\/monempresarial.com\/?p=6342"},"modified":"2025-09-24T09:50:19","modified_gmt":"2025-09-24T07:50:19","slug":"entrevista-miguel-arias-canete-comissari-europeu-energia-accio-clima","status":"publish","type":"post","link":"https:\/\/www.monempresarial.com\/ca\/2015\/10\/06\/entrevista-miguel-arias-canete-comissari-europeu-energia-accio-clima\/","title":{"rendered":"Entrevista a Miguel Arias Ca\u00f1ete<\/span>, comissari europeu d&#8217;Energia i Acci\u00f3 pel Clima"},"content":{"rendered":"<h4>La tensa relaci\u00f3 entre R\u00fassia i Ucra\u00efna i la Confer\u00e8ncia de Nacions Unides sobre el Canvi Clim\u00e0tic a Par\u00eds han posat l&#8217;energia en el focus de l&#8217;escenari europeu. Miguel Arias Ca\u00f1ete, dues vegades ministre espanyol d&#8217;Agricultura, Alimentaci\u00f3 i Medi Ambient, aix\u00ed com veter\u00e0 eurodiputat (1986-1999), \u00e9s ara el responsable de la pol\u00edtica energ\u00e8tica i acci\u00f3 pel clima de la Uni\u00f3 Europea. Des que va ocupar el seu c\u00e0rrec el passat novembre, diu que &#8220;ha recorregut mig m\u00f3n en visites de treball&#8221; ja que t\u00e9 una agenda marcada per un ritme trepidant. Parlem amb ell.<\/h4>\n<h4>Text: <a style=\"color: #719f8c;\" href=\"http:\/\/monempresarial.com\/author\/bmanrique\/\">Beatriz Manrique. Brussel\u00b7les<\/a><br \/>\nFotos: <a style=\"color: #719f8c;\">Comissi\u00f3 Europea<\/a><\/h4>\n<hr style=\"color: #b72126;\" \/>\n<blockquote>\n<h2 style=\"color: #719f8c;\">&#8220;A curt i mitj\u00e0 termini R\u00fassia continuar\u00e0 sent un dels nostres principals prove\u00efdors [energ\u00e8tics] gaireb\u00e9 amb tota probabilitat&#8221;<\/h2>\n<\/blockquote>\n<p><span style=\"color: #719f8c; font-weight: bold;\">Tot just va ser nomenat comissari, va haver de lidiar amb socis com R\u00fassia, que proveeix al voltant del 30% del gas europeu. La Uni\u00f3 vol reduir aquesta depend\u00e8ncia. Qu\u00e8 est\u00e0 fent per assegurar altres opcions de subministrament?<\/span><br \/>\nLes opcions per reduir la depend\u00e8ncia de prove\u00efdors \u00fanics com R\u00fassia s\u00f3n nombroses. La m\u00e9s immediata \u00e9s la diversificaci\u00f3 de l&#8217;oferta. Per aconseguir-ho \u00e9s necessari diversificar tant les fonts d&#8217;energia com les rutes i els prove\u00efdors. He viatjat a pa\u00efsos com Alg\u00e8ria o Noruega per redoblar la cooperaci\u00f3 amb ells.<br \/>\nAix\u00ed mateix, la construcci\u00f3 d&#8217;infraestructures energ\u00e8tiques, com ara el gasoducte Southern Gas Corridor [Corredor Meridional de Gas], ens ajudaran a augmentar la nostra independ\u00e8ncia energ\u00e8tica. L&#8217;efici\u00e8ncia energ\u00e8tica tamb\u00e9 pot jugar al nostre favor de manera decisiva. Al cap i a la fi, no hi ha energia m\u00e9s barata i m\u00e9s segura que la que no consumim.<\/p>\n<p><span style=\"color: #719f8c; font-weight: bold;\">Llavors, \u00bf\u00e9s viable que R\u00fassia deixi de ser un soci energ\u00e8tic clau per als Vint-i-vuit?<\/span><br \/>\nNo podem esperar un canvi dram\u00e0tic i instantani en la configuraci\u00f3 dels fluxos energ\u00e8tics a Europa. A curt i mitj\u00e0 termini R\u00fassia continuar\u00e0 sent un dels nostres principals prove\u00efdors gaireb\u00e9 amb tota probabilitat.<\/p>\n<p><img decoding=\"async\" loading=\"lazy\" class=\" wp-image-16005 aligncenter\" src=\"http:\/\/monempresarial.com\/wp-content\/uploads\/2015\/10\/ok2.jpg\" alt=\"\" width=\"609\" height=\"406\" srcset=\"https:\/\/www.monempresarial.com\/wp-content\/uploads\/2015\/10\/ok2.jpg 4579w, https:\/\/www.monempresarial.com\/wp-content\/uploads\/2015\/10\/ok2-300x200.jpg 300w, https:\/\/www.monempresarial.com\/wp-content\/uploads\/2015\/10\/ok2-1024x683.jpg 1024w, https:\/\/www.monempresarial.com\/wp-content\/uploads\/2015\/10\/ok2-252x167.jpg 252w, https:\/\/www.monempresarial.com\/wp-content\/uploads\/2015\/10\/ok2-300x200@2x.jpg 600w, https:\/\/www.monempresarial.com\/wp-content\/uploads\/2015\/10\/ok2-1024x683@2x.jpg 2048w, https:\/\/www.monempresarial.com\/wp-content\/uploads\/2015\/10\/ok2-252x167@2x.jpg 504w\" sizes=\"(max-width: 609px) 100vw, 609px\" \/><\/p>\n<p><span style=\"color: #719f8c; font-weight: bold;\">Ha llan\u00e7at la Uni\u00f3 de l&#8217;Energia, una iniciativa ambiciosa que impulsar\u00e0 noves interconnexions entre estats membres. Quins beneficis tindr\u00e0?<\/span><br \/>\nEvitar\u00e0 crisis de subministrament com les que han tingut lloc els \u00faltims anys. Augmentar\u00e0 la solidaritat entre els estats membres a trav\u00e9s de plataformes de cooperaci\u00f3 regional. Un exemple \u00e9s la interconnexi\u00f3 el\u00e8ctrica entre Fran\u00e7a i Espanya. Al mes de febrer vam aconseguir duplicar la capacitat d&#8217;intercanvi el\u00e8ctric entre els dos pa\u00efsos amb la construcci\u00f3 de la l\u00ednia de Molt Alta Tensi\u00f3 pels Pirineus orientals. La interconnexi\u00f3 de gas Midcat \u00e9s tamb\u00e9 un projecte essencial per a la diversificaci\u00f3 de rutes de prove\u00efment a Europa. En l&#8217;\u00e0mbit de l&#8217;electricitat, continuarem treballant per assolir el m\u00ednim de 10% d&#8217;interconnexi\u00f3 el\u00e8ctrica en el 2020. Estem finan\u00e7ant estudis de viabilitat del cable submar\u00ed Espanya-Fran\u00e7a pel Golf de Biscaia i la identificaci\u00f3 de nous projectes pels Pirineus centrals.<\/p>\n<p><span style=\"color: #719f8c; font-weight: bold;\">La Uni\u00f3 s&#8217;ha marcat com a objectiu que un 20% de l&#8217;energia que consumeixi provingui de les renovables. No obstant aix\u00f2, el sector es queixa d&#8217;incertesa (especialment a Espanya). Com est\u00e0 apostant la UE per aquestes fonts?<\/span><br \/>\nEl president de la Comissi\u00f3 ha deixat clar que Europa ha de ser el n\u00famero u en renovables. Comparteixo plenament aquesta ambici\u00f3 i estic treballant per fer-la realitat. No nom\u00e9s estem en el bon cam\u00ed per aconseguir el 20% el 2020, sin\u00f3 que ja hem establert un objectiu de com a m\u00ednim el 27% pel 2030. A mitjans de la meva legislatura presentar\u00e9 un ambici\u00f3s paquet de renovables que doni coher\u00e8ncia a la nostra acci\u00f3 i que permeti un desenvolupament harmoni\u00f3s i progressiu de les renovables a tota la Uni\u00f3 Europea. Aquest esfor\u00e7 requerir\u00e0 tamb\u00e9 inversi\u00f3 en innovaci\u00f3.<\/p>\n<blockquote>\n<h2 style=\"color: #719f8c;\">&#8220;El marc europeu d&#8217;energia nuclear \u00e9s el m\u00e9s avan\u00e7at del m\u00f3n, tamb\u00e9 en termes de seguretat. Dit aix\u00f2, els estats membres s\u00f3n lliures de decidir el seu mix energ\u00e8tic, i qualsevol opci\u00f3 \u00e9s leg\u00edtima.&#8221;<\/h2>\n<\/blockquote>\n<p><span style=\"color: #719f8c; font-weight: bold;\">Alemanya vol m\u00e9s renovables, per\u00f2, tamb\u00e9, eliminar l&#8217;energia nuclear per al 2020 despr\u00e9s de la pol\u00e8mica de Fukushima. Com est\u00e0 millorant la UE la seguretat de les centrals?<\/span><br \/>\nLa cat\u00e0strofe de Fukushima va suposar un toc d&#8217;atenci\u00f3 sobre la seguretat de les centrals nuclears. La Uni\u00f3 Europea va dur a terme tests d&#8217;estr\u00e8s entre 2011 i 2012 que va passar amb nota. Les conclusions d&#8217;aquestes proves van cristal\u00b7litzar en la revisi\u00f3 de la Directiva de Seguretat Nuclear de 2009 per refor\u00e7ar el poder i la independ\u00e8ncia de les autoritats reguladores nacionals, estar en millor posici\u00f3 per prevenir accidents, evitar emissions radioactives i elevar el grau de transpar\u00e8ncia i implicaci\u00f3 de la poblaci\u00f3 en assumptes de seguretat nuclear. La UE ha refor\u00e7at significativament el seu lideratge mundial en l&#8217;\u00e0mbit de la seguretat nuclear.<\/p>\n<p><img decoding=\"async\" loading=\"lazy\" class=\" wp-image-16004 aligncenter\" src=\"http:\/\/monempresarial.com\/wp-content\/uploads\/2015\/10\/ok1.jpg\" alt=\"\" width=\"641\" height=\"426\" srcset=\"https:\/\/www.monempresarial.com\/wp-content\/uploads\/2015\/10\/ok1.jpg 4279w, https:\/\/www.monempresarial.com\/wp-content\/uploads\/2015\/10\/ok1-300x199.jpg 300w, https:\/\/www.monempresarial.com\/wp-content\/uploads\/2015\/10\/ok1-1024x681.jpg 1024w, https:\/\/www.monempresarial.com\/wp-content\/uploads\/2015\/10\/ok1-252x167.jpg 252w, https:\/\/www.monempresarial.com\/wp-content\/uploads\/2015\/10\/ok1-300x199@2x.jpg 600w, https:\/\/www.monempresarial.com\/wp-content\/uploads\/2015\/10\/ok1-1024x681@2x.jpg 2048w, https:\/\/www.monempresarial.com\/wp-content\/uploads\/2015\/10\/ok1-252x167@2x.jpg 504w\" sizes=\"(max-width: 641px) 100vw, 641px\" \/><\/p>\n<p><span style=\"color: #719f8c; font-weight: bold;\">Considera, llavors, l&#8217;energia nuclear una opci\u00f3 segura?<\/span><br \/>\nEl marc europeu d&#8217;energia nuclear \u00e9s el m\u00e9s avan\u00e7at del m\u00f3n, tamb\u00e9 en termes de seguretat. Dit aix\u00f2, els estats membres s\u00f3n lliures de decidir el seu mix energ\u00e8tic, i qualsevol opci\u00f3 \u00e9s leg\u00edtima.<\/p>\n<p><span style=\"color: #719f8c; font-weight: bold;\">La Cimera de Nacions Unides sobre el Canvi Clim\u00e0tic a Fran\u00e7a est\u00e0 a tocar. La UE ha prom\u00e8s baixar un 40% les emissions pel 2030. \u00c9s optimista respecte a aconseguir un comprom\u00eds global?<\/span><br \/>\nPar\u00eds ser\u00e0 un moment clau per definir uns objectius a nivell global. La Uni\u00f3 Europea ha estat molt ambiciosa en els seus objectius, i els nostres socis internacionals han d&#8217;intentar ser igual d&#8217;ambiciosos i assumir la seva part de responsabilitat. El canvi clim\u00e0tic \u00e9s un problema que ens afecta a tots, no t\u00e9 sentit actuar per separat.<br \/>\n\u00c9s el moment que les noves pot\u00e8ncies emergents se sumin. Els pa\u00efsos del G-20, com la Xina, que tenen un paper fonamental en l&#8217;economia global, han de reflectir la seva rellev\u00e0ncia tamb\u00e9 en el terreny del canvi clim\u00e0tic. A m\u00e9s, la UE est\u00e0 disposada a prestar la seva ajuda als pa\u00efsos menys desenvolupats perqu\u00e8 se sumin a l&#8217;acord. Par\u00eds ha de ser un \u00e8xit, i la UE ja est\u00e0 fent tot el possible perqu\u00e8 aix\u00ed sigui.<\/p>\n<p><span style=\"color: #719f8c; font-weight: bold;\">Llegeix tamb\u00e9:\u00a0<a href=\"http:\/\/monempresarial.com\/2015\/10\/07\/europa-desaprofita-potencial-renovables-2\/\" target=\"_blank\" rel=\"noopener noreferrer\">Europa desaprofita el potencial de les renovables<\/a><\/span><\/p>\n","protected":false},"excerpt":{"rendered":"<p>La tensa relaci\u00f3 entre R\u00fassia i Ucra\u00efna i la Confer\u00e8ncia de Nacions Unides sobre el Canvi Clim\u00e0tic a Par\u00eds han posat l&#8217;energia en el focus de l&#8217;escenari europeu. Miguel Arias Ca\u00f1ete, dues vegades ministre espanyol d&#8217;Agricultura, Alimentaci\u00f3 i Medi Ambient, aix\u00ed com veter\u00e0 eurodiputat (1986-1999), \u00e9s ara el responsable de la pol\u00edtica energ\u00e8tica i acci\u00f3 pel clima de la Uni\u00f3 Europea. Des que va ocupar el seu c\u00e0rrec el passat novembre, diu que &#8220;ha recorregut mig m\u00f3n en visites de treball&#8221; ja que t\u00e9 una agenda marcada per un ritme trepidant. Parlem amb ell.<\/p>\n","protected":false},"author":1,"featured_media":16006,"comment_status":"open","ping_status":"open","sticky":false,"template":"","format":"standard","meta":{"_mi_skip_tracking":false,"mc4wp_mailchimp_campaign":[],"jnews-multi-image_gallery":[],"jnews_single_post":[],"jnews_primary_category":[]},"categories":[9,10839,10815,10843,19],"tags":[142,611,737,1050,1051,1052,1053,1054],"_links":{"self":[{"href":"https:\/\/www.monempresarial.com\/ca\/wp-json\/wp\/v2\/posts\/6342"}],"collection":[{"href":"https:\/\/www.monempresarial.com\/ca\/wp-json\/wp\/v2\/posts"}],"about":[{"href":"https:\/\/www.monempresarial.com\/ca\/wp-json\/wp\/v2\/types\/post"}],"author":[{"embeddable":true,"href":"https:\/\/www.monempresarial.com\/ca\/wp-json\/wp\/v2\/users\/1"}],"replies":[{"embeddable":true,"href":"https:\/\/www.monempresarial.com\/ca\/wp-json\/wp\/v2\/comments?post=6342"}],"version-history":[{"count":1,"href":"https:\/\/www.monempresarial.com\/ca\/wp-json\/wp\/v2\/posts\/6342\/revisions"}],"predecessor-version":[{"id":47341,"href":"https:\/\/www.monempresarial.com\/ca\/wp-json\/wp\/v2\/posts\/6342\/revisions\/47341"}],"wp:featuredmedia":[{"embeddable":true,"href":"https:\/\/www.monempresarial.com\/ca\/wp-json\/wp\/v2\/media\/16006"}],"wp:attachment":[{"href":"https:\/\/www.monempresarial.com\/ca\/wp-json\/wp\/v2\/media?parent=6342"}],"wp:term":[{"taxonomy":"category","embeddable":true,"href":"https:\/\/www.monempresarial.com\/ca\/wp-json\/wp\/v2\/categories?post=6342"},{"taxonomy":"post_tag","embeddable":true,"href":"https:\/\/www.monempresarial.com\/ca\/wp-json\/wp\/v2\/tags?post=6342"}],"curies":[{"name":"wp","href":"https:\/\/api.w.org\/{rel}","templated":true}]}}