{"id":6537,"date":"2015-10-09T11:18:14","date_gmt":"2015-10-09T09:18:14","guid":{"rendered":"http:\/\/monempresarial.com\/?p=6537"},"modified":"2025-06-06T10:50:31","modified_gmt":"2025-06-06T08:50:31","slug":"parlament-catalunya","status":"publish","type":"post","link":"https:\/\/www.monempresarial.com\/ca\/2015\/10\/09\/parlament-catalunya\/","title":{"rendered":"Parlament de Catalunya.<\/span> La veu dels catalans"},"content":{"rendered":"<h4><img decoding=\"async\" loading=\"lazy\" class=\"size-full wp-image-6579 alignright\" src=\"http:\/\/monempresarial.com\/wp-content\/uploads\/2015\/10\/mon-empresarial-003-presidenta-parlament.png\" alt=\"mon-empresarial-003-presidenta-parlament\" width=\"400\" height=\"116\" srcset=\"https:\/\/www.monempresarial.com\/wp-content\/uploads\/2015\/10\/mon-empresarial-003-presidenta-parlament.png 400w, https:\/\/www.monempresarial.com\/wp-content\/uploads\/2015\/10\/mon-empresarial-003-presidenta-parlament-300x87.png 300w\" sizes=\"(max-width: 400px) 100vw, 400px\" \/>Com a \u00f2rgan representatiu del poble, el Parlament ocupa una posici\u00f3 central en el sistema institucional de l&#8217;autogovern de Catalunya. La seva principal missi\u00f3 \u00e9s legislar, impulsar i controlar l\u2019acci\u00f3 pol\u00edtica del Govern de la Generalitat.<\/h4>\n<h4>Text: <a style=\"color: #ae0f09;\" href=\"http:\/\/monempresarial.com\/author\/omajo\/\">Olivia Maj\u00f3<\/a><br \/>\nFotos: <span style=\"color: #ae0f09;\">Parlament de Catalunya<\/span><\/h4>\n<hr style=\"color: #b72126;\" \/>\n<p><img decoding=\"async\" loading=\"lazy\" class=\"alignright wp-image-6568\" src=\"http:\/\/monempresarial.com\/wp-content\/uploads\/2015\/10\/mon-empresarial-003-parlament-catala1.png\" alt=\"mon-empresarial-003-parlament-catala\" width=\"466\" height=\"313\" srcset=\"https:\/\/www.monempresarial.com\/wp-content\/uploads\/2015\/10\/mon-empresarial-003-parlament-catala1.png 450w, https:\/\/www.monempresarial.com\/wp-content\/uploads\/2015\/10\/mon-empresarial-003-parlament-catala1-300x201.png 300w\" sizes=\"(max-width: 466px) 100vw, 466px\" \/><span style=\"color: #ae0f09; font-weight: bold; text-transform: uppercase;\">Per trobar l\u2019origen de la tradici\u00f3 parlament\u00e0ria a Catalunya ens hem de remuntar fins al segle XI,<\/span> quan es van crear les assemblees de la pau i treva. Formades per representants de l\u2019Esgl\u00e9sia, la noblesa i el poble, s\u2019encarregaven d\u2019aprovar mesures per garantir per\u00edodes de calma enmig de les cont\u00ednues guerres entre senyors feudals. Tamb\u00e9 prenien acords de car\u00e0cter fiscal, que fomentaven l\u2019activitat comercial i van facilitar l\u2019aparici\u00f3 de viles i mercats.<br \/>\nAl segle XI neix tamb\u00e9 la Cort comtal, convertida en les Corts Generals de Catalunya al segle XII. La integraven alts representants civils i eclesi\u00e0stics, consellers i jutges. Tenia potestat jur\u00eddica i ajudava el monarca a prendre decisions.<br \/>\nAmb la caiguda de Barcelona l\u2019any 1714, el Decret de Nova Planta de Felip V va abolir tot el dret p\u00fablic catal\u00e0 i les institucions encarregades de desenvolupar-lo. L\u2019autogovern, institucionalitzat en la Generalitat de Catalunya, no es va recuperar fins a la proclamaci\u00f3 de la Segona Rep\u00fablica.<\/p>\n<p><span style=\"color: #ae0f09; font-weight: bold; text-transform: uppercase;\">Anys convulsos<\/span><br \/>\nEl 20 de novembre del 1932 van tenir lloc les primeres eleccions al Parlament, presidit per Llu\u00eds Companys. La instituci\u00f3 va haver de treballar en un context molt convuls i va veure interrompuda la seva feina durant dos anys (1934-1936). En caure la Rep\u00fablica espanyola l\u2019any 1939, el Parlament i la resta d\u2019\u00f2rgans de la Generalitat van ser novament abolits i, durant la dictadura franquista, les aspiracions d\u2019autogovern del poble catal\u00e0 van quedar completament truncades.<\/p>\n<p><span style=\"color: #ae0f09; font-weight: bold; text-transform: uppercase;\">Restabliment<\/span><br \/>\nL\u2019any 1977, per\u00f2, amb el retorn del president Josep Tarradellas de l\u2019exili, es va recuperar provisionalment la Generalitat, que va quedar definitivament restablerta un cop aprovada la Constituci\u00f3 espanyola (1978) i l&#8217;Estatut d&#8217;autonomia de Catalunya (1979). Finalment, el 20 de mar\u00e7 del 1980 es van celebrar les primeres eleccions al Parlament catal\u00e0, que restablien l\u2019activitat parlament\u00e0ria.<\/p>\n<blockquote>\n<h2 style=\"color: #ae0f09;\">El 20 de novembre del 1932 van tenir lloc les primeres eleccions al Parlament, presidit per Llu\u00eds Companys<\/h2>\n<\/blockquote>\n<p><span style=\"color: #ae0f09; font-weight: bold; text-transform: uppercase;\">En menys de 100 paraules<\/span><\/p>\n<ul>\n<li><b>Grup parlamentari:<\/b> equival al partit pol\u00edtic o coalici\u00f3 electoral. \u00c9s l\u2019encarregat de convertir el seu programa en iniciatives parlament\u00e0ries. Per formar grup cal un m\u00ednim de cinc membres, escollits per circumscripcions diferents.<\/li>\n<li><b>Grup mixt:<\/b> l\u2019integren els diputats pertanyents a un partit que no ha obtingut prou representants per crear grup propi.<\/li>\n<li><b>Mesa del Parlament:<\/b> ordena el treball parlamentari i interpreta el reglament.<\/li>\n<li><b>Ple del Parlament:<\/b> tots els diputats reunits en sessi\u00f3 debaten q\u00fcestions que s\u00f3n compet\u00e8ncia de la cambra.<\/li>\n<li><b>Comissions:<\/b> grups redu\u00efts de diputats, especialitzats en una mat\u00e8ria, que reprodueixen proporcionalment la distribuci\u00f3 de grups del ple.<\/li>\n<\/ul>\n<div style=\"background-color: #ae0f09; text-align: center;\"><span style=\"color: #ffffff; font-weight: bold; font-size: 20px;\">Entrevista a<\/span> <span style=\"color: #000000; font-weight: bold; font-size: 20px;\">N\u00faria de Gispert, presidenta del Parlament de Catalunya<\/span><\/div>\n<p><img decoding=\"async\" loading=\"lazy\" class=\"alignright wp-image-6577\" src=\"http:\/\/monempresarial.com\/wp-content\/uploads\/2015\/10\/mon-empresarial-003-nuria-gispert.png\" alt=\"mon-empresarial-003-nuria-gispert\" width=\"274\" height=\"229\" srcset=\"https:\/\/www.monempresarial.com\/wp-content\/uploads\/2015\/10\/mon-empresarial-003-nuria-gispert.png 300w, https:\/\/www.monempresarial.com\/wp-content\/uploads\/2015\/10\/mon-empresarial-003-nuria-gispert-72x60.png 72w, https:\/\/www.monempresarial.com\/wp-content\/uploads\/2015\/10\/mon-empresarial-003-nuria-gispert-72x60@2x.png 144w\" sizes=\"(max-width: 274px) 100vw, 274px\" \/><span style=\"color: #ae0f09; font-weight: bold;\">\u00c9s la primera dona que presideix la cambra catalana. Creu que aquest fet li ha representat un avantatge o un inconvenient?<\/span><br \/>\nAl llarg dels cinc anys de la meva presid\u00e8ncia, he fet \u00e8mfasi en la promoci\u00f3 dels drets de les dones, del talent femen\u00ed, de pol\u00edtiques de paritat i de conciliaci\u00f3. Tret d\u2019algun cas molt a\u00efllat de masclisme, no he sentit que ser dona m\u2019hagi perjudicat ni m\u2019hagi afavorit a la meva feina.<\/p>\n<p><span style=\"color: #ae0f09; font-weight: bold;\">Quines han de ser les principals qualitats que ha de tenir una persona per presidir el Parlament?<\/span><br \/>\nHa de tenir capacitat d\u2019interlocuci\u00f3 i entesa, tarann\u00e0 moderat i molta equanimitat. A m\u00e9s, cal adoptar un perfil institucional, absolutament allunyat de posicions sect\u00e0ries i de picabaralles pol\u00edtiques.<\/p>\n<p><span style=\"color: #ae0f09; font-weight: bold;\">De tots els moments viscuts al capdavant de la instituci\u00f3, quin recorda especialment?<\/span><br \/>\nHi ha hagut moments dif\u00edcils, d\u2019altres molt emotius i transcendentals. A t\u00edtol personal, destacaria la meva presa de possessi\u00f3. No m\u2019hi trobava sola. M\u2019hi acompanyaven totes les dones catalanes que han lluitat per la dignitat, pels nostres drets i la nostra pres\u00e8ncia a la vida p\u00fablica, aix\u00ed com les nostres filles i n\u00e9tes, que veuran una societat plenament equitativa, justa i equilibrada.<\/p>\n<p><span style=\"color: #ae0f09; font-weight: bold;\">Com valora l\u2019aprovaci\u00f3 de la llei de transpar\u00e8ncia?<\/span><br \/>\nRepresenta un salt qualitatiu molt important de cara a combatre els punts d\u2019opacitat del sistema que podien emparar pr\u00e0ctiques poc o gens adequades.<\/p>\n<p><span style=\"color: #ae0f09; font-weight: bold;\">I en quin punt es troba el proc\u00e9s d\u2019elaboraci\u00f3 de la nova llei electoral pr\u00f2pia?<\/span><br \/>\nVa superar el debat al ple el 6 de maig. Espero que puguem aprovar-la en aquest tram final de la legislatura, encara que sigui parcialment, perqu\u00e8 tamb\u00e9 servir\u00e0 per millorar la vinculaci\u00f3 amb la ciutadania i el retiment de comptes dels diputats i els partits.<\/p>\n<p><span style=\"color: #ae0f09; font-weight: bold;\">Com va viure la compareixen\u00e7a de l\u2019expresident Jordi Pujol al Parlament?<\/span><br \/>\nAmb molta tristesa, fins i tot desconcert. Sap greu que una persona que ha fet tant per Catalunya i per la democr\u00e0cia vegi tacada la seva traject\u00f2ria per uns fets que s\u00f3n rebutjables, i tamb\u00e9 que hi hagi qui s\u2019hi acarnissi.<\/p>\n<blockquote>\n<h2 style=\"color: #626366;\">\u201cReivindico una manera de fer pol\u00edtica constructiva, de di\u00e0leg i pacte.\u201d<\/h2>\n<\/blockquote>\n<p><span style=\"color: #ae0f09; font-weight: bold;\">Els darrers anys el Parlament ha viscut moments molt intensos. Ha notat m\u00e9s crispaci\u00f3 aquesta legislatura?<\/span><br \/>\nL\u2019actual est\u00e0 essent m\u00e9s tranquil\u00b7la que l\u2019anterior, que va viure episodis greus de tensions i molta crispaci\u00f3. Es va encavalcar el punt \u00e0lgid de la crisi amb el desenvolupament del proc\u00e9s pel dret de decidir, que va provocar la consolidaci\u00f3 de posicions antag\u00f2niques i molt bel\u00b7ligerants.<\/p>\n<p><span style=\"color: #ae0f09; font-weight: bold;\">Creu que gr\u00e0cies al proc\u00e9s sobiranista els catalans se senten m\u00e9s implicats en la vida pol\u00edtica?<\/span><br \/>\nS\u00ed, ha servit perqu\u00e8 una part important de la poblaci\u00f3 tingui molta esperan\u00e7a en la possibilitat de millorar la situaci\u00f3 nacional, social, cultural i econ\u00f2mica de Catalunya, i que s\u2019involucri d\u2019una manera il\u00b7lusionada en campanyes c\u00edviques i esdeveniments multitudinaris al voltant del dret de decidir dels catalans.<\/p>\n<p><span style=\"color: #ae0f09; font-weight: bold;\">Una de les prioritats del Parlament \u00e9s que la societat participi m\u00e9s activament en tot el que es fa dins la cambra.<\/span><br \/>\nS\u00ed, fem moltes actuacions per obrir-nos a la societat. Destacaria l\u2019oferta educativa o el Canal Parlament, que permet que l\u2019activitat parlament\u00e0ria entri a les llars en temps real. D\u2019altra banda, a l\u2019espai Esc\u00f3 136 de la web els ciutadans poden fer aportacions, comentaris o suggeriments sobre els projectes i les proposicions de llei que s&#8217;estan tramitant.<\/p>\n<p><span style=\"color: #ae0f09; font-weight: bold;\">Per acabar, com valora la situaci\u00f3 econ\u00f2mica de Catalunya, avui?<\/span><br \/>\nVull ser moderadament optimista pel que fa a la situaci\u00f3 econ\u00f2mica actual de Catalunya i a les seves perspectives, amb el convenciment que el pitjor ja ha passat i que, tot i les moltes ferides que queden encara per guarir, tenim un futur millor al nostre abast.<\/p>\n","protected":false},"excerpt":{"rendered":"<p>Com a \u00f2rgan representatiu del poble, el Parlament ocupa una posici\u00f3 central en el sistema institucional de l&#8217;autogovern de Catalunya. La seva principal missi\u00f3 \u00e9s legislar, impulsar i controlar l\u2019acci\u00f3 pol\u00edtica del Govern de la Generalitat.<\/p>\n","protected":false},"author":30,"featured_media":6549,"comment_status":"open","ping_status":"open","sticky":false,"template":"","format":"standard","meta":{"_mi_skip_tracking":false,"mc4wp_mailchimp_campaign":[],"jnews-multi-image_gallery":[],"jnews_single_post":[],"jnews_primary_category":[]},"categories":[9,10820,10821,10825,21],"tags":[1067,1068,1069,1070,1071,1072,1073,1074,1075,116],"_links":{"self":[{"href":"https:\/\/www.monempresarial.com\/ca\/wp-json\/wp\/v2\/posts\/6537"}],"collection":[{"href":"https:\/\/www.monempresarial.com\/ca\/wp-json\/wp\/v2\/posts"}],"about":[{"href":"https:\/\/www.monempresarial.com\/ca\/wp-json\/wp\/v2\/types\/post"}],"author":[{"embeddable":true,"href":"https:\/\/www.monempresarial.com\/ca\/wp-json\/wp\/v2\/users\/30"}],"replies":[{"embeddable":true,"href":"https:\/\/www.monempresarial.com\/ca\/wp-json\/wp\/v2\/comments?post=6537"}],"version-history":[{"count":1,"href":"https:\/\/www.monempresarial.com\/ca\/wp-json\/wp\/v2\/posts\/6537\/revisions"}],"predecessor-version":[{"id":46305,"href":"https:\/\/www.monempresarial.com\/ca\/wp-json\/wp\/v2\/posts\/6537\/revisions\/46305"}],"wp:featuredmedia":[{"embeddable":true,"href":"https:\/\/www.monempresarial.com\/ca\/wp-json\/wp\/v2\/media\/6549"}],"wp:attachment":[{"href":"https:\/\/www.monempresarial.com\/ca\/wp-json\/wp\/v2\/media?parent=6537"}],"wp:term":[{"taxonomy":"category","embeddable":true,"href":"https:\/\/www.monempresarial.com\/ca\/wp-json\/wp\/v2\/categories?post=6537"},{"taxonomy":"post_tag","embeddable":true,"href":"https:\/\/www.monempresarial.com\/ca\/wp-json\/wp\/v2\/tags?post=6537"}],"curies":[{"name":"wp","href":"https:\/\/api.w.org\/{rel}","templated":true}]}}