{"id":654,"date":"2014-04-22T07:00:37","date_gmt":"2014-04-22T05:00:37","guid":{"rendered":"http:\/\/monempresarial.com\/?p=654"},"modified":"2015-01-19T20:10:14","modified_gmt":"2015-01-19T19:10:14","slug":"llibres-la-sortida-del-laberint-el-cami-per-superar-la-crisi-creant-llocs-de-treball-decent","status":"publish","type":"post","link":"https:\/\/www.monempresarial.com\/ca\/2014\/04\/22\/llibres-la-sortida-del-laberint-el-cami-per-superar-la-crisi-creant-llocs-de-treball-decent\/","title":{"rendered":"Llibres: <em>La sortida del laberint. El cam\u00ed per superar la crisi creant llocs de treball decent<\/em>"},"content":{"rendered":"<table border=\"1\" bordercolor=\"#000000\" style=\"background-color:#FFFFFF\">\n<tr>\n<td width=\"305\" cellpadding=\"3\" cellspacing=\"3\"><em><\/p>\n<h5>La sortida del laberint<\/h5>\n<p><strong>El cam\u00ed per superar la crisi creant llocs de treball decent<\/strong><\/em><\/td>\n<td rowspan=\"3\" valign=\"top\" cellpadding=\"10\" cellspacing=\"10\"><\/td>\n<td rowspan=\"3\" valign=\"top\" cellpadding=\"10\" cellspacing=\"10\">Miquel Puig desmunta els t\u00f2pics sobre la crisi actual: la cobd\u00edcia dels banquers, la crisi financera, la bombolla immobili\u00e0ria i la regulaci\u00f3 laboral no s\u00f3n els culpables dels actuals \u00edndexs insostenibles d\u2019atur. I \u00e9s que a partir de l\u2019an\u00e0lisi de les traject\u00f2ries dels diferents pa\u00efsos de l\u2019Europa occidental i de les diverses comunitats aut\u00f2nomes, <em>La sortida del laberint<\/em> mostra que hi ha dos models de societat: les que creen els llocs de treball que necessiten i les que creen molts llocs de treball per\u00f2, paradoxalment, tenen cada cop m\u00e9s atur.<\/p>\n<p>Malauradament, Catalunya est\u00e0 esdevenint una de les segones. I per saber per qu\u00e8 i qu\u00e8 hem de fer per corregir-ho, cal llegir les 256 p\u00e0gines d\u2019aquest assaig que defensa que la crisi actual no \u00e9s econ\u00f2mica sin\u00f3 pol\u00edtica, i que el que ens cal no s\u00f3n benintencionades actituds <em>business friendly<\/em>, combatre el frac\u00e0s escolar o apostes per la \u201csocietat del coneixement\u201d, sin\u00f3 deixar de fer el que hem fet des de la Transici\u00f3: gestionar el pa\u00eds sense saber on anem.<\/td>\n<\/tr>\n<tr>\n<td width=\"305\" cellpadding=\"3\" cellspacing=\"3\"><a href=\"http:\/\/monempresarial.com\/wp-content\/uploads\/2014\/04\/la-sortida-del-laberint_9788429771565.png\"><img decoding=\"async\" loading=\"lazy\" src=\"http:\/\/monempresarial.com\/wp-content\/uploads\/2014\/04\/la-sortida-del-laberint_9788429771565.png\" alt=\"La sortida del laberint\" width=\"300\" height=\"460\" class=\"alignright size-full wp-image-650\" srcset=\"https:\/\/www.monempresarial.com\/wp-content\/uploads\/2014\/04\/la-sortida-del-laberint_9788429771565.png 600w, https:\/\/www.monempresarial.com\/wp-content\/uploads\/2014\/04\/la-sortida-del-laberint_9788429771565-196x300.png 196w, https:\/\/www.monempresarial.com\/wp-content\/uploads\/2014\/04\/la-sortida-del-laberint_9788429771565-196x300@2x.png 392w\" sizes=\"(max-width: 300px) 100vw, 300px\" \/><\/a><\/td>\n<\/tr>\n<tr>\n<td width=\"305\" cellpadding=\"3\" cellspacing=\"3\">Miquel Puig Raposo<\/td>\n<\/tr>\n<tr>\n<td width=\"305\" cellpadding=\"3\" cellspacing=\"3\">256 p\u00e0gines<br \/>\nISBN: 978-84-297-7156-5<br \/>\nCol\u00b7lecci\u00f3: Llibres a l&#8217;Abast<br \/>\nEdicions 62<\/td>\n<\/tr>\n<\/table>\n","protected":false},"excerpt":{"rendered":"<p>Hi ha dos models de societat: les que creen els llocs de treball que necessiten i les que creen molts llocs de treball per\u00f2, paradoxalment, tenen cada cop m\u00e9s atur. Malauradament, Catalunya est\u00e0 esdevenint una de les segones.<\/p>\n","protected":false},"author":1,"featured_media":650,"comment_status":"closed","ping_status":"open","sticky":false,"template":"","format":"standard","meta":{"_mi_skip_tracking":false,"mc4wp_mailchimp_campaign":[],"jnews-multi-image_gallery":[],"jnews_single_post":[],"jnews_primary_category":[]},"categories":[11,38],"tags":[],"_links":{"self":[{"href":"https:\/\/www.monempresarial.com\/ca\/wp-json\/wp\/v2\/posts\/654"}],"collection":[{"href":"https:\/\/www.monempresarial.com\/ca\/wp-json\/wp\/v2\/posts"}],"about":[{"href":"https:\/\/www.monempresarial.com\/ca\/wp-json\/wp\/v2\/types\/post"}],"author":[{"embeddable":true,"href":"https:\/\/www.monempresarial.com\/ca\/wp-json\/wp\/v2\/users\/1"}],"replies":[{"embeddable":true,"href":"https:\/\/www.monempresarial.com\/ca\/wp-json\/wp\/v2\/comments?post=654"}],"version-history":[{"count":0,"href":"https:\/\/www.monempresarial.com\/ca\/wp-json\/wp\/v2\/posts\/654\/revisions"}],"wp:featuredmedia":[{"embeddable":true,"href":"https:\/\/www.monempresarial.com\/ca\/wp-json\/wp\/v2\/media\/650"}],"wp:attachment":[{"href":"https:\/\/www.monempresarial.com\/ca\/wp-json\/wp\/v2\/media?parent=654"}],"wp:term":[{"taxonomy":"category","embeddable":true,"href":"https:\/\/www.monempresarial.com\/ca\/wp-json\/wp\/v2\/categories?post=654"},{"taxonomy":"post_tag","embeddable":true,"href":"https:\/\/www.monempresarial.com\/ca\/wp-json\/wp\/v2\/tags?post=654"}],"curies":[{"name":"wp","href":"https:\/\/api.w.org\/{rel}","templated":true}]}}