{"id":6657,"date":"2015-10-13T12:34:19","date_gmt":"2015-10-13T10:34:19","guid":{"rendered":"http:\/\/monempresarial.com\/?p=6657"},"modified":"2025-09-24T09:49:28","modified_gmt":"2025-09-24T07:49:28","slug":"frau-atur-nens-pobres-per-que-espanya-no-es-suecia","status":"publish","type":"post","link":"https:\/\/www.monempresarial.com\/ca\/2015\/10\/13\/frau-atur-nens-pobres-per-que-espanya-no-es-suecia\/","title":{"rendered":"Frau, atur i nens pobres. Per qu\u00e8 Espanya no \u00e9s Su\u00e8cia?"},"content":{"rendered":"<h4>El frau fiscal <img decoding=\"async\" loading=\"lazy\" class=\"alignright size-full wp-image-6687\" src=\"http:\/\/monempresarial.com\/wp-content\/uploads\/2015\/10\/mon-emprsarial-003-xavier-torrens1.png\" alt=\"mon-emprsarial-003-xavier-torrens\" width=\"200\" height=\"160\" \/>trenca l\u2019estat del benestar dels pa\u00efsos mediterranis. La cultura de l\u2019opacitat fiscal s\u2019hi troba massa generalitzada: des de les corrupteles de l\u2019estudiant que es cola al metro o el cambrer que cisa al bar fins a la corrupci\u00f3 de l\u2019empresari que suborna un pol\u00edtic que es deixa fer, o viceversa.<\/h4>\n<h4><span style=\"color: #ae0f09;\"><a style=\"color: #ae0f09;\" href=\"http:\/\/monempresarial.com\/author\/xtorrens\/\">XAVIER TORRENS.<\/a><\/span> Professor de Ci\u00e8ncia Pol\u00edtica a la UB i soci\u00f2leg<\/h4>\n<hr style=\"color: #b72126;\" \/>\n<p><b>MALGRAT TENIR MOLTS<\/b> recursos naturals, l\u2019Argentina no \u00e9s el Jap\u00f3 (que no t\u00e9 gaireb\u00e9 mat\u00e8ries primeres). I encara que tots dos disposen de petroli, Noruega \u00e9s un pa\u00eds ric i Vene\u00e7uela, no. El primer, t\u00e9 poc atur i pobresa infantil perqu\u00e8 \u2013entre d\u2019altres factors\u2013 t\u00e9 poques corrupteles; el segon, en canvi, t\u00e9 molt atur i pobresa infantil per l\u2019alta corrupci\u00f3. I \u00e9s que la ra\u00f3 de la difer\u00e8ncia entre molts estats rics i pobres rau en el fet de tenir o no una cultura pol\u00edtica de corrupci\u00f3 amb institucions pol\u00edtiques i econ\u00f2miques extractives.<br \/>\nEn aquest sentit, colpeix saber que a M\u00e8xic es pot vendre, comprar \u2013o heretar\u2013 la pla\u00e7a de mestre per treballar en una escola. O que \u2013carai!\u2013 hi ha casos de docents morts la fam\u00edlia dels quals continua cobrant el seu salari. Ara b\u00e9, si la societat mexicana no funciona gens b\u00e9, llavors \u00e9s del tot l\u00f2gic que les seves institucions rutllin malament, i viceversa.<br \/>\nEvidentment, els pol\u00edtics en si mateixos no s\u00f3n persones m\u00e9s corruptes que la resta dels humans. Amb tot, tenen m\u00e9s poder per corrompre o ser corromputs, com passa, per exemple, a la s\u00e8rie de televisi\u00f3 <i>House of Cards<\/i>.<\/p>\n<p><span style=\"color: #999999; text-transform: uppercase; font-weight: bold;\">VAL\u00c8NCIA, MOSTRA FEFAENT<\/span><br \/>\nAra agafem el Pa\u00eds Valenci\u00e0 com a bot\u00f3 de mostra fidedigne de corrupci\u00f3 propera. El Govern auton\u00f2mic ha rebut la primera multa de la hist\u00f2ria de la Uni\u00f3 Europea per falsejar estad\u00edstiques de deute i d\u00e8ficit cometent opacitat fiscal: va amagar sistem\u00e0ticament factures durant m\u00e9s d\u2019un quart de segle. I la pregunta \u00e9s: creiem realment que aquesta corrupci\u00f3 estesa a les institucions pol\u00edtiques valencianes no guarda cap mena de relaci\u00f3 amb la corrupci\u00f3 present tamb\u00e9 en la pr\u00f2pia societat?<br \/>\nPer respondre a aquest interrogant, fixem-nos detalladament en els nombrosos casos valencians de corrupci\u00f3, com ara el cas Brugal, Cooperaci\u00f3, Emarsa, Fabra, G\u00fcrtel, Hern\u00e1ndez Mateo, Imelsa, Ivex, Mercalicante, N\u00f3os, Rabassa, Terra M\u00edtica, Valmor Sports i Vela. Prop d\u2019una quinzena d\u2019expedients on hi estan implicats m\u00e9s d\u2019un centenar de pol\u00edtics d\u2019un sol partit, el PP, per\u00f2 que no serien factibles sense els almenys tres-cents funcionaris, empresaris i familiars que van coadjuvar a corrompre. A m\u00e9s, aquests pol\u00edtics van rebre el suport electoral dels seus votants en m\u00e9s d\u2019una ocasi\u00f3. Per tant, tot plegat est\u00e0 imbricat.<\/p>\n<p><img decoding=\"async\" loading=\"lazy\" class=\"aligncenter size-full wp-image-6672\" src=\"http:\/\/monempresarial.com\/wp-content\/uploads\/2015\/10\/mon-empresarial-003-espanya-atur1.png\" alt=\"Espanya encap\u00e7ala l'atur a la Uni\u00f3 Europea\" width=\"500\" height=\"718\" srcset=\"https:\/\/www.monempresarial.com\/wp-content\/uploads\/2015\/10\/mon-empresarial-003-espanya-atur1.png 500w, https:\/\/www.monempresarial.com\/wp-content\/uploads\/2015\/10\/mon-empresarial-003-espanya-atur1-209x300.png 209w, https:\/\/www.monempresarial.com\/wp-content\/uploads\/2015\/10\/mon-empresarial-003-espanya-atur1-209x300@2x.png 418w\" sizes=\"(max-width: 500px) 100vw, 500px\" \/><span style=\"color: #999999; text-transform: uppercase; font-weight: bold;\">TAPAR-SE LES VERGONYES<\/span><br \/>\nUn tic funest d\u2019aquesta cultura pol\u00edtica, a m\u00e9s, \u00e9s que els pol\u00edtics s\u00f3n molt entusiastes a l\u2019hora de denunciar la corrupci\u00f3 dels altres, mentre que s\u2019amaguen o no fan res de res quan els pertoca retre comptes a ells mateixos. I aqu\u00ed cap partit de cap ideologia pol\u00edtica no est\u00e0 net de culpa. Entre d\u2019altres, els casos Millet i Pallerols afecten CiU. ERC t\u00e9 condemnat a pres\u00f3 l\u2019exconseller de Governaci\u00f3, que feia contraban de tabac a Andorra. El PSC ha fet <i>qui dia passa, any empeny<\/i> amb els casos Pret\u00f2ria, a Santa Coloma de Gramenet, i Mercuri, a Sabadell i Montcada i Reixac. ICV-EUiA present\u00e0 alcaldables quan encara estaven imputats. Izquierda Unida t\u00e9 imputat l\u2019alcalde de Rivas-Vaciamadrid, per\u00f2 la formaci\u00f3 pol\u00edtica fa la vista grossa. I l\u2019exportaveu de Ciutadans fou imputat per frau a Hisenda i despr\u00e9s premiat com a assessor al Parlament Europeu\u2026 En lloc de tapar-se les vergonyes, m\u00e9s aviat caldria que totes les formacions pol\u00edtiques prenguin les mesures adients per resoldre el problema general.<\/p>\n<blockquote>\n<h2 style=\"color: #999999;\">Canviar\u00edem la cultura pol\u00edtica si ens adon\u00e9ssim que la corrupci\u00f3 \u00e9s determinant en la multiplicaci\u00f3 de l\u2019atur i la pobresa infantil. Les corrupteles tomben els fonaments fiscals de l\u2019estat del benestar<\/h2>\n<\/blockquote>\n<p>Perqu\u00e8 amb declaracions sup\u00e8rflues tot dient que \u201cacatem les decisions judicials\u201d, \u201cdesitgem que la just\u00edcia sigui r\u00e0pida\u201d o que \u201ccal respectar la presumpci\u00f3 d\u2019innoc\u00e8ncia\u201d no n\u2019hi ha prou. Amb perd\u00f3, aquest \u00e9s un discurs pol\u00edtic passat de moda. A sobre, \u00faltimament s\u2019han presentat propostes parlament\u00e0ries que pretenen fer encara m\u00e9s opac el proc\u00e9s pol\u00edtic. Un exemple \u00e9s el suggeriment que als imputats se\u2019ls anomeni eufem\u00edsticament <i>investigats<\/i> o que es prohibeixi als mitjans de comunicaci\u00f3 l\u2019exhibici\u00f3 d\u2019imatges del moment de la seva detenci\u00f3 policial. Un fet que esdev\u00e9 irritant per a bona part de la ciutadania.<\/p>\n<p><span style=\"color: #999999; text-transform: uppercase; font-weight: bold;\">CATALUNYA NO \u00c9S DINAMARCA<\/span><br \/>\nQue Espanya no \u00e9s Su\u00e8cia, aix\u00f2 ja ho sab\u00edem. Amb Andalusia al capdavant, les 17 comunitats aut\u00f2nomes i les dues ciutats aut\u00f2nomes espanyoles es troben entre les 50 regions amb m\u00e9s atur de la Uni\u00f3 Europea. Per\u00f2 cal recordar que Catalunya (amb un 20,3% d\u2019atur) tampoc no \u00e9s Dinamarca (6,6%).<br \/>\nHo podria ser, \u00e9s clar. Per\u00f2 per aconseguir-ho, la pol\u00edtica catalana necessita un revulsiu c\u00edvic, de la mateixa manera que tamb\u00e9 s\u2019escau un canvi en la societat civil. Nom\u00e9s a Catalunya hi ha 764 processos judicials oberts relacionats amb el frau fiscal. Aquest gir, per\u00f2, no pot venir d\u2019un partit que es cregui que duu la salvaci\u00f3, sin\u00f3 de les pol\u00edtiques p\u00fabliques de tots els partits. Nom\u00e9s cal haver vist al canal televisiu 3\/24 les sopor\u00edferes intervencions de la Comissi\u00f3 d&#8217;Investigaci\u00f3 sobre el Frau i l&#8217;Evasi\u00f3 Fiscals i les Pr\u00e0ctiques de Corrupci\u00f3 Pol\u00edtica, del Parlament de Catalunya, per adonar-se que s\u00f3n nombrosos els pol\u00edtics que no albiren l\u2019abast del problema ni vinculen l\u2019opacitat fiscal amb els greus drames socials de la ciutadania, com ara l\u2019atur i la pobresa infantil.<\/p>\n<blockquote><p><img decoding=\"async\" loading=\"lazy\" class=\"alignright size-full wp-image-6664\" src=\"http:\/\/monempresarial.com\/wp-content\/uploads\/2015\/10\/mon-empresarial-003-nens-pobres.png\" alt=\"Espanya no \u00e9s Su\u00e8cia\" width=\"300\" height=\"378\" srcset=\"https:\/\/www.monempresarial.com\/wp-content\/uploads\/2015\/10\/mon-empresarial-003-nens-pobres.png 300w, https:\/\/www.monempresarial.com\/wp-content\/uploads\/2015\/10\/mon-empresarial-003-nens-pobres-238x300.png 238w\" sizes=\"(max-width: 300px) 100vw, 300px\" \/><\/p>\n<h2 style=\"color: #999999;\">Espanya, amb un 24,3% d\u2019atur, es pot permetre els fitxatges del Reial Madrid? I Catalunya, amb un 20,3% de desocupaci\u00f3, pot gaudir de l\u2019equip\u00e0s del Bar\u00e7a? Per qu\u00e8 no esclata la corrupci\u00f3 en el futbol, com a la FIFA?<\/h2>\n<\/blockquote>\n<p>La gent o entitats com C\u00e0ritas s\u00ed que senten la connexi\u00f3 entre les pen\u00faries per arribar a finals de mes i que hi hagi alguns alts c\u00e0rrecs que s\u2019embutxaquin el que no els pertoca. Espanya, Gr\u00e8cia, It\u00e0lia i Portugal acumulen el major nombre de regions europees amb major atur. Sens dubte, en els pa\u00efsos de la Mediterr\u00e0nia, les retallades a l\u2019estat <img decoding=\"async\" loading=\"lazy\" class=\"alignleft size-full wp-image-6666\" src=\"http:\/\/monempresarial.com\/wp-content\/uploads\/2015\/10\/mon-empresarial-003-nens-pobresa.png\" alt=\"Taxa de neness i nens sota llindar de la pobresa\" width=\"300\" height=\"951\" srcset=\"https:\/\/www.monempresarial.com\/wp-content\/uploads\/2015\/10\/mon-empresarial-003-nens-pobresa.png 300w, https:\/\/www.monempresarial.com\/wp-content\/uploads\/2015\/10\/mon-empresarial-003-nens-pobresa-95x300.png 95w, https:\/\/www.monempresarial.com\/wp-content\/uploads\/2015\/10\/mon-empresarial-003-nens-pobresa-95x300@2x.png 190w\" sizes=\"(max-width: 300px) 100vw, 300px\" \/>del benestar en bona mesura s\u00f3n degudes a l\u2019elevada corrupci\u00f3 i frau fiscal.<\/p>\n<p><span style=\"color: #999999; text-transform: uppercase; font-weight: bold;\">PER QU\u00c8 FRACASSEN ELS PA\u00cfSOS?<\/span><br \/>\nFa uns quants anys, el Premi Nobel d\u2019Economia indi Amartya Sen va desmuntar el fals mite que afirmava que les millores socioecon\u00f2miques portarien cap a la democr\u00e0cia, quan all\u00f2 que succeeix realment \u00e9s el contrari: \u00e9s la democr\u00e0cia la que aporta millores socioecon\u00f2miques. Doncs b\u00e9, amb la corrupci\u00f3 passa tres quarts del mateix. Una democr\u00e0cia m\u00e9s avan\u00e7ada amb institucions m\u00e9s inclusives ens duria a tenir menys corrupci\u00f3 i, de retruc, menys atur i menys pobresa infantil.<br \/>\nArribats aqu\u00ed, doncs, fora bo llegir el llibre d\u2019Acemoglu i Robinson, <i>Por qu\u00e9 fracasan los pa\u00edses<\/i>, per aprendre com tenir institucions m\u00e9s inclusives faria disminuir la corrupci\u00f3, cosa que, indirectament, afavoriria tenir les condicions prop\u00edcies d\u2019una cultura pol\u00edtica de major confian\u00e7a per abaixar l\u2019atur i la pobresa infantil.<br \/>\nAix\u00ed, en un pla estrat\u00e8gic contra la corrupci\u00f3, cal partir de dues directrius amb un prop\u00f2sit clar. En primer lloc, desincentivar: \u00e9s a dir, castigar administrativament i penalment de forma m\u00e9s dura la corrupci\u00f3 quan \u00e9s comesa pels pol\u00edtics, amb penalitzaci\u00f3, tamb\u00e9, pels seus respectius partits. I en segon, premiar: fer de la transpar\u00e8ncia l\u2019eix de la gesti\u00f3 p\u00fablica.<br \/>\nI parlant de tot: qui posar\u00e0 el dit a la nafra de la corrupci\u00f3 del futbol? Perqu\u00e8, despr\u00e9s de gaireb\u00e9 una d\u00e8cada de crisi econ\u00f2mica, com \u00e9s que de deb\u00f2 encara no ha rebentat la corrupci\u00f3 de la bombolla futbol\u00edstica? \u00c9s un cas m\u00e9s d\u2019opacitat fiscal.<\/p>\n","protected":false},"excerpt":{"rendered":"<p>El frau fiscal trenca l\u2019estat del benestar dels pa\u00efsos mediterranis. La cultura de l\u2019opacitat fiscal s\u2019hi troba massa generalitzada: des de les corrupteles de l\u2019estudiant que es cola al metro o el cambrer que cisa al bar fins a la corrupci\u00f3 de l\u2019empresari que suborna un pol\u00edtic que es deixa fer, o viceversa.<\/p>\n","protected":false},"author":16,"featured_media":6662,"comment_status":"open","ping_status":"open","sticky":false,"template":"","format":"standard","meta":{"_mi_skip_tracking":false,"mc4wp_mailchimp_campaign":[],"jnews-multi-image_gallery":[],"jnews_single_post":[],"jnews_primary_category":[]},"categories":[9,24],"tags":[1100,1101,113,116,142,167,351,723,998,1098,1099],"_links":{"self":[{"href":"https:\/\/www.monempresarial.com\/ca\/wp-json\/wp\/v2\/posts\/6657"}],"collection":[{"href":"https:\/\/www.monempresarial.com\/ca\/wp-json\/wp\/v2\/posts"}],"about":[{"href":"https:\/\/www.monempresarial.com\/ca\/wp-json\/wp\/v2\/types\/post"}],"author":[{"embeddable":true,"href":"https:\/\/www.monempresarial.com\/ca\/wp-json\/wp\/v2\/users\/16"}],"replies":[{"embeddable":true,"href":"https:\/\/www.monempresarial.com\/ca\/wp-json\/wp\/v2\/comments?post=6657"}],"version-history":[{"count":1,"href":"https:\/\/www.monempresarial.com\/ca\/wp-json\/wp\/v2\/posts\/6657\/revisions"}],"predecessor-version":[{"id":47337,"href":"https:\/\/www.monempresarial.com\/ca\/wp-json\/wp\/v2\/posts\/6657\/revisions\/47337"}],"wp:featuredmedia":[{"embeddable":true,"href":"https:\/\/www.monempresarial.com\/ca\/wp-json\/wp\/v2\/media\/6662"}],"wp:attachment":[{"href":"https:\/\/www.monempresarial.com\/ca\/wp-json\/wp\/v2\/media?parent=6657"}],"wp:term":[{"taxonomy":"category","embeddable":true,"href":"https:\/\/www.monempresarial.com\/ca\/wp-json\/wp\/v2\/categories?post=6657"},{"taxonomy":"post_tag","embeddable":true,"href":"https:\/\/www.monempresarial.com\/ca\/wp-json\/wp\/v2\/tags?post=6657"}],"curies":[{"name":"wp","href":"https:\/\/api.w.org\/{rel}","templated":true}]}}