{"id":6795,"date":"2015-10-20T11:59:42","date_gmt":"2015-10-20T09:59:42","guid":{"rendered":"http:\/\/monempresarial.com\/?p=6795"},"modified":"2025-09-24T09:56:24","modified_gmt":"2025-09-24T07:56:24","slug":"emprenedoria-catalunya-avui","status":"publish","type":"post","link":"https:\/\/www.monempresarial.com\/ca\/2015\/10\/20\/emprenedoria-catalunya-avui\/","title":{"rendered":"L\u2019emprenedoria<\/span> a Catalunya, avui"},"content":{"rendered":"<h5 style=\"color: #000000;\">Segons l\u2019\u00faltim informe <i>Global Entrepreneurship Monitor 2014<\/i>, tot i no haver recuperat els nivells previs a la crisi econ\u00f2mica, la taxa d\u2019activitat emprenedora del nostre pa\u00eds sembla haver-se estabilitzat. Per\u00f2 quina \u00e9s la realitat dels emprenedors a Catalunya? Quins s\u00f3n els seus reptes de futur, quines les dificultats i les aspiracions? En parlen els experts.<\/h5>\n<p>Coordinaci\u00f3: <a style=\"color: #638279; font-size:\" href=\"http:\/\/monempresarial.com\/author\/eescolan\">Esther Escol\u00e1n<\/a>. Fotos: <span style=\"color: #638279; font-size:\">Cedides<\/span><\/p>\n<p><span style=\"color: #939598; font-weight: bold; text-transform:uppercase;\">ALEIX PLANAS<\/span> <b>Director del Sal\u00f3 Bizbarcelona<\/b><img decoding=\"async\" loading=\"lazy\" src=\"http:\/\/monempresarial.com\/wp-content\/uploads\/2015\/10\/mon-empresarial-003-aleix-planas1.png\" alt=\"Emprenedoria Catalunya, Aleix Planas\" width=\"215\" height=\"215\" class=\"alignleft size-full wp-image-6828\" srcset=\"https:\/\/www.monempresarial.com\/wp-content\/uploads\/2015\/10\/mon-empresarial-003-aleix-planas1.png 215w, https:\/\/www.monempresarial.com\/wp-content\/uploads\/2015\/10\/mon-empresarial-003-aleix-planas1-150x150.png 150w\" sizes=\"(max-width: 215px) 100vw, 215px\" \/><br \/>\n<b>Hi ha prou emprenedors a Catalunya?<\/b><br \/>\nAra fa cinc anys que es va posar en marxar una iniciativa in\u00e8dita en l\u2019\u00e0mbit firal amb el llan\u00e7ament de Bizbarcelona, el primer esdeveniment dissenyat per impulsar l\u2019activitat emprenedora i de les petites i mitjanes empreses. En nom\u00e9s quatre edicions, Bizbarcelona ha esdevingut una refer\u00e8ncia per al m\u00f3n de l\u2019emprenedoria i de la pime a Catalunya pel seu enfocament, que ofereix tota mena de solucions a les persones que vulguin tirar endavant la seva aventura empresarial, i a les que ja hagin constitu\u00eft un negoci i vulguin fer-lo cr\u00e9ixer amb innovaci\u00f3, exportaci\u00f3, noves eines de venda o finan\u00e7ament.<br \/>\nI \u00e9s que segons el <i>Global Entrepreneurship Monitor<\/i>, el 2013 la taxa d\u2019emprenedors potencials de Catalunya (10,95%) va ser superior a la de la resta d\u2019Espanya (9,04%). En aquesta mateixa l\u00ednia, la taxa d\u2019activitat emprenedora total (TEA) de Catalunya va ser del 6,6%, 1,6 punts percentuals superior al de la resta d\u2019Espanya i un percentatge pr\u00e0cticament igual al de la resta de la Uni\u00f3.<br \/>\nNo obstant aix\u00f2, seguim pensant que encara queda molt cam\u00ed per rec\u00f3rrer per tal de generar ocupaci\u00f3, element indispensable per sortir de manera definitiva de la crisi. La nova edici\u00f3 de Bizbarcelona, que els dies 1 i 2 de juliol se celebra al recinte de Montju\u00efc de Fira de Barcelona, \u00e9s una bona oportunitat de demostrar-ho.<\/p>\n<blockquote>\n<h2 style=\"color: #669966;\">\u201cSegons el Global Entrepreneurship Monitor, el 2013 la taxa d\u2019emprenedors potencials de Catalunya (10,95%) va ser superior a la de la resta d\u2019Espanya (9,04%).\u201d<\/h2>\n<\/blockquote>\n<p><span style=\"color: #939598; font-weight: bold; text-transform:uppercase;\">SUSANA TINTOR\u00c9<\/span> <b>Directora general de Barcelona Activa <\/b><img decoding=\"async\" loading=\"lazy\" src=\"http:\/\/monempresarial.com\/wp-content\/uploads\/2015\/10\/mon-empresarial-003-suana-tintore1.png\" alt=\"Emprenedoria Catalunya, Susana Tintore\" width=\"215\" height=\"215\" class=\"alignleft size-full wp-image-6840\" srcset=\"https:\/\/www.monempresarial.com\/wp-content\/uploads\/2015\/10\/mon-empresarial-003-suana-tintore1.png 215w, https:\/\/www.monempresarial.com\/wp-content\/uploads\/2015\/10\/mon-empresarial-003-suana-tintore1-150x150.png 150w\" sizes=\"(max-width: 215px) 100vw, 215px\" \/><br \/>\n<b>Com \u00e9s l\u2019ecosistema emprenedor de Catalunya?<\/b><\/p>\n<p>En els \u00faltims anys s\u2019ha consolidat un ecosistema emprenedor que \u00e9s un dels grans actius de Barcelona. Ser Capital Mundial del M\u00f2bil ha estat un avantatge que ha perm\u00e8s situar la ciutat al mapa de la innovaci\u00f3, posar en valor el teixit empresarial de casa nostra i atraure l\u2019atenci\u00f3 de la comunitat internacional. Aix\u00ed, comptem amb l\u2019mStartupBarcelona, un hub d\u2019acceleradores de projectes <i>mobile<\/i> que ens permet augmentar la massa cr\u00edtica d\u2019empreses emergents amb potencial inversor i punteres tecnol\u00f2gicament. L\u2019objectiu \u00e9s aconseguir que el sector de les tecnologies m\u00f2bil arreli i fer que reverteixi en oportunitats reals per al teixit empresarial i per a la ciutat.<br \/>\nPer\u00f2 per aconseguir-ho, un dels reptes que tenim per endavant \u00e9s crear ponts de contacte perqu\u00e8 les pimes i els emprenedors tinguin acc\u00e9s al talent i al mercat. I, sobretot, que les grans corporacions hi apostin. Aquest \u00e9s un dels trets diferencials respecte a altres ecosistemes que ens serveixen de refer\u00e8ncia. Perqu\u00e8, en definitiva, un ecosistema madur, din\u00e0mic i connectat entre si \u00e9s la clau per ser una ciutat atractiva on fer cr\u00e9ixer empreses i crear oportunitats.<\/p>\n<blockquote>\n<h2 style=\"color: #669966;\">\u201cHem de crear ponts de contacte perqu\u00e8 les pimes i els emprenedors tinguin acc\u00e9s al talent i al mercat.\u201d<\/h2>\n<\/blockquote>\n<p><span style=\"color: #939598; font-weight: bold; text-transform:uppercase;\">ALBERT PONT<\/span> <b>President del Cercle Catal\u00e0 de Negocis <\/b><img decoding=\"async\" loading=\"lazy\" src=\"http:\/\/monempresarial.com\/wp-content\/uploads\/2015\/10\/mon-empresarial-003-albert-pont1.png\" alt=\"Emprenedoria Catalunya, Albert Pont\" width=\"215\" height=\"215\" class=\"alignleft size-full wp-image-6826\" srcset=\"https:\/\/www.monempresarial.com\/wp-content\/uploads\/2015\/10\/mon-empresarial-003-albert-pont1.png 215w, https:\/\/www.monempresarial.com\/wp-content\/uploads\/2015\/10\/mon-empresarial-003-albert-pont1-150x150.png 150w\" sizes=\"(max-width: 215px) 100vw, 215px\" \/><br \/>\n<b>Quin \u00e9s el rol de l\u2019emprenedor, avui?<\/b><\/p>\n<p>Els catalans sempre hem estat estretament vinculats a l\u2019emprenedoria i a la innovaci\u00f3. Hem viscut totes les revolucions industrials, cient\u00edfiques i t\u00e8cniques amb aportacions tan destacables que farien empal\u00b7lidir les nacions m\u00e9s ufanes del m\u00f3n. El car\u00e0cter emprenedor ens \u00e9s innat i respon a una inquietud vital: a l\u2019inconformisme visionari,  a la necessitat de prosperar i a la voluntat de superaci\u00f3. Per\u00f2 tamb\u00e9 \u00e9s fruit d\u2019un lideratge rebel capa\u00e7 de q\u00fcestionar els c\u00e0nons establerts.<br \/>\nAra, aquest do ens \u00e9s m\u00e9s necessari que mai. Nom\u00e9s aquells capa\u00e7os d\u2019adaptar-se als canvis i veure m\u00e9s enll\u00e0 de la crisi podran captar les infinites oportunitats del nostre temps. L\u2019emprenedor \u00e9s l\u2019art\u00edfex de l\u2019economia del segle XXI. Davant el poder de les grans corporacions oligopol\u00edstiques crescudes sota l\u2019ombra de l\u2019antic estat naci\u00f3, esdev\u00e9 la saba de la prosperitat i motor del canvi pol\u00edtic i social que la impulsa.<\/p>\n<blockquote>\n<h2 style=\"color: #669966;\">\u201cNom\u00e9s aquells capa\u00e7os d\u2019adaptar-se als canvis i veure m\u00e9s enll\u00e0 de la crisi podran captar les infinites oportunitats del nostre temps. L\u2019emprenedor \u00e9s l\u2019art\u00edfex de l\u2019economia del segle XXI.\u201d<\/h2>\n<\/blockquote>\n<p><span style=\"color: #939598; font-weight: bold; text-transform:uppercase;\">PERE CONDOM<\/span> <b>Director del Catalunya Empr\u00e8n \u2013 Generalitat de Catalunya<\/b><img decoding=\"async\" loading=\"lazy\" src=\"http:\/\/monempresarial.com\/wp-content\/uploads\/2015\/10\/mon-empresarial-003-pere-condom1.png\" alt=\"Emprenedoria Catalunya, Pere Condom\" width=\"215\" height=\"215\" class=\"alignleft size-full wp-image-6836\" srcset=\"https:\/\/www.monempresarial.com\/wp-content\/uploads\/2015\/10\/mon-empresarial-003-pere-condom1.png 215w, https:\/\/www.monempresarial.com\/wp-content\/uploads\/2015\/10\/mon-empresarial-003-pere-condom1-150x150.png 150w\" sizes=\"(max-width: 215px) 100vw, 215px\" \/><br \/>\n<b>Quines s\u00f3n les principals dificultats per emprendre al nostre pa\u00eds?<\/b><\/p>\n<p>Sabem que l\u2019emprenedoria a Catalunya \u00e9s heterog\u00e8nia. Hi ha diversos tipus d\u2019emprenedors i, per aix\u00f2, impulsem pol\u00edtiques i eines adaptades a les seves barreres, condicionants i realitats, que s\u00f3n diferents en cada cas. No \u00e9s el mateix un projecte que neix d\u2019una universitat en forma d\u2019empresa derivada que l\u2019escenari que se li presenta a un aut\u00f2nom, o els reptes que afronta un emprenedor social. Aix\u00f2 es va posar de manifest durant el 2n Congr\u00e9s Catalunya Empr\u00e8n, que va aplegar m\u00e9s de 2.000 emprenedors i inversors a principis de juny.<br \/>\nDes de la Generalitat continuem estimulant la cultura emprenedora, refor\u00e7ant la idea que emprendre \u00e9s m\u00e8tode, i treballant per reduir la pressi\u00f3 que suposa la por al frac\u00e0s. Treballem i continuarem treballant en la simplificaci\u00f3 administrativa, i som conscients que el finan\u00e7ament \u00e9s una de les principals preocupacions dels emprenedors catalans. Per aix\u00f2 hem creat el Cat\u00e0leg de Finan\u00e7ament Alternatiu, que recull 85 prove\u00efdors de fons no bancaris, i ens posem a disposici\u00f3 dels emprenedors per assessorar-los en aquest \u00e0mbit.<br \/>\nL\u2019emprenedoria forma part de la cultura i l\u2019ADN de Catalunya, i t\u00e9 un fort impacte en la nostra economia. Creiem que emprenedoria equival a innovaci\u00f3, creativitat i qualitat, i que \u00e9s una eina clau per garantir la cohesi\u00f3 social al nostre pa\u00eds. L\u2019any passat des del Catalunya Empr\u00e8n vam atendre 35.000 emprenedors. S\u00f3n 35.000 motius per creure en el nostre futur.<\/p>\n<blockquote>\n<h2 style=\"color: #669966;\">\u201cCal reduir la pressi\u00f3 de la por al frac\u00e0s.\u201d<\/h2>\n<\/blockquote>\n<p><span style=\"color: #939598; font-weight: bold; text-transform:uppercase;\">MARC BONAVIA<\/span> <b>President de l\u2019AIJEC<\/b><img decoding=\"async\" loading=\"lazy\" src=\"http:\/\/monempresarial.com\/wp-content\/uploads\/2015\/10\/mon-empresarial-003-marc-bonavia1.png\" alt=\"Emprenedoria Catalunya, Marc Bonavia\" width=\"215\" height=\"215\" class=\"alignleft size-full wp-image-6832\" srcset=\"https:\/\/www.monempresarial.com\/wp-content\/uploads\/2015\/10\/mon-empresarial-003-marc-bonavia1.png 215w, https:\/\/www.monempresarial.com\/wp-content\/uploads\/2015\/10\/mon-empresarial-003-marc-bonavia1-150x150.png 150w\" sizes=\"(max-width: 215px) 100vw, 215px\" \/><br \/>\n<b>A emprendre, se n\u2019apr\u00e8n o es neix emprenedor?<\/b><\/p>\n<p>Darrera de cada problema sempre hi ha una oportunitat. Quina oportunitat? La de resoldre el problema. L\u2019emprenedor \u00e9s qui soluciona els contratemps de la gent a trav\u00e9s dels seus productes i dels seus serveis. Al principi ho far\u00e0 partint de les seves habilitats personals, all\u00f2 que pot posar al servei dels altres per ajudar a resoldre un impediment. I si la demanda \u00e9s prou gran, crear\u00e0 un sistema per poder atendre\u2019l. D\u2019aquest sistema se\u2019n diu empresa.<br \/>\nTots naixem amb habilitats emprenedores, perqu\u00e8 tots tenim de f\u00e0brica virtuts i talents que podem posar al servei dels altres. Sols ens cal identificar problemes que podrien ser solucionats. I veure com podem contribuir amb la nostra naturalesa a formar part de la soluci\u00f3.<\/p>\n<blockquote>\n<h2 style=\"color: #669966;\">\u201cTots naixem amb habilitats emprenedores, virtuts i talents que podem posar al servei dels altres.\u201d<\/h2>\n<\/blockquote>\n<p><span style=\"color: #939598; font-weight: bold; text-transform:uppercase;\">JORDI NAVAL<\/span> <b>President Fundaci\u00f3 Escola Emprenedors<\/b><img decoding=\"async\" loading=\"lazy\" src=\"http:\/\/monempresarial.com\/wp-content\/uploads\/2015\/10\/mon-empresarial-003-jordi-naval1.png\" alt=\"Emprenedoria Catalunya, Jordi Naval\" width=\"215\" height=\"215\" class=\"alignleft size-full wp-image-6830\" srcset=\"https:\/\/www.monempresarial.com\/wp-content\/uploads\/2015\/10\/mon-empresarial-003-jordi-naval1.png 215w, https:\/\/www.monempresarial.com\/wp-content\/uploads\/2015\/10\/mon-empresarial-003-jordi-naval1-150x150.png 150w\" sizes=\"(max-width: 215px) 100vw, 215px\" \/><br \/>\n<b>Qu\u00e8 cal per transformar el coneixement en noves idees de negoci?<\/b><br \/>\nLes nostres universitats i centres de recerca tenen un nivell cient\u00edfic alt\u00edssim, per\u00f2 si ens volem comparar amb els EUA, Alemanya o Israel, haur\u00edem de tenir 10 vegades m\u00e9s empreses tecnol\u00f2giques que les que tenim ara. Si volem que les noves tecnologies que inventem arribin a la societat (en forma de nous medicaments o noves invencions que ens facin la vida m\u00e9s f\u00e0cil), cal que augmentem la transfer\u00e8ncia d\u2019aquestes tecnologies de l\u2019acad\u00e8mia a la societat. Per\u00f2 perqu\u00e8 aix\u00f2 passi, cal actuar i coordinar la oferta i la demanda.<br \/>\nPel costat de l\u2019oferta, els investigadors poden rebre m\u00e9s formaci\u00f3 i suport en la creaci\u00f3 de models de negoci per als seus projectes que puguin ser comercialitzats. I pel costat de la demanda, cal identificar els reptes tecnol\u00f2gics reals que tenen les empreses i fer una crida a la comunitat cient\u00edfica per resoldre\u2019ls. S\u2019est\u00e0 fent a altres pa\u00efsos, no hi ha cap motiu, per tant, perqu\u00e8 a Catalunya no pugui funcionar. I tots, a la llarga, ens en beneficiem: els investigadors, perqu\u00e8 compleixen el seu somni de veure com la seva recerca arriba a les persones, i la societat, perqu\u00e8 troba un retorn econ\u00f2mic i social en la recerca que ha pagat, en part, amb els seus impostos.<\/p>\n<blockquote>\n<h2 style=\"color: #669966;\">\u201cEls investigadors poden rebre m\u00e9s formaci\u00f3 en la creaci\u00f3 de models de negoci per als seus projectes.\u201d<\/h2>\n<\/blockquote>\n<p><span style=\"color: #939598; font-weight: bold; text-transform:uppercase;\">PERE SEGARRA<\/span> <b>President del grup de treball<img decoding=\"async\" loading=\"lazy\" src=\"http:\/\/monempresarial.com\/wp-content\/uploads\/2015\/10\/mon-empresarial-003-pere-segarra1.png\" alt=\"Emprenedoria Catalunya, Pere Segarra\" width=\"215\" height=\"215\" class=\"alignleft size-full wp-image-6838\" srcset=\"https:\/\/www.monempresarial.com\/wp-content\/uploads\/2015\/10\/mon-empresarial-003-pere-segarra1.png 215w, https:\/\/www.monempresarial.com\/wp-content\/uploads\/2015\/10\/mon-empresarial-003-pere-segarra1-150x150.png 150w\" sizes=\"(max-width: 215px) 100vw, 215px\" \/> d\u2019Emprenedoria del Col\u00b7legi d\u2019Economistes de Catalunya<\/b><br \/>\n<b>Quins s\u00f3n els reptes de futur de l\u2019emprenedoria?<\/b><\/p>\n<p>Malgrat que la necessitat de fomentar l\u2019esperit emprenedor apareix constantment en tots els programes, la realitat ens mostra un panorama gens optimista. Al marge d\u2019altres consideracions, el futur de Catalunya vindr\u00e0 condicionat pel seu dinamisme empresarial. L\u2019emprenedoria t\u00e9 una incid\u00e8ncia directa en el creixement econ\u00f2mic, en la creaci\u00f3 d\u2019ocupaci\u00f3 i en la innovaci\u00f3 d\u2019un pa\u00eds. Per\u00f2 que es doni en la dimensi\u00f3 suficient, dependr\u00e0 en gran mesura dels est\u00edmuls que rebin les persones \u2013en especial, els m\u00e9s joves\u2013 per tal de desenvolupar el seu tarann\u00e0 d\u2019afrontament de reptes i acceptaci\u00f3 de riscos.<br \/>\nAquest desplegament de l\u2019afany per iniciar nous projectes requereix que concorrin els esfor\u00e7os coordinats de les administracions \u2013aportant ajuts, infraestructures i un marc normatiu adequat\u2013, la inversi\u00f3 privada \u2013dotant els recursos necessaris per tal que els projectes emprenedors creixin\u2013 i el coneixement \u2013que mitjan\u00e7ant la formaci\u00f3 i l\u2019assessorament, faci possible una millor preparaci\u00f3 de l\u2019emprenedor\u2013. En aquest terreny, els economistes hi tenim molt a fer. <\/p>\n<blockquote>\n<h2 style=\"color: #669966;\">\u201cMalgrat que la necessitat de fomentar l\u2019esperit emprenedor apareix constantment en tots els programes, la realitat ens mostra un panorama gens optimista.\u201d<\/h2>\n<\/blockquote>\n<p><span style=\"color: #939598; font-weight: bold; text-transform:uppercase;\">MARIA MORA<\/span> <b>Directora d\u2019Emprenedoria de Foment<\/b><img decoding=\"async\" loading=\"lazy\" src=\"http:\/\/monempresarial.com\/wp-content\/uploads\/2015\/10\/mon-empresarial-003-maria-mora1.png\" alt=\"Emprenedoria Catalunya, Maria Mora\" width=\"215\" height=\"208\" class=\"alignleft size-full wp-image-6834\" \/><br \/>\n<b>Qu\u00e8 cal fer per fomentar l\u2019emprenedoria entre les dones?<\/b><\/p>\n<p>A Catalunya, la majoria de les empreses encara es creen arran d&#8217;una oportunitat i no a causa d&#8217;una necessitat. Aquesta tend\u00e8ncia, per\u00f2, est\u00e0 canviant en un moment en qu\u00e8 m\u00e9s persones opten per l&#8217;autoocupaci\u00f3 per fer empresa: moltes dones s\u00f3n protagonistes avui dia d\u2019iniciatives emprenedores.<br \/>\nNo obstant aix\u00f2, a Espanya, la taxa d&#8217;emprenedoria femenina encara \u00e9s nom\u00e9s del 4%. Les iniciatives empresarials protagonitzades per dones acostumen a ser m\u00e9s modestes que les dels homes, per\u00f2 tenen una taxa menor d&#8217;abandonament. El fet \u00e9s que, com indiquen el experts, la dona opta per sectors orientats al consum i al servei a les empreses, cosa que condiciona la dimensi\u00f3 dels seus projectes, i limita el creixement de l\u2019empresa i la possible internacionalitzaci\u00f3.<br \/>\n\u00c9s obvi que, aqu\u00ed, igual que en molts indrets de l\u2019Europa mediterr\u00e0nia, calen mesures decidides que permetin establir la promoci\u00f3 de l\u2019esperit empresarial en tots els nivells educatius; agilitar i abaratir els tr\u00e0mits administratius que requereix crear una empresa; millorar l&#8217;acc\u00e9s al finan\u00e7ament mitjan\u00e7ant la promoci\u00f3 de finan\u00e7aments alternatius; brindar un suport fort als joves empresaris per evitar el frac\u00e0s inicial o, en cas que es produeixi, no estigmatitzar-lo; i facilitar l&#8217;equilibri entre la vida laboral i la personal. Unes mesures que, si b\u00e9 per si soles no creen empreses, faciliten substantivament la posada en marxa de noves iniciatives empresarials (tamb\u00e9 en clau femenina).<\/p>\n<blockquote>\n<h2 style=\"color: #669966;\">\u201cLes iniciatives empresarials protagonitzades per dones acostumen a ser m\u00e9s modestes que les dels homes, per\u00f2 tenen una taxa menor d&#8217;abandonament.\u201d<\/h2>\n<\/blockquote>\n<div style=\"background-color: #005633; text-align: center;\"><span style=\"color: #ffffff; font-weight: bold; font-size: 20px;\">T\u00cdMIDA REMUNTADA<\/span><\/div>\n<p>El passat mes d\u2019abril va veure la llum el darrer <i>Global Entrepreneurship Monitor 2014<\/i>. L\u2019informe, elaborat a partir de 25.000 enquestes a experts i professionals, conclou que la TEA (taxa d\u2019activitat emprenedora) a Espanya va cr\u00e9ixer un 0,2% durant 2014, assolint un 5,4%, una xifra que es mant\u00e9 dins dels par\u00e0metres que l\u2019activitat emprenedora porta registrant al nostre pa\u00eds des del 2011 i que oscil\u00b7la entre el 5,1% i el 5,8%. Uns nivells que malgrat distar for\u00e7a dels previs a la crisi (quan va arribar a superar el 7%) i situar l\u2019estat espanyol per sota de la mitjana europea, superen els aconseguits per It\u00e0lia, Alemanya, Fran\u00e7a i B\u00e8lgica en termes d\u2019emprenedoria.<br \/>\n<img decoding=\"async\" loading=\"lazy\" src=\"http:\/\/monempresarial.com\/wp-content\/uploads\/2015\/10\/mon-empresarial-003-emprenedoria-catalana2.png\" alt=\"Com \u00e9s l&#039;emprenedor catal\u00e0?\" width=\"450\" height=\"759\" class=\"alignleft size-full wp-image-6856\" srcset=\"https:\/\/www.monempresarial.com\/wp-content\/uploads\/2015\/10\/mon-empresarial-003-emprenedoria-catalana2.png 450w, https:\/\/www.monempresarial.com\/wp-content\/uploads\/2015\/10\/mon-empresarial-003-emprenedoria-catalana2-178x300.png 178w, https:\/\/www.monempresarial.com\/wp-content\/uploads\/2015\/10\/mon-empresarial-003-emprenedoria-catalana2-178x300@2x.png 356w\" sizes=\"(max-width: 450px) 100vw, 450px\" \/> <\/p>\n","protected":false},"excerpt":{"rendered":"<p>Segons l\u2019\u00faltim informe <i>Global Entrepreneurship Monitor 2014<\/i>, tot i no haver recuperat els nivells previs a la crisi econ\u00f2mica, la taxa d\u2019activitat emprenedora del nostre pa\u00eds sembla haver-se estabilitzat. Per\u00f2 quina \u00e9s la realitat dels emprenedors a Catalunya? Quins s\u00f3n els seus reptes de futur, quines les dificultats i les aspiracions? En parlen els experts.<\/p>\n","protected":false},"author":1,"featured_media":6805,"comment_status":"open","ping_status":"open","sticky":false,"template":"","format":"standard","meta":{"_mi_skip_tracking":false,"mc4wp_mailchimp_campaign":[],"jnews-multi-image_gallery":[],"jnews_single_post":[],"jnews_primary_category":[]},"categories":[32,10],"tags":[1135,1151,1136,1152,1137,1153,1138,1154,1139,1155,1140,1156,1141,1142,114,1143,116,1144,181,1145,252,1146,442,1147,1132,1148,1133,1149,1134,1150],"_links":{"self":[{"href":"https:\/\/www.monempresarial.com\/ca\/wp-json\/wp\/v2\/posts\/6795"}],"collection":[{"href":"https:\/\/www.monempresarial.com\/ca\/wp-json\/wp\/v2\/posts"}],"about":[{"href":"https:\/\/www.monempresarial.com\/ca\/wp-json\/wp\/v2\/types\/post"}],"author":[{"embeddable":true,"href":"https:\/\/www.monempresarial.com\/ca\/wp-json\/wp\/v2\/users\/1"}],"replies":[{"embeddable":true,"href":"https:\/\/www.monempresarial.com\/ca\/wp-json\/wp\/v2\/comments?post=6795"}],"version-history":[{"count":1,"href":"https:\/\/www.monempresarial.com\/ca\/wp-json\/wp\/v2\/posts\/6795\/revisions"}],"predecessor-version":[{"id":47363,"href":"https:\/\/www.monempresarial.com\/ca\/wp-json\/wp\/v2\/posts\/6795\/revisions\/47363"}],"wp:featuredmedia":[{"embeddable":true,"href":"https:\/\/www.monempresarial.com\/ca\/wp-json\/wp\/v2\/media\/6805"}],"wp:attachment":[{"href":"https:\/\/www.monempresarial.com\/ca\/wp-json\/wp\/v2\/media?parent=6795"}],"wp:term":[{"taxonomy":"category","embeddable":true,"href":"https:\/\/www.monempresarial.com\/ca\/wp-json\/wp\/v2\/categories?post=6795"},{"taxonomy":"post_tag","embeddable":true,"href":"https:\/\/www.monempresarial.com\/ca\/wp-json\/wp\/v2\/tags?post=6795"}],"curies":[{"name":"wp","href":"https:\/\/api.w.org\/{rel}","templated":true}]}}