{"id":6875,"date":"2015-10-21T15:58:53","date_gmt":"2015-10-21T13:58:53","guid":{"rendered":"http:\/\/monempresarial.com\/?p=6875"},"modified":"2025-09-24T09:56:03","modified_gmt":"2025-09-24T07:56:03","slug":"camera-commercio-italiana-barcelona","status":"publish","type":"post","link":"https:\/\/www.monempresarial.com\/ca\/2015\/10\/21\/camera-commercio-italiana-barcelona\/","title":{"rendered":"CAMERA DI COMMERCIO ITALIANA A BARCELONA Al servei de les empreses italianes i espanyoles."},"content":{"rendered":"<p><strong>La centen\u00e0ria Camera di Commercio Italiana de Barcelona avui dia \u00e9s un referent ineludible dins del teixit empresarial comunitari. Sota el paraigua d\u2019Assocamerestero, t\u00e9 el privilegi de gaudir del reconeixement de l&#8217;Estat itali\u00e0, i ofereix i comparteix amb tots els seus socis els enormes avantatges de pert\u00e0nyer a una espectacular xarxa de 78 cambres de comer\u00e7 italianes repartides per tot el m\u00f3n. Participar d&#8217;aquesta estructura \u00e9s part del secret que fa que els productes italians arribin a tothom, si b\u00e9 el seu punt de partida \u00e9s sempre l&#8217;impecable segell de qualitat que els distingeixen, aquesta excel\u00b7l\u00e8ncia que caracteritza i identifica el <i>Made in Italy<\/i>.<\/strong><\/p>\n<h4><strong><a style=\"color: #006633;\" href=\"https:\/\/monempresarial.com\/author\/ebouisset\"><span style=\"color: #006633;\">Em<\/span>ma Bouisset<\/a> <\/strong><\/h4>\n<p><strong><span style=\"color: #006633;\">Fotos: <span style=\"color: #000000;\">Cedides<\/span><\/span><\/strong><\/p>\n<hr \/>\n<p><img decoding=\"async\" loading=\"lazy\" class=\"alignleft size-full wp-image-6890\" src=\"https:\/\/monempresarial.com\/wp-content\/uploads\/2015\/10\/mon-empresarial-003-made-italy.png\" alt=\"Made in Italy\" width=\"213\" height=\"204\" \/><span style=\"color: #006633; font-weight: bold;\">La Camera di Commercio Italiana de Barcelona<\/span> \u2013en endavant Camera Italiana\u2013 \u00e9s una instituci\u00f3 absolutament integrada al territori, fet que li permet desenvolupar-s\u2019hi enriquint la seva pr\u00f2pia identitat. Encara que la seva denominaci\u00f3 pot induir a alguna confusi\u00f3, el seu \u00e0mbit no es limita a Barcelona, sin\u00f3 que arriba a tota la demarcaci\u00f3 del Consolat General d&#8217;It\u00e0lia a Barcelona, arribant, per tant, fins a Arag\u00f3, les Illes Balears i Andorra, entre d&#8217;altres regions. I \u00e9s que el seu nom \u00e9s un homenatge als seus or\u00edgens, ja que fou a Barcelona on es va constituir. Ja l\u2019any 1914, el port de la Ciutat Comtal era el port que unia It\u00e0lia i Espanya, d\u2019aqu\u00ed que el seu primer president, Ignazio Villavecchia, pertany\u00e9s a una fam\u00edlia de naviliers genovesos. Avui s\u00f3n socis de la Camera Italiana el mateix Port de Barcelona i les grans navilieres italianes com Grimaldi Lines (el seu conseller delegat, Mario Massarotti, ocupa actualment la vicepresid\u00e8ncia de la Cambra), Grandi Navi Veloci, Costa Crociera i Messima, un fet que posa l\u2019accent en qu\u00e8 m\u00e9s de 100 anys despr\u00e9s el Port segueixi sent una valor determinant en les relacions It\u00e0lia-Espanya.<\/p>\n<p><span style=\"color: #006633; font-weight: bold;\">FAR DE LA MEDITERR\u00c0NIA<\/span><br \/>\nLa Camera Italiana s&#8217;identifica tamb\u00e9 com a Camera de la Mediterr\u00e0nia, d&#8217;aquest Mediterrani que uneix (no separa) It\u00e0lia i Espanya. En aquest sentit \u00e9s significatiu destacar que el premi que la instituci\u00f3 atorga es diu Far de la Mediterr\u00e0nia, i cada any la seva llum il\u00b7lumina i distingeix dues empreses, una d\u2019italiana assentada a Espanya, i una altra d\u2019espanyola que hagi obert mercat a It\u00e0lia. Es tracta d&#8217;un premi d&#8217;elevat prestigi, concebut com a premi empresarial i cultural, i el jurat cada any est\u00e0 compost per l&#8217;Ajuntament de Barcelona, la Generalitat de Catalunya, la Cambra de Comer\u00e7 Espanyola a It\u00e0lia, aix\u00ed com una cambra de comer\u00e7, un mitj\u00e0 de comunicaci\u00f3 i una universitat triats a rotaci\u00f3. En el Far de la passada edici\u00f3, en qu\u00e8 els guardonats van ser Gallina Blanca Star i Pirelli, van recolzar l&#8217;esdeveniment l&#8217;Ambaixada Italiana a Espanya, el c\u00f2nsol general d&#8217;It\u00e0lia a Barcelona, l&#8217;Institut Itali\u00e0 de Cultura a Barcelona i l&#8217;Hble. Sr. Felip Puig i Godes, conseller d&#8217;Empresa i Ocupaci\u00f3 de la Generalitat.<\/p>\n<p><span style=\"color: #006633; font-weight: bold;\">ESTABLIR-SE EN S\u00d2L CATAL\u00c0<\/span><br \/>\n<img decoding=\"async\" loading=\"lazy\" class=\"alignright size-full wp-image-6886\" src=\"https:\/\/monempresarial.com\/wp-content\/uploads\/2015\/10\/mon-empresarial-003-cambra-italiana.png\" alt=\"mon-empresarial-003-cambra-italiana\" width=\"300\" height=\"200\" srcset=\"https:\/\/www.monempresarial.com\/wp-content\/uploads\/2015\/10\/mon-empresarial-003-cambra-italiana.png 300w, https:\/\/www.monempresarial.com\/wp-content\/uploads\/2015\/10\/mon-empresarial-003-cambra-italiana-252x167.png 252w\" sizes=\"(max-width: 300px) 100vw, 300px\" \/>Les grans empreses italianes troben grans avantatges que els fan establir-se a Espanya i, particularment, en el seu s\u00f2l catal\u00e0. Nom\u00e9s cal passejar-se per l\u2019elegant Passeig de Gr\u00e0cia de Barcelona per constatar-ho. Aix\u00ed ho van certificar les companyies que van participar en l&#8217;estudi realitzat recentment per la Camera Italiana i l\u2019IESE, i que va concloure amb una jornada a la qual va assistir l\u2019exprimer ministre itali\u00e0 Romano Prodi, i on va tenir lloc la taula rodona sota el t\u00edtol: &#8220;Competint globalment: el cas de les empreses italianes a Espanya &#8220;. Nom\u00e9s cal veure el Consell de la Camera Italiana, presidit per la jurista i empres\u00e0ria milanesa Emanuela Carmenati, que compta amb firmes com Pirelli, Ermenegildo Zegna, Assicurazioni Generali, Grimaldi, Luxottica, Ferrero o Mediolanum, entre d&#8217;altres.<\/p>\n<blockquote>\n<h4 style=\"color: #006633;\">Amb un renovat <i>look<\/i>, i una nova web: www.cameraitalianabarcelona.com, la Camera ha estat distingida i guardonada enguany amb la medalla d&#8217;or al m\u00e8rit c\u00edvic per l&#8217;Ajuntament de Barcelona<\/h4>\n<\/blockquote>\n<p><span style=\"color: #006633; font-weight: bold;\">35.000 MILIONS D&#8217;EUROS D&#8217;INTERCANVI BILATERAL ITALO-ESPANYOL<\/span><br \/>\nPer\u00f2 la Camera Italiana no nom\u00e9s es destina o finalitza en les grans marques, sin\u00f3 que assisteix i pot\u00e8ncia empreses dels m\u00e9s variats sectors i potencials. Entre tots, i segons dades del 2014, It\u00e0lia \u00e9s el quart client, tant a nivell comunitari com mundial, en la llista de les principals destinacions de venda espanyoles, amb una quota del 7% per darrere de Fran\u00e7a, Alemanya i Portugal. Fins i tot grans pot\u00e8ncies com la Xina s\u00f3n menys importants tant per a Espanya com per a It\u00e0lia, i \u00e9s que l&#8217;intercanvi bilateral italo-espanyol el 2014 ha assolit els 35.000 milions d&#8217;euros \u2013xifra que va en augment\u2013, i \u00e9s aqu\u00ed on institucions com la Camera Italiana cobren un paper rellevant, potenciant els respectius territoris.<\/p>\n<div style=\"background-color: #7a1315; text-align: center;\"><span style=\"color: #939598; font-weight: bold; font-size: 20px;\">PROMOCI\u00d3 DEL<\/span> <span style=\"color: #ffffff; font-weight: bold; font-size: 20px;\"><i>MADE IN ITALY<\/i><\/span><\/div>\n<p><img decoding=\"async\" loading=\"lazy\" class=\"alignright size-full wp-image-6888\" src=\"https:\/\/monempresarial.com\/wp-content\/uploads\/2015\/10\/mon-empresarial-003-italia-barcelona.png\" alt=\"mon-empresarial-003-italia-barcelona\" width=\"250\" height=\"258\" \/>\u2022 Una de les funcions que l&#8217;Estat itali\u00e0 t\u00e9 encomanades a la Camera Italiana \u00e9s la promoci\u00f3 del Made in Italy, per aix\u00f2 participa activament en el programa Delle vetrine del <i>Made in Italy<\/i>, aix\u00ed com en el de certificaci\u00f3 de restaurants aut\u00e8nticament italians, publicant cada any una guia il\u00b7lustrativa.<br \/>\n\u2022 La Camera Italiana es distingeix tamb\u00e9 per l&#8217;organitzaci\u00f3 de visites institucionals i per la tasca de <i>networking<\/i> que ofereix a tots els seus socis. En aquest sentit destaquen els importants cicles MOMENT ITALI\u00c0, consistents en dinars en restaurants italians certificats amb figures rellevants del nostre entorn.<br \/>\n\u2022 Finalment, la Camera Italiana tamb\u00e9 fa una tasca important en el sector fires. Des de fa diversos lustres sost\u00e9 l&#8217;exclusiva per a tot Espanya de la fira L&#8217;Artigiano in Fera, que cada any se celebra a Mil\u00e0 i on, en la passada edici\u00f3, hi va participar amb 83 empreses i tres institucions expositores. A m\u00e9s, tamb\u00e9 acompanya compradors i expositors en diferents fires de diferents sectors, com ara Agroalimentaria Balearia, a Palma de Mallorca; TuttoFood, de Mil\u00e0; Golositalia, de Brescia; Macfrut, a Rimini, i Homi i Host, de Mil\u00e0.<\/p>\n","protected":false},"excerpt":{"rendered":"<p>La centen\u00e0ria Camera di Commercio Italiana de Barcelona avui dia \u00e9s un referent ineludible dins del teixit empresarial comunitari. Sota el paraigua d\u2019Assocamerestero, t\u00e9 el privilegi de gaudir del reconeixement de l&#8217;Estat itali\u00e0, i ofereix i comparteix amb tots els seus socis els enormes avantatges de pert\u00e0nyer a una espectacular xarxa de 78 cambres de comer\u00e7 italianes repartides per tot el m\u00f3n.<\/p>\n","protected":false},"author":1,"featured_media":6884,"comment_status":"open","ping_status":"open","sticky":false,"template":"","format":"standard","meta":{"_mi_skip_tracking":false,"mc4wp_mailchimp_campaign":[],"jnews-multi-image_gallery":[],"jnews_single_post":{"source_name":"","source_url":"","via_name":"","via_url":"","override_template":"0","override":[{"template":"1","single_blog_custom":"","parallax":"1","fullscreen":"1","layout":"right-sidebar","sidebar":"default-sidebar","second_sidebar":"default-sidebar","sticky_sidebar":"1","share_position":"bottom","share_float_style":"share-monocrhome","show_share_counter":"1","show_view_counter":"1","show_featured":"1","show_post_meta":"1","show_post_author":"1","show_post_author_image":"1","show_post_date":"1","post_date_format":"default","post_date_format_custom":"Y\/m\/d","show_post_category":"0","show_post_reading_time":"1","post_reading_time_wpm":"300","show_zoom_button":"0","zoom_button_out_step":"2","zoom_button_in_step":"3","show_post_tag":"1","show_prev_next_post":"0","show_popup_post":"1","number_popup_post":"2","show_author_box":"1","show_post_related":"1","show_inline_post_related":"1"}],"override_image_size":"0","image_override":[{"single_post_thumbnail_size":"crop-715","single_post_gallery_size":"crop-500"}],"trending_post":"0","trending_post_position":"meta","trending_post_label":"Trending","sponsored_post":"0","sponsored_post_label":"Sponsored by","sponsored_post_name":"","sponsored_post_url":"","sponsored_post_logo_enable":"0","sponsored_post_logo":"","sponsored_post_desc":"","disable_ad":"0"},"jnews_primary_category":{"id":"10825","hide":""}},"categories":[10820,10821,10822,33,10],"tags":[763,1158,1170,1171,1172,1174,1175,1176,1177,1178,1179,167],"_links":{"self":[{"href":"https:\/\/www.monempresarial.com\/ca\/wp-json\/wp\/v2\/posts\/6875"}],"collection":[{"href":"https:\/\/www.monempresarial.com\/ca\/wp-json\/wp\/v2\/posts"}],"about":[{"href":"https:\/\/www.monempresarial.com\/ca\/wp-json\/wp\/v2\/types\/post"}],"author":[{"embeddable":true,"href":"https:\/\/www.monempresarial.com\/ca\/wp-json\/wp\/v2\/users\/1"}],"replies":[{"embeddable":true,"href":"https:\/\/www.monempresarial.com\/ca\/wp-json\/wp\/v2\/comments?post=6875"}],"version-history":[{"count":4,"href":"https:\/\/www.monempresarial.com\/ca\/wp-json\/wp\/v2\/posts\/6875\/revisions"}],"predecessor-version":[{"id":47361,"href":"https:\/\/www.monempresarial.com\/ca\/wp-json\/wp\/v2\/posts\/6875\/revisions\/47361"}],"wp:featuredmedia":[{"embeddable":true,"href":"https:\/\/www.monempresarial.com\/ca\/wp-json\/wp\/v2\/media\/6884"}],"wp:attachment":[{"href":"https:\/\/www.monempresarial.com\/ca\/wp-json\/wp\/v2\/media?parent=6875"}],"wp:term":[{"taxonomy":"category","embeddable":true,"href":"https:\/\/www.monempresarial.com\/ca\/wp-json\/wp\/v2\/categories?post=6875"},{"taxonomy":"post_tag","embeddable":true,"href":"https:\/\/www.monempresarial.com\/ca\/wp-json\/wp\/v2\/tags?post=6875"}],"curies":[{"name":"wp","href":"https:\/\/api.w.org\/{rel}","templated":true}]}}