{"id":7006,"date":"2015-10-23T09:00:48","date_gmt":"2015-10-23T07:00:48","guid":{"rendered":"http:\/\/monempresarial.com\/?p=7006"},"modified":"2025-09-24T09:55:34","modified_gmt":"2025-09-24T07:55:34","slug":"biblioteca-empresarial-desmuntant-arguments","status":"publish","type":"post","link":"https:\/\/www.monempresarial.com\/ca\/2015\/10\/23\/biblioteca-empresarial-desmuntant-arguments\/","title":{"rendered":"Biblioteca Empresarial: Desmuntant arguments"},"content":{"rendered":"<figure id=\"attachment_7011\" aria-describedby=\"caption-attachment-7011\" style=\"width: 224px\" class=\"wp-caption alignright\"><img decoding=\"async\" loading=\"lazy\" class=\"size-full wp-image-7011\" src=\"http:\/\/monempresarial.com\/wp-content\/uploads\/2015\/10\/mon-empresarial-003-rodriguez-braun.png\" alt=\"Carlos Rodr\u00edguez Braun\" width=\"224\" height=\"286\" \/><figcaption id=\"caption-attachment-7011\" class=\"wp-caption-text\">Carlos Rodr\u00edguez Braun<\/figcaption><\/figure>\n<p><strong>Analista de l\u2019actualitat i detector fulminant d\u2019incoher\u00e8ncies,<\/strong> l\u2019economista argent\u00ed Carlos Rodr\u00edguez Braun sacseja la consci\u00e8ncia dels seus lectors i els deixa molt poc marge per a l\u2019esbarjo mental amb els seus llibres sobre les perles que altres deixen anar constantment a trav\u00e9s dels mitjans de comunicaci\u00f3. De la seva tria no se\u2019n salva ning\u00fa, incloent-hi pol\u00edtics de dretes i esquerres, intel\u00b7lectuals i personatges de tota mena vinculats a l\u2019esfera p\u00fablica. Com si d\u2019un especialista forense es tract\u00e9s, l\u2019escriptor fa una dissecci\u00f3 dels arguments de les seves v\u00edctimes amb ganes, humor i molta ironia perqu\u00e8 les seves incongru\u00e8ncies i contradiccions surtin a la llum. Els aplaudiments i les lloances nom\u00e9s van a favor d\u2019aquells que protegeixen els drets i llibertats individuals a la societat civil, i es nota.<\/p>\n<p><span style=\"color: #939598; font-weight: bold; text-transform: uppercase;\">DE LA COluMNA AL LLIBRE<\/span><br \/>\nParitat de sexes, serveis socials, impostos, subvencions, quotes, regulacions, crims contra la humanitat i, sobretot, crisi. Aquests i altres temes protagonitzen els articles que recull aquest tercer volum de <i>Tonter\u00edas econ\u00f3micas<\/i>, pr\u00e8viament publicats a la secci\u00f3 hom\u00f2nima que Rodr\u00edguez Braun ocupa des de fa m\u00e9s de 15 anys al diari en l\u00ednia Libertad Digital. Per a l\u2019economista, els grans estafadors s\u00f3n els que asseguren que el patiment dels ciutadans \u00e9s la conseq\u00fc\u00e8ncia de l\u2019exc\u00e9s de llibertat que han tingut, argument que els autoritza a l\u2019hora de potenciar les pol\u00edtiques intervencionistes, la regulaci\u00f3, el control i la persecuci\u00f3 dels empresaris i treballadors, subjectes que s\u00f3n, en definitiva, els creadors de riquesa.<\/p>\n<div style=\"background-color: #cc8215; text-align: center;\"><span style=\"color: #ffffff; font-weight: bold; font-size: 20px;\"><img decoding=\"async\" loading=\"lazy\" class=\"size-full wp-image-7021 alignleft\" src=\"http:\/\/monempresarial.com\/wp-content\/uploads\/2015\/10\/mon-empresarial-003-tonterias-economicas2.png\" alt=\"mon-empresarial-003-tonterias-economicas\" width=\"224\" height=\"329\" srcset=\"https:\/\/www.monempresarial.com\/wp-content\/uploads\/2015\/10\/mon-empresarial-003-tonterias-economicas2.png 224w, https:\/\/www.monempresarial.com\/wp-content\/uploads\/2015\/10\/mon-empresarial-003-tonterias-economicas2-204x300.png 204w\" sizes=\"(max-width: 224px) 100vw, 224px\" \/>Pol\u00edticament incorrecte<\/span><\/div>\n<p>Carlos Rodr\u00edguez Braun va n\u00e9ixer a Buenos Aires (Argentina) fa 66 anys, i \u00e9s Doctor en Ci\u00e8ncies Econ\u00f2miques i Catedr\u00e0tic d\u2019Hist\u00f2ria del Pensament Econ\u00f2mic per la Universitat Complutense de Madrid. Tot i aix\u00f2, la seva debilitat m\u00e9s evident \u00e9s la divulgaci\u00f3 de l\u2019economia a trav\u00e9s d\u2019articles acad\u00e8mics -publicats a revistes com <i>The American Journal of Economics and Sociology<\/i> o <i>Journal des \u00c9conomistes et des \u00c9tudes Humaines-<i>, de m\u00e9s de 20 llibres entre els quals hi figuren <i>Grandes economistas<\/i> (2007) i <i>Econom\u00eda de los no economistas<\/i> (2011), i de peces period\u00edstiques a <i>La Raz\u00f3n, Expansi\u00f3n, Actualidad Econ\u00f3mica i Libertad Digital<\/i>. Rodr\u00edguez Braun tamb\u00e9 pertany a l\u2019Acad\u00e8mia Nacional de Ci\u00e8ncies Econ\u00f2miques de l\u2019Argentina.<\/i><\/i><\/p>\n<p><b>P\u00e0gines:<\/b> 248<br \/>\n<b>ISBN:<\/b> 9788483568064<br \/>\n<b>Editorial:<\/b> LID Editorial (Acci\u00f3n Empresarial)<\/p>\n","protected":false},"excerpt":{"rendered":"<p>L\u2019economista argent\u00ed Carlos Rodr\u00edguez Braun sacseja la consci\u00e8ncia dels seus lectors i els deixa molt poc marge per a l\u2019esbarjo mental amb els seus llibres sobre les perles que altres deixen anar constantment a trav\u00e9s dels mitjans de comunicaci\u00f3.<\/p>\n","protected":false},"author":1,"featured_media":7009,"comment_status":"open","ping_status":"open","sticky":false,"template":"","format":"standard","meta":{"_mi_skip_tracking":false,"mc4wp_mailchimp_campaign":[],"jnews-multi-image_gallery":[],"jnews_single_post":[],"jnews_primary_category":[]},"categories":[11,38],"tags":[113,1202,1203,1204],"_links":{"self":[{"href":"https:\/\/www.monempresarial.com\/ca\/wp-json\/wp\/v2\/posts\/7006"}],"collection":[{"href":"https:\/\/www.monempresarial.com\/ca\/wp-json\/wp\/v2\/posts"}],"about":[{"href":"https:\/\/www.monempresarial.com\/ca\/wp-json\/wp\/v2\/types\/post"}],"author":[{"embeddable":true,"href":"https:\/\/www.monempresarial.com\/ca\/wp-json\/wp\/v2\/users\/1"}],"replies":[{"embeddable":true,"href":"https:\/\/www.monempresarial.com\/ca\/wp-json\/wp\/v2\/comments?post=7006"}],"version-history":[{"count":1,"href":"https:\/\/www.monempresarial.com\/ca\/wp-json\/wp\/v2\/posts\/7006\/revisions"}],"predecessor-version":[{"id":47360,"href":"https:\/\/www.monempresarial.com\/ca\/wp-json\/wp\/v2\/posts\/7006\/revisions\/47360"}],"wp:featuredmedia":[{"embeddable":true,"href":"https:\/\/www.monempresarial.com\/ca\/wp-json\/wp\/v2\/media\/7009"}],"wp:attachment":[{"href":"https:\/\/www.monempresarial.com\/ca\/wp-json\/wp\/v2\/media?parent=7006"}],"wp:term":[{"taxonomy":"category","embeddable":true,"href":"https:\/\/www.monempresarial.com\/ca\/wp-json\/wp\/v2\/categories?post=7006"},{"taxonomy":"post_tag","embeddable":true,"href":"https:\/\/www.monempresarial.com\/ca\/wp-json\/wp\/v2\/tags?post=7006"}],"curies":[{"name":"wp","href":"https:\/\/api.w.org\/{rel}","templated":true}]}}