{"id":7092,"date":"2015-10-27T13:56:19","date_gmt":"2015-10-27T12:56:19","guid":{"rendered":"http:\/\/monempresarial.com\/?p=7092"},"modified":"2025-06-06T10:47:56","modified_gmt":"2025-06-06T08:47:56","slug":"jeremy-rifkin-capitalisme-i-nova-societat-internet-coses","status":"publish","type":"post","link":"https:\/\/www.monempresarial.com\/ca\/2015\/10\/27\/jeremy-rifkin-capitalisme-i-nova-societat-internet-coses\/","title":{"rendered":"Jeremy Rifkin<\/span> El capitalisme i la nova societat: l&#8217;internet de les coses"},"content":{"rendered":"<h4><img decoding=\"async\" loading=\"lazy\" class=\"alignright wp-image-7133\" src=\"http:\/\/monempresarial.com\/wp-content\/uploads\/2015\/10\/mon-empresarial-003-alfonso-cebrian2.png\" alt=\"mon-empresarial-003-alfonso-cebrian\" width=\"250\" height=\"250\" srcset=\"https:\/\/www.monempresarial.com\/wp-content\/uploads\/2015\/10\/mon-empresarial-003-alfonso-cebrian2.png 215w, https:\/\/www.monempresarial.com\/wp-content\/uploads\/2015\/10\/mon-empresarial-003-alfonso-cebrian2-150x150.png 150w\" sizes=\"(max-width: 250px) 100vw, 250px\" \/>En el llibre <i>La sociedad de coste marginal cero: El Internet de las cosas, los bienes comunes y el eclipse del capitalismo<\/i>, Jeremy Rifkin posa de manifest la situaci\u00f3 en qu\u00e8 es troba el nostre m\u00f3n regentat pel capitalisme -ara en perill- despr\u00e9s de tants anys de grans gl\u00f2ries.<\/h4>\n<h4>Text: <a style=\"color: #cc8215;\" href=\"http:\/\/monempresarial.com\/author\/acebrian\/\">Alfonso Cebri\u00e1n.<\/a> Doctor en Ci\u00e8ncies Econ\u00f2miques.<\/h4>\n<hr style=\"color: #b72126;\" \/>\n<p><img decoding=\"async\" loading=\"lazy\" class=\"alignleft size-full wp-image-7136\" src=\"http:\/\/monempresarial.com\/wp-content\/uploads\/2015\/10\/mon-empresarial-003-guru-dirigent.png\" alt=\"mon-empresarial-003-guru-dirigent\" width=\"215\" height=\"256\" \/><span style=\"color: #cc8215; font-weight: bold; text-transform: uppercase;\">Internet \u00e9s a tot arreu,<\/span> i m\u00e9s que un conducte per on passa la informaci\u00f3, s&#8217;ha convertit en el lloc on aquesta es genera. Els usuaris no esperen a llegir les not\u00edcies dels diaris, sin\u00f3 que les creen ells mateixos. Cosa que tamb\u00e9 succeeix amb la m\u00fasica i el contingut audiovisual, on YouTube ha congregat la immensa majoria del talent dels usuaris que han decidit penjar els seus v\u00eddeos per a l&#8217;entreteniment de la resta.<br \/>\nAix\u00f2 tamb\u00e9 \u00e9s aplicable al sector educatiu, on les recentment estrenades plataformes en l\u00ednia de moltes universitats es troben ara amb els MOOC (cursos oberts i massius per Internet), uns serveis l\u2019abast dels quals els permet de tenir un preu irrisori i, fins i tot, gratu\u00eft: la classe nom\u00e9s es grava un cop i, per tant, al professor nom\u00e9s se li paga el temps d&#8217;aquesta \u00fanica sessi\u00f3 davant de la c\u00e0mera, mentre que, en canvi, se segueixen recollint matr\u00edcules una vegada i una altra gr\u00e0cies a les eines en l\u00ednia que ens permeten veure el curs a milions de quil\u00f2metres de dist\u00e0ncia i des del nostre sof\u00e0.<\/p>\n<p><span style=\"color: #cc8215; font-weight: bold; text-transform: uppercase;\">Cap al cost zero<\/span><br \/>\nLes empreses han de comen\u00e7ar a adonar-se que el desenvolupament de la tecnologia i la compet\u00e8ncia cont\u00ednua entre agents del mercat empenyeran molts sectors cap a productes i serveis gaireb\u00e9 gratu\u00efts, els quals ho s\u00f3n pel seu esc\u00e0s cost marginal de producci\u00f3. Actualment, les companyies es troben cont\u00ednuament explorant possibilitats per reduir els seus costos i assolir el m\u00e0xim nivell de compet\u00e8ncia \u2013i de difer\u00e8ncia\u2013 amb els seus iguals en el mercat.<br \/>\nI \u00e9s que sent el cost de producci\u00f3 menor, es precipita tamb\u00e9 el seu preu de venda: de quina altra manera es pot competir si no amb b\u00e9ns que han estat creats amb cost zero? La societat est\u00e0 avan\u00e7ant a un ritme molt m\u00e9s r\u00e0pid del que ho fan els empresaris, que es queden enrere comprovant com, a poc a poc, es va passant d&#8217;una economia d&#8217;intercanvi a una on preval la utilitat p\u00fablica col\u00b7laborativa: les vacances a hotels cars s&#8217;han desinflat, el que ara despunta s\u00f3n els intercanvis entre fam\u00edlies de dos pa\u00efsos diferents que volen visitar les noves ciutats. Aquesta pr\u00e0ctica no assumeix cap cost d&#8217;allotjament, ja que \u00e9s un favor per favor. El mateix passa, per exemple, tot i que de manera m\u00e9s local i menys atrevida, quan compartim cotxe amb desconeguts per realitzar un trajecte i estalviar en gasolina, peatges i embussos, fet que es tradueix en temps.<br \/>\nAra pensem en els aven\u00e7os tecnol\u00f2gics que a dia d&#8217;avui ja hi ha a moltes cases. Encara que a primera vista poden semblar in\u00fatils, les impressores 3D ens permeten realitzar els nostres propis productes mitjan\u00e7ant la reutilitzaci\u00f3 d&#8217;altres materials com el paper i el pl\u00e0stic, amb cost marginal molt proper a zero. En uns anys, per tant, els consumidors podrem fabricar qualsevol producte que necessitem a casa.<\/p>\n<blockquote>\n<h2 style=\"color: #cc8215;\">Les empreses han de comen\u00e7ar a adonar-se que el desenvolupament de la tecnologia i la compet\u00e8ncia cont\u00ednua entre agents del mercat empenyeran molts sectors cap a productes i serveis gaireb\u00e9 gratu\u00efts, els quals ho s\u00f3n pel seu esc\u00e0s cost marginal de producci\u00f3<\/h2>\n<\/blockquote>\n<p><span style=\"color: #cc8215; font-weight: bold; text-transform: uppercase;\">Avantatges per protegir el planeta<\/span><br \/>\n<img decoding=\"async\" loading=\"lazy\" class=\"alignright size-full wp-image-7140\" src=\"http:\/\/monempresarial.com\/wp-content\/uploads\/2015\/10\/mon-empresarial-003-jeremy-capitalisme.png\" alt=\"mon-empresarial-003-jeremy-capitalisme\" width=\"300\" height=\"400\" srcset=\"https:\/\/www.monempresarial.com\/wp-content\/uploads\/2015\/10\/mon-empresarial-003-jeremy-capitalisme.png 300w, https:\/\/www.monempresarial.com\/wp-content\/uploads\/2015\/10\/mon-empresarial-003-jeremy-capitalisme-225x300.png 225w\" sizes=\"(max-width: 300px) 100vw, 300px\" \/>D\u2019altra banda, i m\u00e9s enll\u00e0 d\u2019avantatges econ\u00f2mics, l&#8217;aspecte ecol\u00f2gic i la cura del planeta s\u00f3n dos assumptes que cada vegada tenen m\u00e9s inter\u00e8s entre la societat, i la consci\u00e8ncia que hem de cuidar els recursos ha fet que la majoria de pa\u00efsos desenvolupats comptin amb energia que tamb\u00e9 t\u00e9 un cost pr\u00e0cticament zero. Un cop es recuperin els costos fixos de les instal\u00b7lacions e\u00f2liques i solars, l&#8217;energia de les llars i empreses tindr\u00e0 cost zero, at\u00e8s que s&#8217;aprofitar\u00e0 de recursos totalment renovables i es deixaran de banda la gasolina o l&#8217;energia nuclear, on ens trobem que aquesta mat\u00e8ria primera t\u00e9 un cost que es veur\u00e0 destitu\u00eft pel sol escalfant els panells solars i el vent en les plantes e\u00f2liques a les muntanyes. Aix\u00ed mateix, gr\u00e0cies a Internet, els consumidors podran consultar el seu consum el\u00e8ctric, podran optimitzar el seu \u00fas i efici\u00e8ncia, i fins i tot compartir l&#8217;energia sobrant.<\/p>\n<p><span style=\"color: #cc8215; font-weight: bold; text-transform: uppercase;\">D\u2019all\u00f2 m\u00e9s particular al que \u00e9s m\u00e9s general<\/span><br \/>\nEls canvis han comen\u00e7at a petita escala, per\u00f2 amenacen les grans corporacions. Les empreses han d&#8217;acceptar aquest canvi i dirigir les seves activitats cap al servei complementari i les solucions en xarxa per poder anar en conson\u00e0ncia amb el que va esdevenint al seu voltant. Ha de construir-se una infraestructura tecnol\u00f2gica nova perqu\u00e8 els costos marginals es redueixin pr\u00e0cticament a zero, podent garantir, al seu torn, la seguretat de les dades dels usuaris que utilitzaran i navegaran per aquests nous productes, i la protecci\u00f3 de la privacitat personal en aquest nou m\u00f3n connectat i independent: la utilitat p\u00fablica col\u00b7laborativa.<\/p>\n<div style=\"background-color: #cc8215; text-align: center;\"><span style=\"color: #ffffff; font-weight: bold; font-size: 20px;\">Ad\u00e9u al pensament<\/span> <span style=\"color: #000000; font-weight: bold; font-size: 20px;\">cl\u00e0ssic<\/span><\/div>\n<p><span style=\"color: #000000; font-weight: bold; text-transform: uppercase;\">Rifkin trenca amb els esquemes econ\u00f2mics<\/span> de m\u00e9s de 50 anys d&#8217;antiguitat, presentant una situaci\u00f3 i un enfocament totalment nous i estimulants que ajudaran a agafar el ritme evolutiu que la societat actual ve presentant. \u00c9s dif\u00edcil no arribar a simpatitzar amb les idees que l&#8217;economista proposa, ja que segueixen la m\u00e9s pura l\u00ednia de la l\u00f2gica, avaluant la situaci\u00f3 actual i l&#8217;esdevenir dels fets posteriors m\u00e9s probables amb un desenvolupament social \u00f2ptim.<br \/>\nD&#8217;altra banda, \u00e9s complicat arribar a assolir en tots els mercats el cost marginal zero i absolut, at\u00e8s que encara que un producte hagi estat creat amb zero cost, l&#8217;esfor\u00e7 i l&#8217;aportaci\u00f3 d&#8217;un valor han de continuar existint per poder seguir progressant en el mercat: han de seguir havent-hi empreses que siguin capaces de crear riquesa per a la societat i valors econ\u00f2mics amb noves apostes.<\/p>\n<div style=\"background-color: #cc8215; text-align: center;\"><span style=\"color: #ffffff; font-weight: bold; font-size: 20px;\">De prop<\/span><\/div>\n<p><img decoding=\"async\" loading=\"lazy\" class=\" wp-image-7123 alignright\" src=\"http:\/\/monempresarial.com\/wp-content\/uploads\/2015\/10\/mon-empresarial-003-societat-internet1.png\" alt=\"mon-empresarial-003-societat-internet\" width=\"559\" height=\"197\" srcset=\"https:\/\/www.monempresarial.com\/wp-content\/uploads\/2015\/10\/mon-empresarial-003-societat-internet1.png 650w, https:\/\/www.monempresarial.com\/wp-content\/uploads\/2015\/10\/mon-empresarial-003-societat-internet1-300x106.png 300w, https:\/\/www.monempresarial.com\/wp-content\/uploads\/2015\/10\/mon-empresarial-003-societat-internet1-300x106@2x.png 600w\" sizes=\"(max-width: 559px) 100vw, 559px\" \/>L&#8217;economista Jeremy Rifkin (Denver, Colorado, EUA, 1946) \u00e9s president de la Foundation on Economic Trends, amb seu a Washington, i autor d&#8217;un total de 19 \u00e8xits editorials que parlen sobre l&#8217;impacte dels canvis cient\u00edfics i tecnol\u00f2gics en l&#8217;economia , les empreses, el treball, el medi ambient i la societat. Entre els seus llibres m\u00e9s recents es troben el <i>best-seller<\/i> del <i>New York Times, La Tercera Revoluci\u00f3n Industrial<\/i>, aix\u00ed com <i>El fin del trabajo, El siglo de la Biotecnolog\u00eda, La Civilizaci\u00f3n Emp\u00e1tica<\/i> i <i>La sociedad de coste marginal cero<\/i>.<\/p>\n","protected":false},"excerpt":{"rendered":"<p>En el llibre La sociedad de coste marginal cero: El Internet de las cosas, los bienes comunes y el eclipse del capitalismo, Jeremy Rifkin posa de manifest la situaci\u00f3 en qu\u00e8 es troba el nostre m\u00f3n regentat pel capitalisme -ara en perill- despr\u00e9s de tants anys de grans gl\u00f2ries.<\/p>\n","protected":false},"author":4,"featured_media":7109,"comment_status":"open","ping_status":"open","sticky":false,"template":"","format":"standard","meta":{"_mi_skip_tracking":false,"mc4wp_mailchimp_campaign":[],"jnews-multi-image_gallery":[],"jnews_single_post":[],"jnews_primary_category":[]},"categories":[10820,10821,10822,11,5057],"tags":[958,1224,1225,1226,1227,1228,1229,1230,1231,1232,113,180,931],"_links":{"self":[{"href":"https:\/\/www.monempresarial.com\/ca\/wp-json\/wp\/v2\/posts\/7092"}],"collection":[{"href":"https:\/\/www.monempresarial.com\/ca\/wp-json\/wp\/v2\/posts"}],"about":[{"href":"https:\/\/www.monempresarial.com\/ca\/wp-json\/wp\/v2\/types\/post"}],"author":[{"embeddable":true,"href":"https:\/\/www.monempresarial.com\/ca\/wp-json\/wp\/v2\/users\/4"}],"replies":[{"embeddable":true,"href":"https:\/\/www.monempresarial.com\/ca\/wp-json\/wp\/v2\/comments?post=7092"}],"version-history":[{"count":1,"href":"https:\/\/www.monempresarial.com\/ca\/wp-json\/wp\/v2\/posts\/7092\/revisions"}],"predecessor-version":[{"id":46298,"href":"https:\/\/www.monempresarial.com\/ca\/wp-json\/wp\/v2\/posts\/7092\/revisions\/46298"}],"wp:featuredmedia":[{"embeddable":true,"href":"https:\/\/www.monempresarial.com\/ca\/wp-json\/wp\/v2\/media\/7109"}],"wp:attachment":[{"href":"https:\/\/www.monempresarial.com\/ca\/wp-json\/wp\/v2\/media?parent=7092"}],"wp:term":[{"taxonomy":"category","embeddable":true,"href":"https:\/\/www.monempresarial.com\/ca\/wp-json\/wp\/v2\/categories?post=7092"},{"taxonomy":"post_tag","embeddable":true,"href":"https:\/\/www.monempresarial.com\/ca\/wp-json\/wp\/v2\/tags?post=7092"}],"curies":[{"name":"wp","href":"https:\/\/api.w.org\/{rel}","templated":true}]}}