{"id":711,"date":"2014-04-25T08:00:09","date_gmt":"2014-04-25T06:00:09","guid":{"rendered":"http:\/\/monempresarial.com\/?p=711"},"modified":"2025-09-16T11:40:31","modified_gmt":"2025-09-16T09:40:31","slug":"cal-que-els-recursos-publics-per-als-serveis-docupacio-augmentin-automaticament-quan-augmenta-latur","status":"publish","type":"post","link":"https:\/\/www.monempresarial.com\/ca\/2014\/04\/25\/cal-que-els-recursos-publics-per-als-serveis-docupacio-augmentin-automaticament-quan-augmenta-latur\/","title":{"rendered":"Entrevista a Herwig Immervol,<\/span> economista a l&#8217;OCDE i responsable de l&#8217;informe &#8220;Panorama de la Societat 2014&#8221;"},"content":{"rendered":"<h4>Text: <a style=\"color: #719f8c;\" href=\"http:\/\/monempresarial.com\/author\/rcorrea\/\" target=\"_blank\" rel=\"noopener noreferrer\">Raquel Correa. Brussel\u00b7les<\/a><\/h4>\n<hr style=\"color: #b72126;\" \/>\n<blockquote>\n<h2 style=\"color: #719f8c; text-align: center;\">&#8220;Cal que els recursos p\u00fablics per als serveis d\u2019ocupaci\u00f3 augmentin autom\u00e0ticament quan augmenta l\u2019atur.\u201d<\/h2>\n<\/blockquote>\n<p><span style=\"color: #719f8c; font-weight: bold;\">Qu\u00e8 t\u00e9 de diferent l\u2019informe de l\u2019OCDE amb els informes econ\u00f2mics d\u2019altres institucions, com l\u2019FMI o la Comissi\u00f3 Europea?<\/span><br \/>\nEl que intenta el nostre informe \u00e9s donar a la dimensi\u00f3 social la prioritat que mereix. Perqu\u00e8 sovint, quan parlem de les conseq\u00fc\u00e8ncies de la crisi, el debat se centra en indicadors macroecon\u00f2mics o a valorar les pol\u00edtiques governamentals o l\u2019estat del sector financer, per\u00f2 nosaltres creiem que les conseq\u00fc\u00e8ncies negatives de la crisi a llarg termini s\u00f3n particularment greus en l\u2019\u00e0rea social, i per aix\u00f2 urgim els governs que actu\u00efn entre els m\u00e9s afectats.<\/p>\n<p><span style=\"color: #719f8c; font-weight: bold;\">L\u2019estudi demostra com a Espanya, per exemple, la crisi ha redu\u00eft la taxa de fertilitat i ha augmentat la fuga de cervells. Quina \u00e9s la conseq\u00fc\u00e8ncia m\u00e9s greu que la crisi ha deixat a l\u2019Estat?<\/span><br \/>\nUna de les nostres principals preocupacions \u00e9s que, a Espanya, la crisi no ha colpejat sim\u00e8tricament, sin\u00f3 a uns grups m\u00e9s que a d\u2019altres, afegint desigualtat a la desigualtat, que a Espanya ja era alta abans de la crisi.<\/p>\n<p><span style=\"color: #719f8c; font-weight: bold;\">Si Espanya hagu\u00e9s de copiar el model d\u2019un altre pa\u00eds de l\u2019OCDE que se n\u2019ha sortit millor en la gesti\u00f3 de les conseq\u00fc\u00e8ncies de la crisi, quin seria?<\/span><br \/>\nAquest \u00e9s el nucli de l\u2019acci\u00f3 de l\u2019OCDE: analitzar qu\u00e8 fan diferents pa\u00efsos i proporcionar exemples de bones pr\u00e0ctiques dels uns per als altres. No es tracta de copiar l\u2019estrat\u00e8gia d\u2019un pa\u00eds en un context totalment diferent, per\u00f2 per exemple, a Irlanda, que tamb\u00e9 ha patit una crisi severa, el sistema de protecci\u00f3 social estava molt ben establert per esmorteir-ne els efectes. Aix\u00ed, mentre que entre 2007 i 2012 els ingressos queien, la pobresa no ha crescut. I aix\u00f2 \u00e9s gr\u00e0cies a qu\u00e8 les ajudes del sistema social estan molt ben dirigides a les fam\u00edlies m\u00e9s desafavorides, i aquest no \u00e9s el cas d\u2019Espanya. Tampoc no \u00e9s que tot funcioni a Irlanda! Comparteixen altres reptes amb Espanya, com les fam\u00edlies on ning\u00fa no treballa i depenen dels subsidis: com fas que la gent que viu d\u2019ajudes torni al mercat laboral?<\/p>\n<p><span style=\"color: #719f8c; font-weight: bold;\">I com es fa?<\/span><br \/>\nCalen pol\u00edtiques laborals actives que inverteixin en programes que facilitin la transici\u00f3 al mercat laboral. I aquest \u00e9s el problema a molts pa\u00efsos de l\u2019OCDE: que mentre les taxes d\u2019atur augmenten, els recursos per ajudar la gent a tornar al mercat laboral estan congelats. Dinamarca i Su\u00efssa s\u00f3n bons exemples perqu\u00e8 quan l\u2019atur puja, els recursos disponibles per als serveis p\u00fablics d\u2019ocupaci\u00f3 augmenten autom\u00e0ticament.<\/p>\n<p><span style=\"color: #719f8c; font-weight: bold;\">I si hagu\u00e9s de dir quin model hauria d\u2019evitar Espanya?<\/span><br \/>\nNo es tracta d\u2019assenyalar amb el dit, perqu\u00e8 els efectes de la crisi no s\u00f3n resultat d\u2019una acci\u00f3 pol\u00edtica concreta o un per\u00edode de govern, sin\u00f3 del que ha passat durant molt anys. Per\u00f2 a Europa, qui ha hagut de fer front a m\u00e9s problemes econ\u00f2mics i socials \u00e9s Gr\u00e8cia, que no comptava amb un programa social per a les fam\u00edlies m\u00e9s desafavorides ni amb prestacions m\u00ednimes d\u2019inserci\u00f3. I tot i que els responsables pol\u00edtics ja fa cinc anys que s\u2019han adonat d\u2019aquesta mancan\u00e7a, encara avui, Gr\u00e8cia no compta amb una xarxa d\u2019assist\u00e8ncia social efectiva, i aix\u00f2 demostra la dificultat de crear un sistema de protecci\u00f3 social des de zero. Cal disposar d\u2019un sistema de protecci\u00f3 social que es pugui ampliar quan hi ha problemes i reduir quan l\u2019economia millora. Per\u00f2 \u00e9s dif\u00edcil arreglar el sostre quan plou, cal fer-ho quan fa sol.<\/p>\n","protected":false},"excerpt":{"rendered":"<p>Entrevista a Herwig Immervol, economista a l&#8217;OCDE i responsable de l&#8217;informe &#8220;Panorama de la Societat 2014&#8221;.<\/p>\n","protected":false},"author":1,"featured_media":713,"comment_status":"closed","ping_status":"open","sticky":false,"template":"","format":"standard","meta":{"_mi_skip_tracking":false,"mc4wp_mailchimp_campaign":[],"jnews-multi-image_gallery":[],"jnews_single_post":[],"jnews_primary_category":[]},"categories":[9,10839,10815,10843,19],"tags":[112,915,2264,5741,5742],"_links":{"self":[{"href":"https:\/\/www.monempresarial.com\/ca\/wp-json\/wp\/v2\/posts\/711"}],"collection":[{"href":"https:\/\/www.monempresarial.com\/ca\/wp-json\/wp\/v2\/posts"}],"about":[{"href":"https:\/\/www.monempresarial.com\/ca\/wp-json\/wp\/v2\/types\/post"}],"author":[{"embeddable":true,"href":"https:\/\/www.monempresarial.com\/ca\/wp-json\/wp\/v2\/users\/1"}],"replies":[{"embeddable":true,"href":"https:\/\/www.monempresarial.com\/ca\/wp-json\/wp\/v2\/comments?post=711"}],"version-history":[{"count":1,"href":"https:\/\/www.monempresarial.com\/ca\/wp-json\/wp\/v2\/posts\/711\/revisions"}],"predecessor-version":[{"id":47100,"href":"https:\/\/www.monempresarial.com\/ca\/wp-json\/wp\/v2\/posts\/711\/revisions\/47100"}],"wp:featuredmedia":[{"embeddable":true,"href":"https:\/\/www.monempresarial.com\/ca\/wp-json\/wp\/v2\/media\/713"}],"wp:attachment":[{"href":"https:\/\/www.monempresarial.com\/ca\/wp-json\/wp\/v2\/media?parent=711"}],"wp:term":[{"taxonomy":"category","embeddable":true,"href":"https:\/\/www.monempresarial.com\/ca\/wp-json\/wp\/v2\/categories?post=711"},{"taxonomy":"post_tag","embeddable":true,"href":"https:\/\/www.monempresarial.com\/ca\/wp-json\/wp\/v2\/tags?post=711"}],"curies":[{"name":"wp","href":"https:\/\/api.w.org\/{rel}","templated":true}]}}