{"id":720,"date":"2014-04-23T08:00:05","date_gmt":"2014-04-23T07:00:05","guid":{"rendered":"http:\/\/monempresarial.com\/?p=720"},"modified":"2022-12-22T02:37:16","modified_gmt":"2022-12-22T01:37:16","slug":"una-economia-forta-a-europa-i-al-mon","status":"publish","type":"post","link":"https:\/\/www.monempresarial.com\/ca\/2014\/04\/23\/una-economia-forta-a-europa-i-al-mon\/","title":{"rendered":"Una economia forta a Europa i al m\u00f3n"},"content":{"rendered":"<figure id=\"attachment_722\" aria-describedby=\"caption-attachment-722\" style=\"width: 430px\" class=\"wp-caption alignleft\"><a href=\"http:\/\/monempresarial.com\/wp-content\/uploads\/2014\/04\/monempresarial-153-Artur-Mas.png\"><img decoding=\"async\" loading=\"lazy\" class=\"wp-image-722\" src=\"http:\/\/monempresarial.com\/wp-content\/uploads\/2014\/04\/monempresarial-153-Artur-Mas.png\" alt=\"Artur Mas i Gavarr\u00f3, president de la Generalitat de Catalunya\" width=\"430\" height=\"522\" srcset=\"https:\/\/www.monempresarial.com\/wp-content\/uploads\/2014\/04\/monempresarial-153-Artur-Mas.png 600w, https:\/\/www.monempresarial.com\/wp-content\/uploads\/2014\/04\/monempresarial-153-Artur-Mas-247x300.png 247w, https:\/\/www.monempresarial.com\/wp-content\/uploads\/2014\/04\/monempresarial-153-Artur-Mas-247x300@2x.png 494w\" sizes=\"(max-width: 430px) 100vw, 430px\" \/><\/a><figcaption id=\"caption-attachment-722\" class=\"wp-caption-text\">Artur Mas i Gavarr\u00f3, president de la Generalitat de Catalunya.\u00a0\u00a0 \u00a0\u00a0\/\u00a0R.MORENO.<\/figcaption><\/figure>\n<p style=\"text-align: right;\">Artur Mas i Gavarr\u00f3<\/p>\n<p>Catalunya i els catalans, per hist\u00f2ria, per vocaci\u00f3 i per traject\u00f2ria, ens sentim profundament europeus i hem defensat sempre aquesta mentalitat. Ens hem implicat d\u2019una manera estreta en la construcci\u00f3 d\u2019Europa i ara \u00e9s el moment de refor\u00e7ar aquest vincle. Les eleccions del proper dia 25 de maig s\u00f3n una oportunitat perqu\u00e8 demostrem novament que Catalunya \u00e9s i ser\u00e0 el millor aliat per construir l\u2019Europa del futur.<br \/>\nDes de Catalunya veiem aquest futur europeu com una veritable uni\u00f3 d\u2019Estats, uns Estats Units d\u2019Europa, recollint l\u2019esperit fundacional de Monnet i Schuman. Una Europa federal, amb menys poder per als estats i m\u00e9s per a les regions, i una Europa participativa i dels pobles. Caldr\u00e0 veure si aquesta unitat pol\u00edtica ser\u00e0 possible o no, per\u00f2, si no ho fos, Catalunya aspira que se\u2019ns reconeguin les mateixes prerrogatives que tenen altres pa\u00efsos europeus amb caracter\u00edstiques semblants a nosaltres, com \u00e9s el cas d\u2019\u00c0ustria o Dinamarca. Aquesta \u00e9s la nostra aposta com a pa\u00eds.<br \/>\nPerqu\u00e8 Catalunya pot aspirar a aquest estatus. Som una antiga naci\u00f3 d\u2019Europa, que hem sabut mantenir els nostres trets d\u2019identitat al llarg de la hist\u00f2ria, i som, en aquests moments, el territori del sud d\u2019Europa m\u00e9s ben preparat i amb capacitat de lideratge com a motor de recuperaci\u00f3 econ\u00f2mica.<br \/>\n\u00c9s cert que encara hi ha boires que enterboleixen l\u2019horitz\u00f3, per\u00f2, despr\u00e9s de sis anys de dura recessi\u00f3 econ\u00f2mica, es comencen a observar els primers s\u00edmptomes d\u2019un canvi de tend\u00e8ncia, que, amb molta prud\u00e8ncia, crec que poden marcar clarament l\u2019any 2014.<br \/>\nAquests s\u00edmptomes de recuperaci\u00f3 es perceben en un millor funcionament de l\u2019economia, en una reducci\u00f3 de l\u2019atur i en una major possibilitat de creaci\u00f3 de llocs de treball. No podem llan\u00e7ar les campanes al vol en el tema de l\u2019atur, perqu\u00e8 \u00e9s una ferida que encara afecta moltes fam\u00edlies del nost re pa\u00eds, per\u00f2 hi ha alguns canvis que ens fan mirar el futur amb una mica d\u2019esperan\u00e7a; per exemple, la millora de l\u2019economia a Catalunya, que en el tercer trimestre del 2013 ha recuperat el creixement positiu en termes trimestrals en un 0,2%. Va ser el primer creixement del PIB catal\u00e0 en nou mesos.<\/p>\n<blockquote>\n<h2>\u201cLes eleccions del proper dia 25 de maig s\u00f3n una oportunitat perqu\u00e8 demostrem novament que Catalunya \u00e9s i ser\u00e0 el millor aliat per construir l\u2019europa del futur\u201d<\/h2>\n<\/blockquote>\n<p>Aquestes no s\u00f3n les \u00faniques dades positives. L\u2019any passat l\u2019economia catalana va liderar les exportacions amb gaireb\u00e9 una tercera part del total de l\u2019Estat espanyol. Les pimescatalanes saben que, per ser fortes a dins, s\u2019ha de sortir tamb\u00e9 a l\u2019exterior i aix\u00f2 est\u00e0 sent la punta de llan\u00e7a de la recuperaci\u00f3 econ\u00f2mica del pa\u00eds. El turisme, un altre sector clau, va cr\u00e9ixer l\u2019any passat fins a arribar als 15,6 milions, un 8% m\u00e9s que el 2012. De tots els turistes estrangers que va rebre l\u2019Estat l\u2019any passat, m\u00e9s del 25% van venir a Catalunya. I vam ser tamb\u00e9 capdavant er s en alt r es camps com en el de patents registrades o la captaci\u00f3 de fons europeus per a recerca.<br \/>\nSi hi ha un sector que denota, sobretot, la confian\u00e7a que es t\u00e9 en l\u2019economia catalana \u00e9s la inversi\u00f3 estrangera. Catalunya \u00e9s l\u00edder a Europa en la captaci\u00f3 d\u2019aquesta inversi\u00f3, que ha anat creixent sense parar en aquests \u00faltims anys. Aquestes dades posen de manifest un fet important i \u00e9s que el proc\u00e9s que est\u00e0 vivint Catalunya a favor del dret a decidir el nostre futur pol\u00edtic no preocupa en absolut els inversors ni representa cap fre o barrera a les nostres exportacions.<br \/>\nAix\u00ed doncs, una economia que lidera tots aquests camps \u00e9s una economia s\u00f2lida, que avan\u00e7a, que \u00e9s atractiva i t\u00e9 molt actius, per\u00f2 ara, el que ens falta s\u00f3n els instruments per donar m\u00e9s for\u00e7a i empenta al pa\u00eds, per tenir m\u00e9s capacitat de ser locomotor i anar endavant; en definitiva, per fer de Catalunya un pa\u00eds referent i capdavanter a Europa i al m\u00f3n.<br \/>\n\u00c9s aquesta falta d\u2019instruments per fer el salt definitiu que necessita l\u2019economia catalana el que est\u00e0 empenyent a una majoria de la societat catalana a dur a terme el proc\u00e9s de transici\u00f3 nacional que creiem que el pa\u00eds necessita. Volem ser un pa\u00eds normal, volem poder decidir el nostre futur. Per aix\u00f2, ens cal anar a Europa a buscar aliats per defensar el nostre dret a decidir. I hi anem amb la millor carta de presentaci\u00f3: amb un projecte pac\u00edfic, il\u00b7lusionant, democr\u00e0tic i amb un suport civil i popular majoritari.<br \/>\nA Europa impacta molt aquesta forma democr\u00e0tica, pac\u00edfica i il\u00b7lusionada de presentar-nos, perqu\u00e8 ella mateixa s\u2019ha constru\u00eft sobre els valors dels drets de la llibertat, la democr\u00e0cia i la pau. Amb la consulta del proper dia 9 de novembre i la transici\u00f3 posterior que comporti, Europa t\u00e9 una oportunitat per tornar a demostrar a la resta del m\u00f3n les seves grans qualitats i capacitats per fer front als desafiaments pac\u00edficament, democr\u00e0ticament i amb esperit de llibertat.<\/p>\n","protected":false},"excerpt":{"rendered":"<p>Artur Mas: \u201cLes eleccions del proper dia 25 de maig s\u00f3n una oportunitat perqu\u00e8 demostrem novament que Catalunya \u00e9s i ser\u00e0 el millor aliat per construir l\u2019europa del futur\u201d<\/p>\n","protected":false},"author":8,"featured_media":726,"comment_status":"closed","ping_status":"open","sticky":false,"template":"","format":"standard","meta":{"_mi_skip_tracking":false,"mc4wp_mailchimp_campaign":[],"jnews-multi-image_gallery":[],"jnews_single_post":[],"jnews_primary_category":[]},"categories":[10839,10840,9,10815,18],"tags":[],"_links":{"self":[{"href":"https:\/\/www.monempresarial.com\/ca\/wp-json\/wp\/v2\/posts\/720"}],"collection":[{"href":"https:\/\/www.monempresarial.com\/ca\/wp-json\/wp\/v2\/posts"}],"about":[{"href":"https:\/\/www.monempresarial.com\/ca\/wp-json\/wp\/v2\/types\/post"}],"author":[{"embeddable":true,"href":"https:\/\/www.monempresarial.com\/ca\/wp-json\/wp\/v2\/users\/8"}],"replies":[{"embeddable":true,"href":"https:\/\/www.monempresarial.com\/ca\/wp-json\/wp\/v2\/comments?post=720"}],"version-history":[{"count":0,"href":"https:\/\/www.monempresarial.com\/ca\/wp-json\/wp\/v2\/posts\/720\/revisions"}],"wp:featuredmedia":[{"embeddable":true,"href":"https:\/\/www.monempresarial.com\/ca\/wp-json\/wp\/v2\/media\/726"}],"wp:attachment":[{"href":"https:\/\/www.monempresarial.com\/ca\/wp-json\/wp\/v2\/media?parent=720"}],"wp:term":[{"taxonomy":"category","embeddable":true,"href":"https:\/\/www.monempresarial.com\/ca\/wp-json\/wp\/v2\/categories?post=720"},{"taxonomy":"post_tag","embeddable":true,"href":"https:\/\/www.monempresarial.com\/ca\/wp-json\/wp\/v2\/tags?post=720"}],"curies":[{"name":"wp","href":"https:\/\/api.w.org\/{rel}","templated":true}]}}