{"id":7270,"date":"2015-11-04T18:30:03","date_gmt":"2015-11-04T17:30:03","guid":{"rendered":"http:\/\/monempresarial.com\/?p=7270"},"modified":"2025-09-24T09:54:01","modified_gmt":"2025-09-24T07:54:01","slug":"entrevista-marius-carol-director-la-vanguardia","status":"publish","type":"post","link":"https:\/\/www.monempresarial.com\/ca\/2015\/11\/04\/entrevista-marius-carol-director-la-vanguardia\/","title":{"rendered":"Entrevista a M\u00e0rius Carol,<\/span> director de <i>La Vanguardia<\/i>"},"content":{"rendered":"<h4>Des de fa 18 mesos ocupa la direcci\u00f3 de <em>La Vanguardia<\/em>, tot un caramel per a alg\u00fa que encara el final de la seva carrera professional. I \u00e9s que en M\u00e0rius Carol se sent avui igual d\u2019entusiasta que durant els seus primers anys d\u2019exercici professional, i valora m\u00e9s que mai envoltar-se d\u2019un equip jove i inquiet com el que conforma la redacci\u00f3 d\u2019aquest rotatiu, on ell continua gaudint escrivint di\u00e0riament a les seves p\u00e0gines.<\/h4>\n<h4>Text: <a style=\"color: #999933;\" href=\"http:\/\/monempresarial.com\/author\/eescolan\/\">Esther Escol\u00e1n<\/a>\u00a0Fotos: <span style=\"color: #999933;\">Ignacio Adeva<\/span><\/h4>\n<hr style=\"color: #b72126;\" \/>\n<p><span style=\"color: #000000; font-weight: bold;\"><img decoding=\"async\" loading=\"lazy\" class=\" wp-image-7278 alignright\" src=\"http:\/\/monempresarial.com\/wp-content\/uploads\/2015\/10\/mon-empresarial-003-marius-carol.png\" alt=\"mon-empresarial-003-marius-carol\" width=\"392\" height=\"261\" srcset=\"https:\/\/www.monempresarial.com\/wp-content\/uploads\/2015\/10\/mon-empresarial-003-marius-carol.png 350w, https:\/\/www.monempresarial.com\/wp-content\/uploads\/2015\/10\/mon-empresarial-003-marius-carol-300x200.png 300w, https:\/\/www.monempresarial.com\/wp-content\/uploads\/2015\/10\/mon-empresarial-003-marius-carol-252x167.png 252w\" sizes=\"(max-width: 392px) 100vw, 392px\" \/>El desembre de 2013 \u00e9s nomenat director de <i>La Vanguardia<\/i>, diari amb el qual porta 27 anys vinculat. Quina ha estat la part m\u00e9s dura d\u2019aquesta etapa?<\/span><br \/>\nDirigir un diari sempre \u00e9s dur i m\u00e9s actualment, quan formar part d\u2019una cap\u00e7alera de refer\u00e8ncia com <i>La Vanguardia<\/i> et situa a l\u2019ull de l\u2019hurac\u00e0. Aix\u00f2, de vegades, et porta a sentir-te incompr\u00e8s, per\u00f2 tinc el gran avantatge de comptar amb un equip hum\u00e0 magn\u00edfic. \u00c9s clar que, despr\u00e9s, hi ha dies que arribes a casa fet pols o amb la sensaci\u00f3 que, malgrat haver fet un gran esfor\u00e7 per donar una determinada not\u00edcia, la gent te l\u2019ha mal interpretada; per\u00f2 aquest \u00e9s un risc que hom assumeix. Un diari no deixa de ser una interpretaci\u00f3 del m\u00f3n a trav\u00e9s dels ulls d\u2019un grup de periodistes, i tots ens podem equivocar, per\u00f2 si el grup est\u00e0 cohesionat i el diari t\u00e9 una concepci\u00f3 honrada del m\u00f3n sempre hi haur\u00e0 lectors disposats a llegir-te, i tu has de cuidar-los i no maltractar-los.<\/p>\n<p><span style=\"color: #000000; font-weight: bold;\">A m\u00e9s, no \u00e9s un moment f\u00e0cil per a la premsa&#8230; <\/span><br \/>\nActualment aglutinem una audi\u00e8ncia d\u2019un mili\u00f3 i mig de lectors. Mai, en la hist\u00f2ria de <i>La Vanguardia<\/i>, no ens havia llegit tanta gent, per\u00f2 el model de negoci mai no havia estat tan dif\u00edcil. La premsa, en general, ha patit una doble crisi, una econ\u00f2mica i una altra al si del sector: en els darrers vuit anys, 11.000 periodistes de premsa escrita han perdut la seva feina i ens hem quedat amb un ter\u00e7 de la publicitat que es movia aleshores. Com es pot sortir air\u00f3s d\u2019aquest panorama? Ajustant costos, traient el m\u00e0xim rendiment possible de l\u2019equip i sent molt imaginatiu a l\u2019hora de conformar la teva proposta de valor. Fer un diari de qualitat, per\u00f2, \u00e9s molt car.<\/p>\n<p><span style=\"color: #000000; font-weight: bold;\">I quin escenari futur pronostica, tenint en compte aquests factors?<\/span><br \/>\nA mi em meravella que, sent el tercer pa\u00eds que menys diaris llegeix de la UE, Espanya sigui el segon en nombre de cap\u00e7aleres, per darrere d\u2019Alemanya, amb un total de 110. Amb aix\u00f2 no vull dir en absolut que cap hagi de tancar, per\u00f2 en un escenari on alguns diaris venen tan sols un miler d\u2019exemplars, cal que el m\u00f3n de la premsa s\u2019ordeni i tots acabin \u2013acabem\u2013 trobant el nostre lloc. En aquest sentit, jo crec que com a premsa escrita seran pocs els que sobrevisquin; potser aquells de refer\u00e8ncia, amb una proposta de valor clara i que s\u2019adrecin a un p\u00fablic que no en t\u00e9 prou amb la informaci\u00f3 que obt\u00e9 a trav\u00e9s dels diaris digitals i les xarxes socials. Solen ser lectors que han de prendre decisions clau a la seva vida i que utilitzen la premsa escrita com a prescriptor a l\u2019hora d\u2019interpretar la realitat que ens envolta.<\/p>\n<blockquote>\n<h2 style=\"color: #999933;\">\u201cIntento mantenir la mateixa il\u00b7lusi\u00f3 per les coses que als inicis, a m\u00e9s del meu optimisme i entusiasme innats. La vida \u00e9s una carrera d\u2019obstacles, per\u00f2 el repte resideix a superar-los.\u201d<\/h2>\n<\/blockquote>\n<p><span style=\"color: #000000; font-weight: bold;\">Com descriuria \u2013amb tres adjectius\u2013 aquesta realitat?<\/span><br \/>\nExtraordin\u00e0riament complexa, apassionant i motivadora.<\/p>\n<p><span style=\"color: #000000; font-weight: bold;\">En una entrevista recent a la revista <i>Cap\u00e7alera<\/i> afirmava que \u201csom fills dels diaris que hem llegit\u201d. Quins altres referents han marcat la seva traject\u00f2ria?<\/span><br \/>\nA casa meva, el meu pare portava cada dia <i>El correo catal\u00e1n<\/i>, un diari que va acabar esdevenint per a mi una eina que m\u2019ajudava a entendre tot all\u00f2 que passava fora de casa i que va esdevenir clau a l\u2019hora d\u2019accedir a l\u2019Escola Oficial de Periodisme. Recordo perfectament haver demanat ajuda al meu pare per preparar-me l\u2019examen d\u2019actualitat i com, a trav\u00e9s d\u2019un company seu de feina que coneixia alg\u00fa altre que treballava a <i>El correo catal\u00e1n<\/i>, vaig romandre estudiant durant un mes a l\u2019hemeroteca del diari. Abans, per\u00f2, quan tenia 13 o 14 anys, un estiu vaig descobrir el m\u00f3n de la r\u00e0dio a trav\u00e9s d\u2019uns tallers que es feien a R\u00e0dio Barcelona. Va ser en aquell moment que vaig decidir dedicar-me al periodisme. Anys despr\u00e9s, durant el segon curs de la carrera, la meva primera oportunitat professional va venir de la m\u00e0 d\u2019en Manuel Tar\u00edn, director d\u2019<i>El Noticiero Universal<\/i>, qui em va encarregar unes cr\u00f2niques estiuenques des de diferents municipis catalans. En aquell moment em pagaven 300 pessetes per pe\u00e7a!<\/p>\n<p><img decoding=\"async\" loading=\"lazy\" class=\"alignright size-full wp-image-7284\" src=\"http:\/\/monempresarial.com\/wp-content\/uploads\/2015\/10\/mon-empresarial-003-director-vanguardia1.png\" alt=\"mon-empresarial-003-director-vanguardia\" width=\"450\" height=\"300\" srcset=\"https:\/\/www.monempresarial.com\/wp-content\/uploads\/2015\/10\/mon-empresarial-003-director-vanguardia1.png 450w, https:\/\/www.monempresarial.com\/wp-content\/uploads\/2015\/10\/mon-empresarial-003-director-vanguardia1-300x200.png 300w, https:\/\/www.monempresarial.com\/wp-content\/uploads\/2015\/10\/mon-empresarial-003-director-vanguardia1-252x167.png 252w\" sizes=\"(max-width: 450px) 100vw, 450px\" \/><span style=\"color: #000000; font-weight: bold;\">Qu\u00e8 queda d\u2019aquell noi del Poblenou en el M\u00e0rius Carol d\u2019avui?<\/span><br \/>\nSempre intento mirar-me al mirall i recon\u00e8ixer-me. \u00c9s cert que, atesa la meva posici\u00f3, he de protegir-me m\u00e9s, per\u00f2 en el fons no crec haver canviat tant: intento mantenir la mateixa il\u00b7lusi\u00f3 per les coses que als inicis, a m\u00e9s del meu optimisme i entusiasme innats. La vida \u00e9s una carrera d\u2019obstacles, per\u00f2 el repte resideix a superar-los.<\/p>\n<p><span style=\"color: #000000; font-weight: bold;\">Tot i que el gruix de la seva carrera l\u2019ha dut a terme a la premsa escrita, tamb\u00e9 col\u00b7labora a programes de r\u00e0dio i televisi\u00f3, i ha escrit diversos llibres. Qu\u00e8 li aporta aquesta diversitat d\u2019escenaris? <\/span><br \/>\nPer a mi, la premsa escrita \u00e9s el mitj\u00e0 que, com passa amb les arrels dels arbres, em permet arribar als elements que nodreixen la realitat. Despr\u00e9s, hi ha la r\u00e0dio, un mitj\u00e0 molt fresc que em fascina i em va permetre descobrir l\u2019ofici de periodista, i la televisi\u00f3, un mitj\u00e0 molt complex que dimensiona la teva persona i t\u2019aporta visibilitat. Aquests escenaris m\u2019han enriquit com a periodista i m\u2019han fet un professional m\u00e9s vers\u00e0til.<\/p>\n<p><span style=\"color: #000000; font-weight: bold;\">Qu\u00e8 \u00e9s el que m\u00e9s valora de la seva professi\u00f3?<\/span><br \/>\nJo estic tremendament agra\u00eft a aquesta professi\u00f3 perqu\u00e8 s\u00f3c una persona de classe treballadora i aix\u00f2 m\u2019ha perm\u00e8s progressar socialment, formar-me com a persona i con\u00e8ixer gent que mai no se m\u2019havia passat pel cap. En conjunt, m\u2019ha ajudat a entendre el m\u00f3n on visc, a tenir un ventall d\u2019interessos molt ampli i a ser millor persona. De vegades, davant de determinats fets de la realitat, m\u2019he hagut de plantejar si actuar com a periodista o com a ciutad\u00e0, i he ent\u00e8s que el m\u00e9s important \u00e9s actuar com a persona: si no ets una bona persona, dif\u00edcilment podr\u00e0s ser un bon periodista.<\/p>\n<p><span style=\"color: #000000; font-weight: bold;\">I fora de les redaccions, a qu\u00e8 dedica el seu temps lliure?<\/span><br \/>\nM\u2019encanta escriure d\u2019all\u00f2 que vull durant les meves vacances d\u2019estiu. S\u00f3c, aix\u00ed mateix, un culer de mena, i el futbol ha estat una de les aficions de les quals m\u00e9s he gaudit de compartir amb els meus fills quan eren petits. M\u2019agrada, tanmateix, llegir, anar al cine, viatjar i descobrir les ciutats d\u2019arreu del m\u00f3n, fer de <i>cuinetes<\/i>, descobrir restaurants, la cultura del vi, etc. Intento gaudir de molts petits plaers.<\/p>\n<blockquote>\n<h2 style=\"color: #999933;\">\u201cEl gran problema que tenim actualment, que m\u2019indigna i del qual m\u2019agrada escriure amb acidesa \u00e9s la corrupci\u00f3 pol\u00edtica, un tema que est\u00e0 desmoralitzant la gent.\u201d<\/h2>\n<\/blockquote>\n<p><span style=\"color: #000000; font-weight: bold;\">Quins fets l&#8217;afecten, indignen o sorprenen com a ciutad\u00e0? <\/span><br \/>\nEl gran problema que tenim actualment, que m\u2019indigna i del qual m\u2019agrada escriure amb acidesa \u00e9s la corrupci\u00f3 pol\u00edtica, un tema que est\u00e0 desmoralitzant la gent. I \u00e9s que \u00e9s molt dur veure que, mentre uns pateixen situacions desesperants, hi ha d\u2019altres que s\u2019estan enriquint a costa seva.<\/p>\n<div style=\"background-color: #999933; text-align: center;\"><span style=\"color: #ffffff; font-weight: bold; text-transform: uppercase;\">A fons<\/span><\/div>\n<p><img decoding=\"async\" loading=\"lazy\" class=\"alignleft size-full wp-image-7280\" src=\"http:\/\/monempresarial.com\/wp-content\/uploads\/2015\/10\/mon-empresarial-director-marius.png\" alt=\"mon-empresarial-director-marius\" width=\"215\" height=\"215\" srcset=\"https:\/\/www.monempresarial.com\/wp-content\/uploads\/2015\/10\/mon-empresarial-director-marius.png 215w, https:\/\/www.monempresarial.com\/wp-content\/uploads\/2015\/10\/mon-empresarial-director-marius-150x150.png 150w\" sizes=\"(max-width: 215px) 100vw, 215px\" \/>Titulat en Filosofia i Lletres i Periodisme, en M\u00e0rius Carol (Barcelona, 1953) ha format part de les redaccions d\u2019<i>El Noticiero Universal, El Correo Catal\u00e1n, El Peri\u00f3dico, El Pa\u00eds<\/i> i <i>La Vanguardia<\/i>, on va aterrar l\u2019any 1988 i va exercir com a columnista, corresponsal de la Casa Reial i cap de Comunicaci\u00f3 del Grup God\u00f3 abans d\u2019ocupar-ne la direcci\u00f3. Multidisciplinari, aquest fill del Poblenou tamb\u00e9 ha col\u00b7laborat en programes de r\u00e0dio i televisi\u00f3 a Catalunya R\u00e0dio, RAC 1, TV3 i 8tv. I a banda d\u2019algunes monografies sobre Salvador Dal\u00ed i tres llibres sobre la Fam\u00edlia Reial Espanyola, Carol ha publicat v\u00e0ries novel\u00b7les, entre elles, <i>Les seduccions de J\u00falia<\/i>, guanyadora del premi Ramon Llull l\u2019any 2002, i <i>L\u2019home dels pijames de seda<\/i>, que va obtenir el Premi Prudenci Bertrana l\u2019any 2009.<\/p>\n","protected":false},"excerpt":{"rendered":"<p>Des de fa 18 mesos ocupa la direcci\u00f3 de <i>La Vanguardia<\/i>, tot un <i>caramel<\/i> per a alg\u00fa que encara el final de la seva carrera professional. I \u00e9s que en M\u00e0rius Carol se sent avui igual d\u2019entusiasta que durant els seus primers anys d\u2019exercici professional, i valora m\u00e9s que mai envoltar-se d\u2019un equip jove i inquiet com el que conforma la redacci\u00f3 d\u2019aquest rotatiu, on ell continua gaudint escrivint di\u00e0riament a les seves p\u00e0gines.<\/p>\n","protected":false},"author":1,"featured_media":7272,"comment_status":"open","ping_status":"open","sticky":false,"template":"","format":"standard","meta":{"_mi_skip_tracking":false,"mc4wp_mailchimp_campaign":[],"jnews-multi-image_gallery":[],"jnews_single_post":[],"jnews_primary_category":[]},"categories":[12,55],"tags":[116,1285,1286,1287,1288,1289,1290,1291,1292,1293],"_links":{"self":[{"href":"https:\/\/www.monempresarial.com\/ca\/wp-json\/wp\/v2\/posts\/7270"}],"collection":[{"href":"https:\/\/www.monempresarial.com\/ca\/wp-json\/wp\/v2\/posts"}],"about":[{"href":"https:\/\/www.monempresarial.com\/ca\/wp-json\/wp\/v2\/types\/post"}],"author":[{"embeddable":true,"href":"https:\/\/www.monempresarial.com\/ca\/wp-json\/wp\/v2\/users\/1"}],"replies":[{"embeddable":true,"href":"https:\/\/www.monempresarial.com\/ca\/wp-json\/wp\/v2\/comments?post=7270"}],"version-history":[{"count":1,"href":"https:\/\/www.monempresarial.com\/ca\/wp-json\/wp\/v2\/posts\/7270\/revisions"}],"predecessor-version":[{"id":47352,"href":"https:\/\/www.monempresarial.com\/ca\/wp-json\/wp\/v2\/posts\/7270\/revisions\/47352"}],"wp:featuredmedia":[{"embeddable":true,"href":"https:\/\/www.monempresarial.com\/ca\/wp-json\/wp\/v2\/media\/7272"}],"wp:attachment":[{"href":"https:\/\/www.monempresarial.com\/ca\/wp-json\/wp\/v2\/media?parent=7270"}],"wp:term":[{"taxonomy":"category","embeddable":true,"href":"https:\/\/www.monempresarial.com\/ca\/wp-json\/wp\/v2\/categories?post=7270"},{"taxonomy":"post_tag","embeddable":true,"href":"https:\/\/www.monempresarial.com\/ca\/wp-json\/wp\/v2\/tags?post=7270"}],"curies":[{"name":"wp","href":"https:\/\/api.w.org\/{rel}","templated":true}]}}