{"id":7526,"date":"2015-11-23T08:30:10","date_gmt":"2015-11-23T07:30:10","guid":{"rendered":"http:\/\/monempresarial.com\/?p=7526"},"modified":"2025-09-24T10:00:34","modified_gmt":"2025-09-24T08:00:34","slug":"que-passa-amb-el-comerc-mundial","status":"publish","type":"post","link":"https:\/\/www.monempresarial.com\/ca\/2015\/11\/23\/que-passa-amb-el-comerc-mundial\/","title":{"rendered":"Qu\u00e8 passa amb el comer\u00e7 mundial?"},"content":{"rendered":"<h4><img decoding=\"async\" loading=\"lazy\" class=\"alignright wp-image-8620\" src=\"http:\/\/monempresarial.com\/wp-content\/uploads\/2016\/01\/mon-empresarial-005-joan-tugores.png\" alt=\"mon-empresarial-005-joan-tugores\" width=\"226\" height=\"215\" \/>Alentiment, mod\u00e8stia, feblesa\u00a0s\u00f3n alguns dels termes que es fan servir a les an\u00e0lisis dels organismes internacionals per descriure les dades del comer\u00e7 mundial en els darrers anys. Qu\u00e8 passa \u2013i per qu\u00e8\u2013 al comer\u00e7 internacional?<\/h4>\n<h4><span style=\"color: #638279; text-transform: uppercase;\">Joan Tugores Ques. <\/span>Catedr\u00e0tic d\u2019Economia de la UB.<\/h4>\n<hr style=\"color: #b72126;\" \/>\n<p><span style=\"color: #638279; text-transform: uppercase; font-weight: bold;\">Des de fa d\u00e8cades una regularitat emp\u00edrica<\/span> que semblava consolidada era que el comer\u00e7 internacional creixia a ritmes superiors als de l\u2019activitat econ\u00f2mica. Dues de les principals implicacions d\u2019aquest fet eren que: d\u2019una banda, l\u2019anomenada r\u00e0tio d\u2019obertura comercial expressada com el quocient entre exportacions i\/o importacions respecte del PIB anava a l\u2019al\u00e7a (essent un dels indicadors de globalitzaci\u00f3 comercial m\u00e9s coneguts); i de l\u2019altra, que el paper del comer\u00e7 internacional com a <i>motor de creixement<\/i> \u2013terme que ja va fer servir l\u2019economista brit\u00e0nic Alfred Marshall al segle XIX\u2013 i com a factor cabdal de prosperitat i dinamisme es veia ratificat.<\/p>\n<p><img decoding=\"async\" loading=\"lazy\" class=\"alignleft size-full wp-image-7564\" src=\"http:\/\/monempresarial.com\/wp-content\/uploads\/2015\/11\/mon-empresarial-004-importacions-mundial1.png\" alt=\"mon-empresarial-004-importacions-mundial\" width=\"450\" height=\"294\" srcset=\"https:\/\/www.monempresarial.com\/wp-content\/uploads\/2015\/11\/mon-empresarial-004-importacions-mundial1.png 450w, https:\/\/www.monempresarial.com\/wp-content\/uploads\/2015\/11\/mon-empresarial-004-importacions-mundial1-300x196.png 300w\" sizes=\"(max-width: 450px) 100vw, 450px\" \/>Aix\u00ed, tal com mostra la <b>figura 1<\/b>, extreta de l\u2019informe de perspectives mundials del Fons Monetari Internacional (FMI) <i>World Economic Outlook<\/i> d\u2019abril del 2015, quan arriba la crisi inicialment algunes vessants d\u2019aquesta regularitat emp\u00edrica semblen ratificar-se: efectivament, malgrat que en un principi la caiguda del comer\u00e7 el 2009 \u00e9s molt notable i substancialment m\u00e9s que proporcional a la caiguda del volum d\u2019activitat, en el per\u00edode 2010-2011 sembla que la seva recuperaci\u00f3 internacional se situa tamb\u00e9 per sobre de la del PIB. La novetat arriba, per\u00f2, a partir del 2012 \u2013i dura fins a les dades m\u00e9s recents de principis del 2015\u2013, quan es constata que, de mitjana mundial, les xifres del comer\u00e7 internacional ja no superen les de l\u2019evoluci\u00f3 del PIB. Les dades de l\u2019FMI que quantifiquen el creixement del PIB mundial en un 3,4% els anys 2013 i 2014 documenten uns increments del volum de comer\u00e7 del 3,3% i del 3,2%, respectivament. I si a aix\u00f2 hi afegim la mod\u00e8stia de les xifres, es pot entendre que s\u2019hagin activats tots els senyals d\u2019alarma respecte de qu\u00e8 est\u00e0 succeint en aquest \u00e0mbit de l\u2019economia; en particular es tracta d\u2019esbrinar si som davant d\u2019uns fen\u00f2mens transitoris o b\u00e9 m\u00e9s estructurals, i com poden afectar al futur i a les estrat\u00e8gies de la recuperaci\u00f3 mundial.<\/p>\n<blockquote>\n<h2 style=\"color: #638279;\"><img decoding=\"async\" loading=\"lazy\" class=\"alignright size-full wp-image-7547\" src=\"http:\/\/monempresarial.com\/wp-content\/uploads\/2015\/11\/mon-empresarial-004-creixement-pib.png\" alt=\"mon-empresarial-004-creixement-pib\" width=\"250\" height=\"166\" \/>Les dades de l\u2019FMI que quantifiquen el creixement del PIB mundial en un 3,4% els anys 2013 i 2014 documenten uns increments del volum del comer\u00e7 de nom\u00e9s el 3,3% i el 3,2%, respectivament. Aquest fet ha activat totes les alarmes per esbrinar qu\u00e8 est\u00e0 succeint en aquest \u00e0mbit de l\u2019economia; en particular es tracta d\u2019esbrinar si som davant d\u2019uns fen\u00f2mens transitoris o b\u00e9 m\u00e9s estructurals, i com poden afectar al futur i a les estrat\u00e8gies de la recuperaci\u00f3 mundial<\/h2>\n<\/blockquote>\n<p><img decoding=\"async\" loading=\"lazy\" class=\"alignright size-full wp-image-7580\" src=\"http:\/\/monempresarial.com\/wp-content\/uploads\/2015\/11\/mon-empresarial-004-comerc-internacional2.png\" alt=\"mon-empresarial-004-comerc-internacional\" width=\"450\" height=\"381\" srcset=\"https:\/\/www.monempresarial.com\/wp-content\/uploads\/2015\/11\/mon-empresarial-004-comerc-internacional2.png 450w, https:\/\/www.monempresarial.com\/wp-content\/uploads\/2015\/11\/mon-empresarial-004-comerc-internacional2-300x254.png 300w, https:\/\/www.monempresarial.com\/wp-content\/uploads\/2015\/11\/mon-empresarial-004-comerc-internacional2-72x60.png 72w, https:\/\/www.monempresarial.com\/wp-content\/uploads\/2015\/11\/mon-empresarial-004-comerc-internacional2-72x60@2x.png 144w\" sizes=\"(max-width: 450px) 100vw, 450px\" \/>D\u2019altra banda, la <b>figura 2<\/b>, extreta de l\u2019article publicat al Butllet\u00ed Econ\u00f2mic del Banc Central Europeu sota l\u2019expl\u00edcit t\u00edtol <i>Entenent la feblesa del comer\u00e7 mundial<\/i>, il\u00b7lustra dos aspectes importants tamb\u00e9 en aquest sector. El primer, i d\u2019abast general, \u00e9s la comparaci\u00f3 entre les dades reals de comer\u00e7 mundial amb la tend\u00e8ncia que es venia seguint abans de la crisi, i que mostren n\u00edtidament com la inflexi\u00f3 a la baixa produ\u00efda el 2009 no s\u2019ha recuperat posteriorment, i com, en els anys m\u00e9s recents, fins i tot sembla que s\u2019allunya el retorn a la traject\u00f2ria precrisi. Quant al segon aspecte a destacar, el text ens presenta una possible explicaci\u00f3 \u2013com a m\u00ednim parcial\u2013 amb la qual coincideix l\u2019an\u00e0lisi de l\u2019Organitzaci\u00f3 Mundial de Comer\u00e7 (OMC): el comer\u00e7 intraeuropeu, especialment entre els pa\u00efsos de la zona euro, seria el que mostra l\u2019alentiment m\u00e9s significatiu, llastant de forma important les dades mundials a la vista del paper (encara) molt destacat de les economies europees dins del sistema comercial mundial. La lectura en positiu (sembla cal buscar-la!) seria que, en la mesura que els problemes de la zona euro \u2013i de la Uni\u00f3 Europea, en general\u2013 es puguin anar clarificant, seria m\u00e9s previsible un retorn a pautes m\u00e9s normalitzades de dinamisme comercial mundial.<\/p>\n<blockquote>\n<h2 style=\"color: #638279;\">El comer\u00e7 intraeuropeu, especialment entre els pa\u00efsos de la zona euro, seria el que mostra l\u2019alentiment m\u00e9s significatiu, llastant de forma important les dades mundials a la vista del paper (encara) molt destacat de les economies europees dins del sistema comercial mundial<\/h2>\n<\/blockquote>\n<p><span style=\"color: #638279; text-transform: uppercase; font-weight: bold;\">Una desacceleraci\u00f3 heterog\u00e8nia<\/span><br \/>\nM\u00e9s recentment s\u2019ha apuntat que la desacceleraci\u00f3 en algunes importants economies emergents tamb\u00e9 estaria gravitant a la baixa sobre el comer\u00e7 mundial.<img decoding=\"async\" loading=\"lazy\" class=\"alignleft size-full wp-image-7551\" src=\"http:\/\/monempresarial.com\/wp-content\/uploads\/2015\/11\/mon-empresarial-004-desaccelaracio-heterogenea.png\" alt=\"mon-empresarial-004-desaccelaracio-heterogenea\" width=\"250\" height=\"234\" \/> Es tracta de situacions molt heterog\u00e8nies: els problemes de fons de R\u00fassia, Brasil o Turquia tenen poc a veure amb la revisi\u00f3 a la baixa d\u2019alguns indicadors de Xina, i en d\u2019altres casos, com a l\u2019\u00cdndia o al Per\u00fa, les perspectives van fins i tot a l\u2019al\u00e7a.<\/p>\n<p>Tamb\u00e9 es discuteix fins a quin punt un cert rebrot de proteccionisme, sota molt variades f\u00f3rmules, podria estar contribuint a l\u2019alentiment del comer\u00e7 mundial. Per\u00f2, malgrat el to apocal\u00edptic de l\u2019informe de <i>Global Trade Alert<\/i> (novembre del 2014) que feia servir el qualificatiu de <i>Global Trade Disorder<\/i> (desordre del comer\u00e7 global), els estudis emp\u00edrics dels organismes internacionals tendeixen a coincidir en el paper limitat, com a m\u00ednim per ara, de les mesures comercials restrictives.<\/p>\n<p>En la l\u00ednia de cautela, l\u2019informe del mes de juliol del 2015 del director general de l\u2019OMC tamb\u00e9 documenta la preocupaci\u00f3 per l\u2019increment de mesures restrictives del comer\u00e7. Cal, doncs, insistir en la necessitat de continuar els esfor\u00e7os per mantenir obert el sistema comercial mundial, aix\u00ed com instar perqu\u00e8 les negociacions per desenvolupar els acords de la cimera de l\u2019Organitzaci\u00f3 Mundial de Comer\u00e7 a Bali (desembre del 2013) i preparar la confer\u00e8ncia ministerial de Nairobi (prevista pel desembre del 2015) siguin especialment actives&#8230; i efectives.<\/p>\n<p><span style=\"color: #638279; text-transform: uppercase; font-weight: bold;\">Les xarxes globals de producci\u00f3<\/span><br \/>\nUn aspecte que ha merescut especial atenci\u00f3 \u00e9s el paper de les xarxes globals de producci\u00f3 o <i>global value chains<\/i>, que, de manera cada vegada m\u00e9s visible i important, <i>fragmenten<\/i> els processos productius entre activitats o components que es porten a terme en una \u00e0mplia multiplicitat de pa\u00efsos. Els autom\u00f2bils o els ordinadors s\u00f3n alguns dels casos m\u00e9s coneguts i estudiats, per\u00f2 es tracta d\u2019una pr\u00e0ctica cada vegada m\u00e9s estesa en molts sectors. Aix\u00f2 t\u00e9 la conseq\u00fc\u00e8ncia que molts <i>inputs<\/i> intermedis, components o productes semielaborats creuen les fronteres en m\u00e9s d\u2019una ocasi\u00f3 (a mesura que es va avan\u00e7ant en la cadena global de valor cap al producte que arriba al consumidor final), de manera que les estad\u00edstiques de comer\u00e7 internacional recullen m\u00e9s d\u2019una vegada el valor d\u2019alguns components inserits al PIB.<br \/>\n<img decoding=\"async\" loading=\"lazy\" class=\"aligncenter size-full wp-image-7557\" src=\"http:\/\/monempresarial.com\/wp-content\/uploads\/2015\/11\/mon-empresarial-004-xarxes-produccio.png\" alt=\"mon-empresarial-004-xarxes-produccio\" width=\"400\" height=\"260\" srcset=\"https:\/\/www.monempresarial.com\/wp-content\/uploads\/2015\/11\/mon-empresarial-004-xarxes-produccio.png 400w, https:\/\/www.monempresarial.com\/wp-content\/uploads\/2015\/11\/mon-empresarial-004-xarxes-produccio-300x195.png 300w\" sizes=\"(max-width: 400px) 100vw, 400px\" \/><br \/>\nT\u00e8cnicament aix\u00f2 ha comportat la posada en marxa d\u2019iniciatives per reelaborar les estad\u00edstiques del comer\u00e7 internacional en termes de valor afegit, ja que durant les darreres d\u00e8cades en qu\u00e8 aquesta proliferaci\u00f3 de xarxes globals de producci\u00f3 ha anat significativament a l\u2019al\u00e7a aquest fet ha contribu\u00eft a fer que les dades de creixement del comer\u00e7 internacional se situessin per sobre de les del PIB mundial. Ara tot apunta que aquest proc\u00e9s ja s\u2019hauria consolidat, convertint aix\u00ed aquesta forma multinacional d\u2019organitzar la producci\u00f3 en un tret del <i>paisatge<\/i> de l\u2019economia global. Amb tot, unes taxes d\u2019augment m\u00e9s <i>suaus<\/i> tamb\u00e9 estarien contribuint a explicar les dades recents.<\/p>\n<blockquote>\n<h2 style=\"color: #638279;\">Si b\u00e9 les exportacions s\u00f3n una de les vies centrals d\u2019internacionalitzaci\u00f3, d\u2019altres aspectes, com ara la inserci\u00f3 m\u00e9s plena en les xarxes de producci\u00f3 globals, tamb\u00e9 tenen la m\u00e0xima significaci\u00f3 en les noves regles de l\u2019economia global<\/h2>\n<\/blockquote>\n<p><span style=\"color: #638279; text-transform: uppercase; font-weight: bold;\">L\u2019exig\u00e8ncia de la competitivitat, un prerequisit per a la recuperaci\u00f3<\/span><br \/>\n<img decoding=\"async\" loading=\"lazy\" class=\"alignright size-full wp-image-7555\" src=\"http:\/\/monempresarial.com\/wp-content\/uploads\/2015\/11\/mon-empresarial-004-produccio-global.png\" alt=\"mon-empresarial-004-produccio-global\" width=\"300\" height=\"199\" srcset=\"https:\/\/www.monempresarial.com\/wp-content\/uploads\/2015\/11\/mon-empresarial-004-produccio-global.png 300w, https:\/\/www.monempresarial.com\/wp-content\/uploads\/2015\/11\/mon-empresarial-004-produccio-global-252x167.png 252w\" sizes=\"(max-width: 300px) 100vw, 300px\" \/>Aquesta seria doncs una explicaci\u00f3 de tipus estructural, per\u00f2 alhora fins a cert punt tranquil\u00b7litzadora, amb, aix\u00f2 s\u00ed, dues poderoses implicacions: d\u2019una banda, que la pres\u00e8ncia en el comer\u00e7 internacional continua essent una exig\u00e8ncia de competitivitat cabdal; de l\u2019altra, ens recorda que, si b\u00e9 les exportacions s\u00f3n una de les vies centrals d\u2019internacionalitzaci\u00f3, d\u2019altres aspectes, com ara la inserci\u00f3 m\u00e9s plena en les xarxes de producci\u00f3 globals, tamb\u00e9 tenen la m\u00e0xima significaci\u00f3 en les noves regles de l\u2019economia global.<\/p>\n<p>Per tant, i encara que es confirmin les revisions en positiu de l\u2019FMI, que al juliol del 2015 preveien pels anys 2015 i 2016 creixements del comer\u00e7 del 4,1% i del 4,4% respectivament \u2013lleugerament per sobre, per tant, dels creixements del PIB del 3,3% i 3,8%\u2013, mantenir i accentuar les exig\u00e8ncies de competitivitat global segueix essent un prerequisit per a la solidesa de la recuperaci\u00f3.<\/p>\n<div style=\"background-color: #638279; text-align: center;\"><span style=\"color: #ffffff; font-weight: bold;\">LA COMPOSICI\u00d3 <span style=\"color: #000000;\">DEL COMER\u00c7<\/span><\/span><\/div>\n<p>A difer\u00e8ncia de les xarxes globals de producci\u00f3 o cadenes globals de valor, que no tenen la mateixa import\u00e0ncia per a tots els tipus de productes, els canvis en la composici\u00f3 de la demanda s\u00ed. Aix\u00ed, durant el temps en qu\u00e8 va cr\u00e9ixer molt la demanda d\u2019articles com ara autom\u00f2bils, electrodom\u00e8stics o material inform\u00e0tic, en que les xarxes globals de producci\u00f3 s\u00f3n especialment importants, les xifres de comer\u00e7 internacional es van veure impulsades a l\u2019al\u00e7a. I quan, en arribar la crisi i ser lenta la recuperaci\u00f3, la demanda d\u2019aquest tipus de productes va caure o s\u2019alent\u00ed, tamb\u00e9 ho van fer, proporcionalment, les xifres de comer\u00e7 internacional.<\/p>\n<div style=\"background-color: #638279; text-align: center;\"><span style=\"color: #ffffff; font-weight: bold;\">EL DEBAT SOBRE<\/span> <span style=\"color: #000000; font-weight: bold;\">LES ELASTICITATS<\/span><\/div>\n<p><span style=\"color: #000000; font-weight: bold; text-transform: uppercase;\">La relaci\u00f3 entre comer\u00e7 i PIB mundials<\/span> s\u2019analitza sovint mitjan\u00e7ant l\u2019anomenada <i>elasticitat del comer\u00e7 respecte al PIB<\/i>, que compara les taxes de variaci\u00f3 d\u2019ambdues variables. Els c\u00e0lculs de l\u2019Organitzaci\u00f3 Mundial de Comer\u00e7 indiquen que aquesta elasticitat hauria estat augmentant entre 1990 i principis del segle XXI, passant d\u2019un valor d\u20191,4 a un del 2,4 per, posteriorment, reduir-se a l\u20191,8 a l\u2019inici de la crisi i a l\u20191,7 amb les dades m\u00e9s recents. L\u2019estudi del Banc Central Europeu <i>Entenent la feblesa del comer\u00e7 mundial<\/i> calcula una elasticitat del 2,2 pel per\u00edode 1995-2007 que s\u2019hauria redu\u00eft a la meitat, 1,1 , a la fase 2011-2014. Els aspectes comentats en l\u2019article tracten d\u2019avaluar les raons d\u2019aquests canvis i les seves implicacions.<br \/>\n<img decoding=\"async\" loading=\"lazy\" class=\"aligncenter size-full wp-image-7589\" src=\"http:\/\/monempresarial.com\/wp-content\/uploads\/2015\/11\/mon-empresarial-004-debat-elasticitats1.png\" alt=\"mon-empresarial-004-debat-elasticitats\" width=\"650\" height=\"219\" srcset=\"https:\/\/www.monempresarial.com\/wp-content\/uploads\/2015\/11\/mon-empresarial-004-debat-elasticitats1.png 650w, https:\/\/www.monempresarial.com\/wp-content\/uploads\/2015\/11\/mon-empresarial-004-debat-elasticitats1-300x101.png 300w, https:\/\/www.monempresarial.com\/wp-content\/uploads\/2015\/11\/mon-empresarial-004-debat-elasticitats1-300x101@2x.png 600w\" sizes=\"(max-width: 650px) 100vw, 650px\" \/><\/p>\n<p><span style=\"color: #829c92; font-weight: bold;\">Llegeix tamb\u00e9:<\/span> <a href=\"http:\/\/monempresarial.com\/?p=7503\"> L\u2019intercanvi de mercaderies, a mig gas<\/a><\/p>\n","protected":false},"excerpt":{"rendered":"<p><i>Alentiment, mod\u00e8stia, feblesa<\/i> s\u00f3n alguns dels termes que es fan servir a les an\u00e0lisis dels organismes internacionals per descriure les dades del comer\u00e7 mundial en els darrers anys. Qu\u00e8 passa \u2013i per qu\u00e8\u2013 al comer\u00e7 internacional?<\/p>\n","protected":false},"author":8,"featured_media":7542,"comment_status":"open","ping_status":"open","sticky":false,"template":"","format":"standard","meta":{"_mi_skip_tracking":false,"mc4wp_mailchimp_campaign":[],"jnews-multi-image_gallery":[],"jnews_single_post":[],"jnews_primary_category":[]},"categories":[9,10839,10840,10815,18],"tags":[1351],"_links":{"self":[{"href":"https:\/\/www.monempresarial.com\/ca\/wp-json\/wp\/v2\/posts\/7526"}],"collection":[{"href":"https:\/\/www.monempresarial.com\/ca\/wp-json\/wp\/v2\/posts"}],"about":[{"href":"https:\/\/www.monempresarial.com\/ca\/wp-json\/wp\/v2\/types\/post"}],"author":[{"embeddable":true,"href":"https:\/\/www.monempresarial.com\/ca\/wp-json\/wp\/v2\/users\/8"}],"replies":[{"embeddable":true,"href":"https:\/\/www.monempresarial.com\/ca\/wp-json\/wp\/v2\/comments?post=7526"}],"version-history":[{"count":1,"href":"https:\/\/www.monempresarial.com\/ca\/wp-json\/wp\/v2\/posts\/7526\/revisions"}],"predecessor-version":[{"id":47375,"href":"https:\/\/www.monempresarial.com\/ca\/wp-json\/wp\/v2\/posts\/7526\/revisions\/47375"}],"wp:featuredmedia":[{"embeddable":true,"href":"https:\/\/www.monempresarial.com\/ca\/wp-json\/wp\/v2\/media\/7542"}],"wp:attachment":[{"href":"https:\/\/www.monempresarial.com\/ca\/wp-json\/wp\/v2\/media?parent=7526"}],"wp:term":[{"taxonomy":"category","embeddable":true,"href":"https:\/\/www.monempresarial.com\/ca\/wp-json\/wp\/v2\/categories?post=7526"},{"taxonomy":"post_tag","embeddable":true,"href":"https:\/\/www.monempresarial.com\/ca\/wp-json\/wp\/v2\/tags?post=7526"}],"curies":[{"name":"wp","href":"https:\/\/api.w.org\/{rel}","templated":true}]}}