{"id":753,"date":"2014-04-30T08:25:14","date_gmt":"2014-04-30T06:25:14","guid":{"rendered":"http:\/\/monempresarial.com\/?p=753"},"modified":"2025-09-16T11:40:58","modified_gmt":"2025-09-16T09:40:58","slug":"agora-politica-catalunya-en-clau-europea-i","status":"publish","type":"post","link":"https:\/\/www.monempresarial.com\/ca\/2014\/04\/30\/agora-politica-catalunya-en-clau-europea-i\/","title":{"rendered":"\u00c0gora pol\u00edtica: Catalunya, en clau europea (I)"},"content":{"rendered":"<h4>Amb les eleccions europees a la cantonada i el debat sobiranista a l\u2019ordre del dia, Catalunya viu un moment clau, tant de portes endins com pel que fa a la seva projecci\u00f3 i paper a l\u2019exterior. Per saber com afecten aquests aspectes l\u2019economia i l\u2019empresariat catal\u00e0 i esclarir quins s\u00f3n els reptes del pa\u00eds en clau europea, <em>M\u00f3n Empresarial<\/em> ha recollit l\u2019opini\u00f3 dels diferents partits pol\u00edtics amb representaci\u00f3 parlament\u00e0ria, a trav\u00e9s d\u2019una s\u00e8rie d\u2019entrevistes als seus representants.<\/h4>\n<h4 style=\"text-align: left;\">Text: Andrea Cosialls<\/h4>\n<div>\n<table width=\"600\" cellpadding=\"5\" bgcolor=\"#8FBC8F\">\n<tbody>\n<tr>\n<th colspan=\"4\" bgcolor=\"#548B54\"><span style=\"color: #ffffff;\"><strong>\u00a0PREGUNTES FORMULADES ALS PARTITS POL\u00cdTICS<\/strong><\/span><\/th>\n<\/tr>\n<tr>\n<td>\u00a0<a style=\"font-family: arial; color: #004200; font-size: 20px;\"> 1.-<\/a> El proper mes de maig tindran lloc les eleccions al parlament europeu. Quina rellev\u00e0ncia creu que ha de tenir la q\u00fcesti\u00f3 catalana i el debat sobiranista a Europa?<\/td>\n<\/tr>\n<tr>\n<td>\u00a0<a style=\"font-family: arial; color: #004200; font-size: 20px;\"> 2.-<\/a> Algunes veus i institucions europees veuen amb inquietud el proc\u00e9s sobiranista que viu Catalunya i apunten que, donada la situaci\u00f3 econ\u00f2mica, ara no \u00e9s el millor moment per abordar-lo. Qu\u00e8 en pensa? Creu que debats com aquest estan afectant la imatge de Catalunya de portes enfora?<\/td>\n<\/tr>\n<tr>\n<td>\u00a0<a style=\"font-family: arial; color: #004200; font-size: 20px;\"> 3.-<\/a> Considera que Catalunya es veu com una economia forta a l\u2019exterior? Quin pes econ\u00f2mic tindria una Catalunya independent dins d\u2019Europa?<\/td>\n<\/tr>\n<tr>\n<td>\u00a0<a style=\"font-family: arial; color: #004200; font-size: 20px;\"> 4.-<\/a> El govern central s\u2019oposa a la celebraci\u00f3 de la consulta sobre la independ\u00e8ncia. Com valoraria una proposta de millora del finan\u00e7ament catal\u00e0 a canvi de no tirar endavant la consulta? Creu que els empresaris catalans donarien suport a aquesta alternativa?<\/td>\n<\/tr>\n<tr>\n<td>\u00a0<a style=\"font-family: arial; color: #004200; font-size: 20px;\"> 5.-<\/a> Les <em>pimes<\/em> catalanes han patit fortament el cop de la crisi. Quin rol creu que ha de tenir Europa en el seu finan\u00e7ament i suport? Creu que s\u00f3n suficients les mesures que s\u2019estan comen\u00e7ant a adoptar per obrir l\u2019aixeta del cr\u00e8dit a empreses i emprenedors, per exemple, des d\u2019institucions com el Banc Europeu d&#8217;Inversions?<\/td>\n<\/tr>\n<\/tbody>\n<\/table>\n<p>&nbsp;<\/p>\n<table style=\"width: 680px;\" cellspacing=\"2\" cellpadding=\"5\">\n<tbody>\n<tr style=\"color: #ffffff; background-color: #548b54;\">\n<th>\u00a0<span style=\"color: #ffffff;\">CONVERG\u00c8NCIA I UNI\u00d3 \/ JOANA ORTEGA<\/span><\/th>\n<\/tr>\n<tr>\n<td>\n<h1><strong>\u201cHem de fer saber que volem ser Europa\u201d<\/strong><\/h1>\n<p><img decoding=\"async\" loading=\"lazy\" class=\"alignleft wp-image-771\" title=\"Joana Ortega\" src=\"http:\/\/monempresarial.com\/wp-content\/uploads\/2014\/05\/monempresarial-153-Joana-Ortega.jpg\" alt=\"Joana Ortega\" width=\"300\" height=\"362\" srcset=\"https:\/\/www.monempresarial.com\/wp-content\/uploads\/2014\/05\/monempresarial-153-Joana-Ortega.jpg 600w, https:\/\/www.monempresarial.com\/wp-content\/uploads\/2014\/05\/monempresarial-153-Joana-Ortega-249x300.jpg 249w, https:\/\/www.monempresarial.com\/wp-content\/uploads\/2014\/05\/monempresarial-153-Joana-Ortega-249x300@2x.jpg 498w\" sizes=\"(max-width: 300px) 100vw, 300px\" \/><br \/>\n<a style=\"font-family: arial; color: #004200; font-size: 20px;\"> 1.-<\/a> No perdem la perspectiva de la import\u00e0ncia d\u2019aquests comicis, el Parlament europeu t\u00e9 extenses compet\u00e8ncies en legislaci\u00f3 comunit\u00e0ria, aprova i supervisa el pressupost de la Uni\u00f3 i controla l\u2019acci\u00f3 de l\u2019executiu comunitari. Aix\u00f2 \u00e9s molt important en el nostre dia a dia, tot i que hi hagi la percepci\u00f3 que ens queda lluny. \u00c9s fonamental que des de Catalunya enviem un clar missatge a Europa en forma de participaci\u00f3 massiva. Hem de fer saber que volem ser Europa. Si la participaci\u00f3 \u00e9s molt m\u00e9s elevada contribuir\u00e0, sens dubte, a implicar la Uni\u00f3 en un posicionament m\u00e9s proactiu sobre el proc\u00e9s de la consulta i el seu resultat.<\/p>\n<p><a style=\"font-family: arial; color: #004200; font-size: 20px;\"> 2.-<\/a> La postura de les institucions comunit\u00e0ries respecte al proc\u00e9s catal\u00e0 ha estat fins ara la del respecte i la no implicaci\u00f3, una reacci\u00f3 diplom\u00e0tica habitual i fins a cert punt previsible. Vull remarcar que la projecci\u00f3 exterior de Catalunya segueix sent excel\u00b7lent, gr\u00e0cies en bona mesura a un teixit empresarial i productiu competitiu a totes les escales que ha associat els nostre pa\u00eds a una imatge de seriositat, emprenedoria, solidesa i confian\u00e7a.<\/p>\n<p><a style=\"font-family: arial; color: #004200; font-size: 20px;\"> 3.-<\/a> La percepci\u00f3 de la solv\u00e8ncia i el dinamisme de l\u2019economia catalana \u00e9s molt favorable. Catalunya ha estat tradicionalment punta de llan\u00e7a del desenvolupament econ\u00f2mic de l\u2019Estat i un dels pols de progr\u00e9s m\u00e9s importants d\u2019Europa. D\u2019acord amb la major part de les an\u00e0lisis econ\u00f2miques independents, la solidesa de l\u2019economia catalana no es veuria perjudicada en un possible nou escenari i seguiria sent la d\u2019un dels principals motors de desenvolupament i atracci\u00f3 d\u2019inversions d\u2019Europa.<\/p>\n<p><a style=\"font-family: arial; color: #004200; font-size: 20px;\"> 4.-<\/a> La prioritat pol\u00edtica del Govern, juntament amb la recuperaci\u00f3 econ\u00f2mica i el benestar dels nostres ciutadans, \u00e9s inequ\u00edvoca i passa per la celebraci\u00f3 d\u2019una consulta sobre el futur col\u00b7lectiu dels catalans. El consens a Catalunya en favor del dret a decidir \u00e9s \u00e0mpliament majoritari i, malgrat que el Govern central s\u2019obstini a negar-lo, no hi ha cap sortida a l\u2019actual proc\u00e9s que no passi per les urnes. Els empresaris catalans tamb\u00e9 participen d\u2019aquest posicionament, tal com es despr\u00e8n del posicionament de m\u00faltiples organitzacions empresarials.<\/p>\n<p><a style=\"font-family: arial; color: #004200; font-size: 20px;\"> 5.-<\/a> Per al Govern de la Generalitat l\u2019acc\u00e9s al cr\u00e8dit per part de les empreses, especialment <em>pimes<\/em> i aut\u00f2noms, \u00e9s un dels factors clau per a la recuperaci\u00f3 econ\u00f2mica. Hem implementat totes les mesures al nostre abast per facilitar la circulaci\u00f3 del cr\u00e8dit, entre les quals la transformaci\u00f3 de l\u2019Institut Catal\u00e0 de Finances perqu\u00e8 pugui operar com a entitat credit\u00edcia en el marc de la Uni\u00f3 Banc\u00e0ria Europea. De totes formes, cal recon\u00e8ixer que desenvolupar estructures d\u2019estat pr\u00f2pies permetria implementar pol\u00edtiques m\u00e9s efectives i en sintonia amb les necessitats reals de les nostres empreses.<\/td>\n<\/tr>\n<\/tbody>\n<\/table>\n<p>&nbsp;<\/p>\n<table style=\"width: 680px;\" cellspacing=\"2\" cellpadding=\"5\">\n<tbody>\n<tr style=\"color: #ffffff; background-color: #548b54;\">\n<th>\u00a0<span style=\"color: #ffffff;\">ESQUERRA REPUBLICANA DE CATALUNYA \/ ORIOL JUNQUERAS<\/span><\/th>\n<\/tr>\n<tr>\n<td>\n<h1><strong>\u201cNo renunciarem a exercir la democr\u00e0cia\u201d<\/strong><\/h1>\n<p><img decoding=\"async\" loading=\"lazy\" class=\"alignleft wp-image-772\" title=\"Oriol Junqueras\" src=\"http:\/\/monempresarial.com\/wp-content\/uploads\/2014\/05\/monempresarial-153-Oriol-Junqueras.jpg\" alt=\"Oriol Junqueras\" width=\"301\" height=\"256\" srcset=\"https:\/\/www.monempresarial.com\/wp-content\/uploads\/2014\/05\/monempresarial-153-Oriol-Junqueras.jpg 600w, https:\/\/www.monempresarial.com\/wp-content\/uploads\/2014\/05\/monempresarial-153-Oriol-Junqueras-300x256.jpg 300w, https:\/\/www.monempresarial.com\/wp-content\/uploads\/2014\/05\/monempresarial-153-Oriol-Junqueras-72x60.jpg 72w, https:\/\/www.monempresarial.com\/wp-content\/uploads\/2014\/05\/monempresarial-153-Oriol-Junqueras-72x60@2x.jpg 144w\" sizes=\"(max-width: 301px) 100vw, 301px\" \/><br \/>\n<a style=\"font-family: arial; color: #004200; font-size: 20px;\"> 1.-<\/a> A Europa, el debat sobre el futur de Catalunya no \u00e9s, d\u2019entrada, un debat prioritari. Per\u00f2 aix\u00f2 no vol no dir que no hi sigui present i que no sigui considerat important, com a m\u00ednim en la mesura que som un pa\u00eds amb una economia rellevant i amb una capital de renom mundial. En tot cas, no podem reclamar que Europa tingui inter\u00e8s per nosaltres si nosaltres no en tenim per Europa. Per aix\u00f2 \u00e9s clau que participem en els debats de nivell europeu i que tinguem una gran participaci\u00f3 en les eleccions europees.<\/p>\n<p><a style=\"font-family: arial; color: #004200; font-size: 20px;\"> 2.-<\/a> La crisi econ\u00f2mica no pot ser excusa per no afrontar un debat sobre la democr\u00e0cia. Al contrari, justament pot ser bo aprofitar moments de crisi per solucionar problemes i desajustos que en altres moments s\u00f3n m\u00e9s dif\u00edcils d\u2019afrontar. I en la mesura que aquests debats es facin amb la tranquil\u00b7litat i el rigor actuals, la imatge de Catalunya en pot sortir refor\u00e7ada. Podem ser un dels primers exemples de com afrontar un debat d\u2019aquesta import\u00e0ncia des d\u2019un comportament escrupolosament pac\u00edfic i democr\u00e0tic.<\/p>\n<p><a style=\"font-family: arial; color: #004200; font-size: 20px;\"> 3.-<\/a> L\u2019economia catalana fa anys que t\u00e9 prestigi a Europa i, ara, amb les grans inversions que estem acumula nt , junt a me nt a mb l\u2019acceleraci\u00f3 del car\u00e0cter exportador de les nostres empreses, l\u2019economia catalana gaudeix d\u2019un reconeixement creixent. Per aix\u00f2, una Catalunya independent, que pogu\u00e9s donar m\u00e9s suport a l\u2019economia (amb millors infraestructures, m\u00e9s seguretat jur\u00eddica, millor educaci\u00f3, etc.) seria una de la regions econ\u00f2miques punteres d\u2019Europa.<\/p>\n<p><a style=\"font-family: arial; color: #004200; font-size: 20px;\"> 4.-<\/a> Ja hem deixat enrere la fase de peix al cove i, a m\u00e9s, el Govern espanyol ja no t\u00e9 credibilitat: mai ha complert cap dels pactes de finan\u00e7ament que s\u2019han acordat. No renunciarem a exercir la democr\u00e0cia, a decidir el nostre futur col\u00b7lectiu a les urnes per una millora del finan\u00e7ament. \u00c9s una q\u00fcesti\u00f3 de dignitat, de llarg termini, de futur, i no pas de mirada curta i egoista. I aix\u00ed tamb\u00e9 m\u2019ho diuen la majoria d\u2019empresaris del pa\u00eds, que estan cansats de veure com les solucions de veritat no arriben: el problema \u00e9s estructural, no pas conjuntural.<\/p>\n<p><a style=\"font-family: arial; color: #004200; font-size: 20px;\"> 5.-<\/a> Les institucions europees han de fer m\u00e9s perqu\u00e8 el cr\u00e8dit arribi a les <em>pimes<\/em>. El seu paper no es nota amb prou for\u00e7a, i les entitats financeres no se senten prou interpel\u00b7lades a obrir l\u2019aixeta. I el paper del Banc Europeu d\u2019Inversions tampoc arriba a les pimes. Caldria que el Banc Central Europeu impos\u00e9s criteris m\u00ednims de concessi\u00f3 de cr\u00e8dit a les grans entitats o que canvi\u00e9s els incentius perqu\u00e8 els bancs tornessin a fer el l\u2019activitat que els pertoca, que \u00e9s donar cr\u00e8dit a les empreses.<\/td>\n<\/tr>\n<\/tbody>\n<\/table>\n<p>&nbsp;<\/p>\n<table style=\"width: 680px;\" cellspacing=\"2\" cellpadding=\"5\">\n<tbody>\n<tr style=\"color: #ffffff; background-color: #548b54;\">\n<th>\u00a0<span style=\"color: #ffffff;\">PARTIT DELS SOCIALISTES DE CATALUNYA \/ PERE NAVARRO<\/span><\/th>\n<\/tr>\n<tr>\n<td>\n<h1><strong>&#8220;La independ\u00e8ncia seria un mal negoci&#8221;<\/strong><\/h1>\n<p><img decoding=\"async\" loading=\"lazy\" class=\"alignleft wp-image-773\" title=\"Pere Navarro\" src=\"http:\/\/monempresarial.com\/wp-content\/uploads\/2014\/05\/monempresarial-153-Pere-Navarro.jpg\" alt=\"Pere Navarro\" width=\"300\" height=\"249\" srcset=\"https:\/\/www.monempresarial.com\/wp-content\/uploads\/2014\/05\/monempresarial-153-Pere-Navarro-300x249@2x.jpg 600w, https:\/\/www.monempresarial.com\/wp-content\/uploads\/2014\/05\/monempresarial-153-Pere-Navarro-300x249.jpg 300w, https:\/\/www.monempresarial.com\/wp-content\/uploads\/2014\/05\/monempresarial-153-Pere-Navarro-72x60.jpg 72w, https:\/\/www.monempresarial.com\/wp-content\/uploads\/2014\/05\/monempresarial-153-Pere-Navarro-72x60@2x.jpg 144w\" sizes=\"(max-width: 300px) 100vw, 300px\" \/><br \/>\n<a style=\"font-family: arial; color: #004200; font-size: 20px;\"> 1.-<\/a> Als ciutadans ens hi va molt en aquestes eleccions europees. Est\u00e0 en joc acabar amb la pol\u00edtica de dretes que ha governat la Uni\u00f3 Europea, i reempla\u00e7arla per una alternativa que acabi amb la austeritat mal entesa promoguda des de la troica; que generi m\u00e9s activitat econ\u00f2mica, m\u00e9s creixement, i m\u00e9s ocupaci\u00f3. Barrejar-hi la q\u00fcesti\u00f3 catalana en un moment tan clau \u00e9s no tenir clares quines s\u00f3n les prioritats reals de la molta gent que pateix la situaci\u00f3 actual de crisi, en especial a l\u2019Europa del sud.<\/p>\n<p><a style=\"font-family: arial; color: #004200; font-size: 20px;\"> 2.-<\/a> La imatge de Catalunya \u00e9s forta i sobreviur\u00e0 a l\u2019atzucac a qu\u00e8 ens hi han abocat uns i altres. Per\u00f2 \u00e9s cert que la situaci\u00f3 actual no ajuda. M\u00e9s aviat ens distreu del que \u00e9s essencial. Ni una sola veu que opina al respecte des de les institucions europees avala la independ\u00e8ncia. Tothom ens recorda que l\u2019Europa actual \u00e9s una uni\u00f3 d\u2019estats i que aix\u00f2 significa que la Catalunya independent romandria fora de la Uni\u00f3 Europea. \u00c9s aix\u00f2 el que volem i necessitem? Nosaltres creiem que no.<\/p>\n<p><a style=\"font-family: arial; color: #004200; font-size: 20px;\"> 3.-<\/a> En l\u2019Europa actual que estem construint, en la que tots volem avan\u00e7ar cap a m\u00e9s uni\u00f3 no nom\u00e9s econ\u00f2mica sin\u00f3 tamb\u00e9 pol\u00edtica, \u00e9s l\u00f2gic que no s\u2019entengui que aqu\u00ed ens estiguem discutint per posar m\u00e9s fronteres. Estic conven\u00e7ut que la independ\u00e8ncia seria un mal negoci per a Catalunya, per a Espanya i, per tant, tamb\u00e9 per a la UE. Si el model federal \u00e9s garantia de prosperitat i de preservaci\u00f3 de la diversitat a Europa tamb\u00e9 pot ser-ho al nostre pa\u00eds. I aix\u00f2 \u00e9s el que nosaltres, no nom\u00e9s els socialistes catalans sin\u00f3 els socialistes de tots els estats membres, defensem com la millor de la solucions possibles.<\/p>\n<p><a style=\"font-family: arial; color: #004200; font-size: 20px;\"> 4.-<\/a> La recuperaci\u00f3 econ\u00f2mica passa per crear un teixit industrial potent. Els empresaris catalans el que volen s\u00f3n solucions i no pals a les rodes i enfrontaments est\u00e8rils. Volen que les seves empreses vagin b\u00e9, per\u00f2 veuen que hi ha dos governs enrocats en el \u201cno di\u00e0leg\u201d. Un govern que nom\u00e9s vol parlar de la consulta i un altre que nom\u00e9s vol parlar de qualsevol cosa menys de la consulta. Jo crec que els empresaris, del que s\u00ed que n\u2019estan segurs, \u00e9s que tot plegat no els ajuda a sumar en l\u2019objectiu de fer cr\u00e9ixer l\u2019activitat i de generar llocs de treball.<\/p>\n<p><a style=\"font-family: arial; color: #004200; font-size: 20px;\"> 5.-<\/a> Sens dubte que no. El que cal \u00e9s ajudar a les <em>pimes<\/em> amb una pol\u00edtica fiscal que no es basi tant en el treball i en els ingressos, i que posi m\u00e9s control i pressi\u00f3 sobre l\u2019especulaci\u00f3, la propietat i la contaminaci\u00f3. I, sobretot, refor\u00e7ant i desbloquejant els cr\u00e8dits a les empreses.<\/td>\n<\/tr>\n<\/tbody>\n<\/table>\n<\/div>\n<p><strong>Llegeix tamb\u00e9:<\/strong> <a title=\"\u00c0gora pol\u00edtica: Catalunya, en clau europea (II)\" href=\"http:\/\/monempresarial.com\/2014\/05\/02\/agora-politica-catalunya-en-clau-europea-ii\/\">\u00c0gora pol\u00edtica: Catalunya, en clau europea<\/a> (Al\u00edcia S\u00e1nchez-Camacho, Joan Herrera i Albert Rivera)<\/p>\n","protected":false},"excerpt":{"rendered":"<p>Amb les eleccions europees a la cantonada i el debat sobiranista a l\u2019ordre del dia, Catalunya viu un moment clau, tant de portes endins com pel que fa a la seva projecci\u00f3 i paper a l\u2019exterior. Per saber com afecten aquests aspectes l\u2019economia i l\u2019empresariat catal\u00e0 i esclarir quins s\u00f3n els reptes del pa\u00eds en clau europea, <em>M\u00f3n Empresarial<\/em> ha recollit l\u2019opini\u00f3 dels diferents partits pol\u00edtics amb representaci\u00f3 parlament\u00e0ria, a trav\u00e9s d\u2019una s\u00e8rie d\u2019entrevistes als seus representants.<\/p>\n","protected":false},"author":1,"featured_media":819,"comment_status":"closed","ping_status":"open","sticky":false,"template":"","format":"standard","meta":{"_mi_skip_tracking":false,"mc4wp_mailchimp_campaign":[],"jnews-multi-image_gallery":[],"jnews_single_post":[],"jnews_primary_category":[]},"categories":[10820,10821,10822,9,25],"tags":[],"_links":{"self":[{"href":"https:\/\/www.monempresarial.com\/ca\/wp-json\/wp\/v2\/posts\/753"}],"collection":[{"href":"https:\/\/www.monempresarial.com\/ca\/wp-json\/wp\/v2\/posts"}],"about":[{"href":"https:\/\/www.monempresarial.com\/ca\/wp-json\/wp\/v2\/types\/post"}],"author":[{"embeddable":true,"href":"https:\/\/www.monempresarial.com\/ca\/wp-json\/wp\/v2\/users\/1"}],"replies":[{"embeddable":true,"href":"https:\/\/www.monempresarial.com\/ca\/wp-json\/wp\/v2\/comments?post=753"}],"version-history":[{"count":1,"href":"https:\/\/www.monempresarial.com\/ca\/wp-json\/wp\/v2\/posts\/753\/revisions"}],"predecessor-version":[{"id":47102,"href":"https:\/\/www.monempresarial.com\/ca\/wp-json\/wp\/v2\/posts\/753\/revisions\/47102"}],"wp:featuredmedia":[{"embeddable":true,"href":"https:\/\/www.monempresarial.com\/ca\/wp-json\/wp\/v2\/media\/819"}],"wp:attachment":[{"href":"https:\/\/www.monempresarial.com\/ca\/wp-json\/wp\/v2\/media?parent=753"}],"wp:term":[{"taxonomy":"category","embeddable":true,"href":"https:\/\/www.monempresarial.com\/ca\/wp-json\/wp\/v2\/categories?post=753"},{"taxonomy":"post_tag","embeddable":true,"href":"https:\/\/www.monempresarial.com\/ca\/wp-json\/wp\/v2\/tags?post=753"}],"curies":[{"name":"wp","href":"https:\/\/api.w.org\/{rel}","templated":true}]}}