{"id":7668,"date":"2015-11-25T08:30:02","date_gmt":"2015-11-25T07:30:02","guid":{"rendered":"http:\/\/monempresarial.com\/?p=7668"},"modified":"2025-06-06T10:47:22","modified_gmt":"2025-06-06T08:47:22","slug":"auditori","status":"publish","type":"post","link":"https:\/\/www.monempresarial.com\/ca\/2015\/11\/25\/auditori\/","title":{"rendered":"L\u2019Auditori.<\/span> Un equipament al servei de la societat"},"content":{"rendered":"<p><img decoding=\"async\" loading=\"lazy\" class=\"alignright wp-image-7683\" src=\"http:\/\/monempresarial.com\/wp-content\/uploads\/2015\/11\/mon-empresarial-004-logo-auditori.png\" alt=\"mon-empresarial-004-logo-auditori\" width=\"190\" height=\"185\" \/><\/p>\n<h4>Amb el pas dels anys L\u2019Auditori, una de les infraestructures arquitect\u00f2niques m\u00e9s avantguardistes d\u2019Europa, consolida el seu paper de divulgador musical. L\u2019Orquestra Simf\u00f2nica de Barcelona i Nacional de Catalunya hi t\u00e9 la seva seu.<\/h4>\n<h4>Text: <a style=\"color: #ae0f09;\" href=\"http:\/\/monempresarial.com\/author\/omajo\/\">Olivia Maj\u00f3<\/a><br \/>\nFotos: <span style=\"color: #ae0f09;\">L\u2019Auditori<\/span><\/h4>\n<hr style=\"color: #b72126;\" \/>\n<p><span style=\"color: #ae0f09; font-weight: bold; text-transform: uppercase;\">Als anys 80, en el marc de les inversions<\/span> realitzades amb motiu de l\u2019organitzaci\u00f3 dels Jocs Ol\u00edmpics de Barcelona, les administracions p\u00fabliques es van plantejar la construcci\u00f3 de L\u2019Auditori, una nova infraestructura cultural destinada a acostar la m\u00fasica a la ciutadania que, a m\u00e9s, havia de convertir-se en la seu estable l\u2019Orquestra Simf\u00f2nica de Barcelona i Nacional de Catalunya (OBC). Tot i que l\u2019objectiu inicial era tenir enllestit l\u2019edifici l\u2019any 1992, la construcci\u00f3 es va endarrerir i la inauguraci\u00f3 oficial no va arribar fins el 22 de mar\u00e7 del 1999.<br \/>\nEl fet que L\u2019Auditori sigui un equipament de titularitat p\u00fablica marca de manera decisiva la seva traject\u00f2ria. Apart d\u2019acollir l\u2019OBC, t\u00e9 tres missions fonamentals: presentar una programaci\u00f3 art\u00edstica rica i variada que doni resposta a tots els interessos musicals de la societat; oferir un potent servei educatiu que promogui la m\u00fasica entre els m\u00e9s joves, i organitzar iniciatives per acostar la m\u00fasica als col\u00b7lectius m\u00e9s vulnerables.<\/p>\n<blockquote>\n<h2 style=\"color: #ae0f09;\">La titularitat p\u00fablica de L\u2019Auditori marca de manera decisiva la traject\u00f2ria d\u2019un equipament que havia d\u2019estar enllestit pels Jocs Ol\u00edmpics del 1992 per\u00f2 que no va inaugurar-se fins set anys m\u00e9s tard<\/h2>\n<\/blockquote>\n<p><span style=\"color: #ae0f09; font-weight: bold; text-transform: uppercase;\">Bones expectatives<\/span><br \/>\n<img decoding=\"async\" loading=\"lazy\" class=\"alignright size-full wp-image-7677\" src=\"http:\/\/monempresarial.com\/wp-content\/uploads\/2015\/11\/mon-empresarial-004-auditori-catalunya.png\" alt=\"mon-empresarial-004-auditori-catalunya\" width=\"300\" height=\"370\" srcset=\"https:\/\/www.monempresarial.com\/wp-content\/uploads\/2015\/11\/mon-empresarial-004-auditori-catalunya.png 300w, https:\/\/www.monempresarial.com\/wp-content\/uploads\/2015\/11\/mon-empresarial-004-auditori-catalunya-243x300.png 243w\" sizes=\"(max-width: 300px) 100vw, 300px\" \/>Durant els seus primers quinze anys de vida, l\u2019entitat ha treballat per encaixar totes aquestes peces i, poc a poc, ha anat consolidant-se i guanyant pes en el panorama musical de la ciutat. Malgrat que el seu pressupost s\u2019ha redu\u00eft notablement els darrers anys \u2013dels 23 milions d\u2019euros del 2012 s\u2019ha passat a 15,7 milions el 2015\u2013, tots els indicadors econ\u00f2mics de L\u2019Auditori experimenten una evoluci\u00f3 positiva. Per exemple, el 2014 els ingressos corresponents a taquillatge van arribar als 3,6 milions d\u2019euros, un 11 % m\u00e9s que el 2013. Tamb\u00e9 cal destacar que l\u2019\u00faltim exercici es va tancar amb un d\u00e8ficit de 611.000 euros, una xifra que suposa una reducci\u00f3 del 60% respecte de l\u2019any anterior.<br \/>\nPel que fa a la present temporada, en els primers dos mesos la venda d\u2019entrades individuals ha experimentat una pujada del 26,6% en relaci\u00f3 al mateix per\u00edode de la temporada anterior. Tenint en compte aquesta bona acollida, els responsables de l\u2019entitat miren el futur amb optimisme i esperen que aquest creixement es mantingui de manera sostenible.<\/p>\n<p><span style=\"color: #ae0f09; font-weight: bold; text-transform: uppercase;\">En menys de 100 paraules<\/span><br \/>\nA m\u00e9s de ser la seu de l\u2019OBC i del Museu de la M\u00fasica, l\u2019edifici de L\u2019Auditori, de 42.000 m2 i dissenyat per l\u2019arquitecte Rafael Moneo, acull tamb\u00e9 l&#8217;Escola Superior de M\u00fasica de Catalunya. Tot plegat el converteix en un focus molt important de la vida musical de la ciutat, on es toquen els camps de la divulgaci\u00f3, la doc\u00e8ncia i la recerca. L\u2019Auditori compta amb 4 sales:<\/p>\n<ul>\n<li style=\"list-style-type: none;\">\n<ul>\n<li><b>Sala 1 Pau Casals:<\/b> 2.200 localitats<\/li>\n<li><b>Sala 2 Oriol Martorell:<\/b> 600 localitats<\/li>\n<li><b>Sala 3 Tete Montoliu:<\/b> 400 localitats<\/li>\n<li><b>Sala 4 Alicia de Larrocha:<\/b> 152 localitats<\/li>\n<\/ul>\n<\/li>\n<\/ul>\n<div style=\"background-color: #ae0f09; text-align: center;\"><span style=\"color: #ffffff; font-weight: bold; font-size: 20px;\">Entrevista a<\/span> <span style=\"color: #000000; font-weight: bold; font-size: 20px;\">Valent\u00ed Oviedo, gerent de L&#8217;Auditori<\/span><\/div>\n<p><img decoding=\"async\" loading=\"lazy\" class=\"alignright size-full wp-image-7703\" src=\"http:\/\/monempresarial.com\/wp-content\/uploads\/2015\/11\/mon-empresarial-004-valenti-oviedo.png\" alt=\"mon-empresarial-004-valenti-oviedo\" width=\"215\" height=\"200\" \/><span style=\"color: #ae0f09; font-weight: bold;\">A banda de la seva joventut, qu\u00e8 diferencia L\u2019Auditori d\u2019altres equipaments emblem\u00e0tics de la ciutat com el Liceu o el Palau de la M\u00fasica?<\/span><br \/>\nUn equipament que s\u2019ha fet des de la vocaci\u00f3 p\u00fablica i no des de la societat civil ha de tenir una personalitat diferent. Com els nostres socis i accionistes majoritaris s\u00f3n l\u2019Ajuntament i la Generalitat, tenim l\u2019obligaci\u00f3 d\u2019apropar la m\u00fasica a tota la ciutadania. Per aix\u00f2 oferim una orquestra amb preus assequibles i tenim un potent servei educatiu que cada any organitza m\u00e9s de 250 concerts, per on passen m\u00e9s de 160.000 nens i fam\u00edlies.<\/p>\n<p><span style=\"color: #ae0f09; font-weight: bold;\">Creu que els barcelonins ja s\u2019han fet seu L\u2019Auditori?<\/span><br \/>\nEncara falta molta feina per fer. No \u00e9s f\u00e0cil. D\u2019entrada, hi ha el fet que l\u2019edifici \u00e9s una mica dur i, en estar lluny del centre, moltes persones no s\u2019animen venir. Quan un equipament ha estat creat per la societat civil, com el Liceu, \u00e9s molt m\u00e9s proper a la gent perqu\u00e8 neix del teixit social. En el cas de L\u2019Auditori, la ciutadania se l\u2019ha trobat sense que ning\u00fa el deman\u00e9s. A m\u00e9s, per les seves caracter\u00edstiques, no ha resultat ic\u00f2nic per a Barcelona.<\/p>\n<p><span style=\"color: #ae0f09; font-weight: bold;\">Per qu\u00e8 el van fer al Poblenou?<\/span><br \/>\nAls anys 90 es planejava una nova Barcelona i es volia regenerar el Poblenou, una \u00e0rea grisa, de f\u00e0briques i tallers. Per canviar una zona es requereix inversi\u00f3 p\u00fablica i els equipaments culturals sempre han estat motor de canvi. Amb el TNC i L\u2019Auditori s\u2019impulsava una nova centralitat. L\u2019arquitecte de L\u2019Auditori, Rafael Moneo, va idear un equipament alineat amb la grisor que va sentir en visitar el barri. \u00c9s un edifici relativament fred, dur, amb acers i marrons que recorden una f\u00e0brica. Per\u00f2 aquesta fredor exterior contrasta amb la calidesa interior, ideal per escoltar m\u00fasica. Ara treballem perqu\u00e8 acabi de formar part de la ciutat.<\/p>\n<blockquote>\n<h2 style=\"color: #626366;\">\u201cTenim l\u2019obligaci\u00f3 d\u2019apropar la m\u00fasica a tota la ciutadania.\u201d<\/h2>\n<\/blockquote>\n<p><span style=\"color: #ae0f09; font-weight: bold;\">Quines iniciatives han posat en marxa per aconseguir-ho?<\/span><br \/>\nFins ara s\u2019engegava una manera de programar i, l\u2019any seg\u00fcent, canviava. Aquesta manca de continu\u00eftat fa impossible la fidelitzaci\u00f3. Ara seguim una l\u00ednia molt clara i constant, en estreta col\u00b7laboraci\u00f3 amb els conservatoris, centres c\u00edvics, biblioteques, fam\u00edlies&#8230; Intentem teixir una nova societat civil, m\u00e9s d\u2019acord al segle XXI, que inclogui tota la societat.<\/p>\n<p><span style=\"color: #ae0f09; font-weight: bold;\">Sembla que ho estan aconseguint, ja que l\u2019any 2014 es va registrar un augment de p\u00fablic del 12%.<\/span><br \/>\nAra la programaci\u00f3 ofereix noms i peces rellevants a un preu molt raonable. Tamb\u00e9 fem m\u00e9s m\u00fasica moderna, els concerts de cinema i hem refor\u00e7at l\u2019aposta pel servei educatiu com a primera porta d\u2019entrada a L\u2019Auditori. Apart dels concerts per a fam\u00edlies, amb la Cant\u00e0nia cada any passen per aqu\u00ed 20.000 nens que pugen a l\u2019escenari davant de 1.800 persones. Per a ells L\u2019Auditori ser\u00e0 un referent musical. Quan tinguin 30 anys, segurament recordaran que s\u2019ho van passar molt b\u00e9 i voldran tornar.<\/p>\n<p><span style=\"color: #ae0f09; font-weight: bold;\">La vocaci\u00f3 social tamb\u00e9 \u00e9s un aspecte b\u00e0sic de L\u2019Auditori.<\/span><br \/>\nS\u00ed, amb la m\u00fasica volem ajudar a millorar la vida de les persones. El projecte Auditori Apropa, per a persones en risc d\u2019exclusi\u00f3 social, ofereix tallers de musicoter\u00e0pia, assist\u00e8ncia als assajos de l\u2019OBC&#8230; Properament farem un projecte similar per a persones amb malalties neurodegeneratives. Se sap que la m\u00fasica \u00e9s l\u2019\u00faltim que perds en un cas aix\u00ed i, a m\u00e9s, ajuda a retardar el proc\u00e9s degeneratiu.<\/p>\n<p><span style=\"color: #ae0f09; font-weight: bold;\">Han notat un increment de les empreses interessades en patrocinar L\u2019Auditori?<\/span><br \/>\nS\u00ed, clarament. Mentre no hi hagi llei de mecenatge i, tenint en compte la nostra naturalesa, entenem que el patrocini va a projectes i no a la instituci\u00f3. Quan engeguem una iniciativa, veiem quines empreses poden estar interessades en la filosofia del projecte. Aix\u00ed, com Gas Natural normalment patrocina cinema, ha apostat pel projecte OBC Cinema. A m\u00e9s, moltes empreses japoneses instal\u00b7lades a Barcelona donen suport a la figura del nostre nou director musical, el mestre Kazushi Ono. En definitiva, busquem f\u00f3rmules que sumin les nostres necessitats i les dels patrocinadors.<\/p>\n<p><span style=\"color: #ae0f09; font-weight: bold;\">Com \u00e9s la gesti\u00f3 d\u2019un equipament p\u00fablic com L\u2019Auditori?<\/span><br \/>\nUn gestor ha d\u2019aconseguir que el compte de resultats sigui positiu o, en el nostre cas, que sigui zero. Per\u00f2 en la direcci\u00f3 d\u2019una instituci\u00f3 cultural tamb\u00e9 tens una missi\u00f3 i uns objectius. Nosaltres tenim la missi\u00f3 de mantenir la cultura viva i, malgrat que els pressupostos siguin redu\u00efts, hem de poder fer-ho. Aquest 2015 esperem eixugar el d\u00e8ficit i acabar en equilibri.<\/p>\n","protected":false},"excerpt":{"rendered":"<p>Amb el pas dels anys L\u2019Auditori, una de les infraestructures arquitect\u00f2niques m\u00e9s avantguardistes d\u2019Europa, consolida el seu paper de divulgador musical. L\u2019Orquestra Simf\u00f2nica de Barcelona i Nacional de Catalunya hi t\u00e9 la seva seu.<\/p>\n","protected":false},"author":30,"featured_media":7675,"comment_status":"open","ping_status":"open","sticky":false,"template":"","format":"standard","meta":{"_mi_skip_tracking":false,"mc4wp_mailchimp_campaign":[],"jnews-multi-image_gallery":[],"jnews_single_post":[],"jnews_primary_category":[]},"categories":[9,10820,10821,10825,21],"tags":[170,763,1469,1470,1471,1472,1473,1474,1475,116],"_links":{"self":[{"href":"https:\/\/www.monempresarial.com\/ca\/wp-json\/wp\/v2\/posts\/7668"}],"collection":[{"href":"https:\/\/www.monempresarial.com\/ca\/wp-json\/wp\/v2\/posts"}],"about":[{"href":"https:\/\/www.monempresarial.com\/ca\/wp-json\/wp\/v2\/types\/post"}],"author":[{"embeddable":true,"href":"https:\/\/www.monempresarial.com\/ca\/wp-json\/wp\/v2\/users\/30"}],"replies":[{"embeddable":true,"href":"https:\/\/www.monempresarial.com\/ca\/wp-json\/wp\/v2\/comments?post=7668"}],"version-history":[{"count":1,"href":"https:\/\/www.monempresarial.com\/ca\/wp-json\/wp\/v2\/posts\/7668\/revisions"}],"predecessor-version":[{"id":46295,"href":"https:\/\/www.monempresarial.com\/ca\/wp-json\/wp\/v2\/posts\/7668\/revisions\/46295"}],"wp:featuredmedia":[{"embeddable":true,"href":"https:\/\/www.monempresarial.com\/ca\/wp-json\/wp\/v2\/media\/7675"}],"wp:attachment":[{"href":"https:\/\/www.monempresarial.com\/ca\/wp-json\/wp\/v2\/media?parent=7668"}],"wp:term":[{"taxonomy":"category","embeddable":true,"href":"https:\/\/www.monempresarial.com\/ca\/wp-json\/wp\/v2\/categories?post=7668"},{"taxonomy":"post_tag","embeddable":true,"href":"https:\/\/www.monempresarial.com\/ca\/wp-json\/wp\/v2\/tags?post=7668"}],"curies":[{"name":"wp","href":"https:\/\/api.w.org\/{rel}","templated":true}]}}