{"id":7715,"date":"2015-11-26T08:30:29","date_gmt":"2015-11-26T07:30:29","guid":{"rendered":"http:\/\/monempresarial.com\/?p=7715"},"modified":"2025-09-24T09:59:58","modified_gmt":"2025-09-24T07:59:58","slug":"entrevista-joan-amat-sole-president-consell-delegacio-alt-penedes-cambra-comerc-barcelona","status":"publish","type":"post","link":"https:\/\/www.monempresarial.com\/ca\/2015\/11\/26\/entrevista-joan-amat-sole-president-consell-delegacio-alt-penedes-cambra-comerc-barcelona\/","title":{"rendered":"Entrevista a Joan Amat Sol\u00e9,<\/span> president del Consell de la delegaci\u00f3 al Alt Pened\u00e8s de la C\u00e1mara de Comer\u00e7 de Barcelona"},"content":{"rendered":"<h4 style=\"color: #000000;\">Poques comarques poden presumir d\u2019una identificaci\u00f3 territori-producte tan marcada com l\u2019Alt Pened\u00e8s, conegut arreu com a zona productora de vins i caves de gran qualitat. Parlem amb el president del Consell de la delegaci\u00f3 a l\u2019Alt Pened\u00e8s de la Cambra de Comer\u00e7 de Barcelona, Joan Amat Sol\u00e9, per tal que ens expliqui com ha afectat la crisi a una zona on el sector primari hi t\u00e9 un gran pes i quines s\u00f3n les previsions de futur de l\u2019empresariat local.<\/h4>\n<h4 style=\"color: #000000;\">Text: <a style=\"color: #846d8a;\" href=\"http:\/\/monempresarial.com\/author\/mtorres\/\">Montse Torres<\/a>\u00a0\u00a0\u00a0Fotos: <span style=\"color: #846d8a;\">Cedides<\/span><\/h4>\n<hr style=\"color: #b72126;\" \/>\n<blockquote>\n<h2 style=\"color: #846d8a;\">\u201cL\u2019agricultura i la viticultura han estat la gran sort de l\u2019Alt Pened\u00e8s durant la crisi econ\u00f2mica\u201d<\/h2>\n<\/blockquote>\n<p><b>L\u2019Alt Pened\u00e8s \u00e9s una de les comarques barcelonines on menys intensa va ser la destrucci\u00f3 d\u2019empreses durant la crisi gr\u00e0cies a la forta empenta del sector primari. L\u2019agricultura, i en especial la viticultura, ha estat el sector que ha sustentat la comarca?<\/b><br \/>\nSens dubte l\u2019agricultura i la viticultura han estat la gran sort de l\u2019Alt Pened\u00e8s durant la crisi econ\u00f2mica. Gr\u00e0cies a elles, a la comarca la p\u00e8rdua d\u2019empreses i l\u2019atur han estat molt per sota del nivell del conjunt de Catalunya durant tota la crisi. Aix\u00ed, mentre la mitjana d\u2019atur a Catalunya l\u2019any 2014 va ser del 22,10%, a l\u2019Alt Pened\u00e8s es va situar en un 17,48%.<\/p>\n<figure id=\"attachment_7724\" aria-describedby=\"caption-attachment-7724\" style=\"width: 300px\" class=\"wp-caption alignright\"><img decoding=\"async\" loading=\"lazy\" class=\"size-full wp-image-7724\" src=\"http:\/\/monempresarial.com\/wp-content\/uploads\/2015\/11\/mon-empresarial-004-joan-amat.png\" alt=\"Donat el potencial de l\u2019enoturisme a l\u2019Alt Pened\u00e8s, el sector privat i el p\u00fablic treballen amb l\u2019objectiu com\u00fa d\u2019impulsar el sector tur\u00edstic i augmentar aix\u00ed els beneficis que aquest genera.\" width=\"300\" height=\"236\" \/><figcaption id=\"caption-attachment-7724\" class=\"wp-caption-text\">Donat el potencial de l\u2019enoturisme a l\u2019Alt Pened\u00e8s, el sector privat i el p\u00fablic treballen amb l\u2019objectiu com\u00fa d\u2019impulsar el sector tur\u00edstic i augmentar aix\u00ed els beneficis que aquest genera.<\/figcaption><\/figure>\n<p><b>Malgrat l\u2019exist\u00e8ncia d\u2019empreses de gran volum, la dimensi\u00f3 mitjana de les empreses de l\u2019Alt Pened\u00e8s \u00e9s de 10 treballadors. \u00c9s el creixement un dels reptes de l\u2019empresariat de la zona?<\/b><br \/>\nEvidentment, en una economia globalitzada com la que tenim actualment, les empreses tenen la necessitat d\u2019augmentar la seva capacitat de creixement. En molts casos no \u00e9s possible, i llavors l\u2019\u00fanica soluci\u00f3 de futur \u00e9s que diferents empreses treballin plegades per poder donar servei a grans demandes.<\/p>\n<p><b>Alguns informes parlen d\u2019una p\u00e8rdua de competitivitat de la comarca en el conjunt de Catalunya en els darrers anys. Creu que l\u2019Alt Pened\u00e8s ha perdut for\u00e7a en relaci\u00f3 a altres zones del pa\u00eds?<\/b><br \/>\nLa desaparici\u00f3 de Caixa Pened\u00e8s a la nostra comarca ha ocasionat un sotrac molt important. En aquest sentit, algunes dades ens diuen que hem baixat sis llocs en el r\u00e0nquing de competitivitat, per\u00f2 estic conven\u00e7ut que en un futur pr\u00f2xim recuperarem posicions.<\/p>\n<p><b>Quatre municipis concentren gaireb\u00e9 tres quartes parts de les empreses l\u00edders en facturaci\u00f3: Vilafranca del Pened\u00e8s (8 empreses), Santa Margarida i els Monjos (5), Sant Sadurn\u00ed d\u2019Anoia (5) i Ol\u00e8rdola (5). Es treballa per afavorir la implantaci\u00f3 d\u2019empreses en altres punts de la comarca?<\/b><br \/>\nTots els municipis intenten tenir el seu propi pol\u00edgon industrial, per\u00f2 seria bo que les empreses estiguessin concentrades en unes determinades \u00e0rees industrials per minimitzar al m\u00e0xim l\u2019impacte ambiental. A m\u00e9s, aix\u00f2 afavoriria l\u2019enoturisme, una activitat que ens pot proporcionar uns grans beneficis, tant econ\u00f2mics com en termes d\u2019ocupaci\u00f3.<\/p>\n<p><b>La comarca \u00e9s coneguda, tant a escala nacional com internacional, pels seus vins i caves. Com es treballa per tal que aquesta identificaci\u00f3 reverteixi en la resta de productes i serveis generats a l\u2019Alt Pened\u00e8s?<\/b><br \/>\nConsidero que actualment la marca Pened\u00e8s no t\u00e9 encara la for\u00e7a necess\u00e0ria per ajudar a altres productes que no siguin el vi i el cava. Per aquest motiu, crec que haurem de treballar molt intensament per donar m\u00e9s for\u00e7a al nom Pened\u00e8s. En aquest sentit, l\u2019enoturisme podria ajudar, i molt, a aconseguir-ho.<\/p>\n<blockquote>\n<h2 style=\"color: #846d8a;\">\u201cLa desaparici\u00f3 de Caixa Pened\u00e8s ha ocasionat un sotrac molt important i hem baixat sis llocs en el r\u00e0nquing de competitivitat del conjunt de Catalunya, per\u00f2 en un futur pr\u00f2xim recuperarem posicions.\u201d<\/h2>\n<\/blockquote>\n<p><b>\u00c9s doncs l\u2019enoturisme una activitat complement\u00e0ria al m\u00f3n del vi on encara hi ha molt cam\u00ed per rec\u00f3rrer? \u00c9s el turisme un dels sectors amb m\u00e9s marge de creixement a la comarca?<\/b><br \/>\nSens dubte, l\u2019enoturisme pot ser un dels grans motors econ\u00f2mics de la nostra comarca. En aquest sentit, s\u2019est\u00e0 treballant tant des del sector privat com del p\u00fablic per aconseguir que el turisme es multipliqui i generi m\u00e9s ocupaci\u00f3 i beneficis.<\/p>\n<p><b>Com d\u00e8iem, l\u2019Alt Pened\u00e8s \u00e9s una comarca amb una gran identificaci\u00f3 territori-producte pels seus vins i, al mateix temps, compta amb diverses ind\u00fastries papereres. Es treballa per afavorir sinergies?<\/b><br \/>\nCrec que s\u2019est\u00e0 fent una bona feina per tal de donar entrada a altres tipus d\u00b4empreses que no afectin la imatge del sector que d\u00f3na vida a la comarca. Els diferents municipis que la conformen treballen per atraure empreses de diferents sectors, per\u00f2 sempre evitant malmetre el territori.<br \/>\n<img decoding=\"async\" loading=\"lazy\" class=\"aligncenter size-full wp-image-7722\" src=\"http:\/\/monempresarial.com\/wp-content\/uploads\/2015\/11\/mon-empresarial-004-amat-cambra-comerc.png\" alt=\"mon-empresarial-004-amat-cambra-comerc\" width=\"450\" height=\"309\" srcset=\"https:\/\/www.monempresarial.com\/wp-content\/uploads\/2015\/11\/mon-empresarial-004-amat-cambra-comerc.png 450w, https:\/\/www.monempresarial.com\/wp-content\/uploads\/2015\/11\/mon-empresarial-004-amat-cambra-comerc-300x206.png 300w\" sizes=\"(max-width: 450px) 100vw, 450px\" \/><br \/>\n<b>Com es treballa des de la Cambra per afavorir l\u2019emprenedoria a l\u2019Alt Pened\u00e8s?<\/b><br \/>\nDes de la Cambra s\u2019ajuda a totes les empreses i emprenedors que ens demanen assessorament per impulsar o desenvolupar els seus projectes.<\/p>\n<p><b>Quins creu que s\u00f3n els punts forts del teixit empresarial de l\u2019Alt Pened\u00e8s? I els punts febles?<\/b><br \/>\nEl principal punt feble, des del meu punt de vista, \u00e9s que els diferents sectors no treballen conjuntament. Crec que, en aquest sentit, al Pened\u00e8s som massa independents; tothom treballa per separat. Un altre punt d\u00e8bil \u00e9s que no es valora suficientment el que tenim al nostre territori. I tamb\u00e9 considero una feblesa el fet que el sector empresarial est\u00e0 format, deixant de banda un nombre redu\u00eft de grans companyies, per empreses molt petites. Pel que fa als punts forts, diria que la majoria d\u2019empreses exporten, que hi ha un fort esperit emprenedor, que s\u2019aposta per la innovaci\u00f3 i la tecnologia aix\u00ed com tamb\u00e9 per la sostenibilitat i el respecte del medi ambient, i que tenim infraestructures molt properes.<\/p>\n<div style=\"background-color: #846d8a; text-align: center;\"><span style=\"color: #ffffff; font-weight: bold; font-size: 20px;\">Tr\u00e0mits de comer\u00e7 exterior i gesti\u00f3 empresarial<\/span><\/div>\n<p><span style=\"color: #000000; font-weight: bold; text-transform: uppercase;\">La delegaci\u00f3 de la Cambra de Comer\u00e7 de Barcelona<\/span> a l\u2019Alt Pened\u00e8s ofereix a tots els empresaris i comerciants de la comarca la seva ajuda i serveis per satisfer les necessitats que precisin per tirar endavant les seves empreses. En aquest sentit, un dels principals serveis que s\u2019ofereixen \u00e9s el suport en la realitzaci\u00f3 de tr\u00e0mits de comer\u00e7 exterior (certificats d\u2019origen, legalitzaci\u00f3 de documents comercials, tramitaci\u00f3 consular de documents, visats, certificats de lliure venda, Quaderns ATA, etc.) i tamb\u00e9 de tr\u00e0mits de gesti\u00f3 empresarial (Registre d&#8217;Ind\u00fastries Agr\u00e0ries i Aliment\u00e0ries de Catalunya, registre sanitari, carnets professionals, subvencions, comunicacions d\u2019obertura de centres de treball, etc.)<\/p>\n<div style=\"background-color: #846d8a; text-align: center;\"><span style=\"color: #ffffff; font-weight: bold; font-size: 20px;\">Formaci\u00f3 a l\u2019empresariat i autoocupaci\u00f3 dels joves<\/span><\/div>\n<p><span style=\"color: #000000; font-weight: bold; text-transform: uppercase;\">Un altre dels pilars de la Cambra<\/span> \u00e9s la formaci\u00f3 a l\u2019empresariat. En aquest sentit, s\u2019impulsen projectes com Campuscambra, orientat a la formaci\u00f3 cont\u00ednua, la formaci\u00f3 a mida, la formaci\u00f3 d\u2019empresaris i directius, la formaci\u00f3 on-line o la gesti\u00f3 de la bonificaci\u00f3 de la formaci\u00f3 a les empreses, entre d\u2019altres. Pel que fa als joves, el programa PICE (Programa Integral de Cualificaci\u00f3n y Empleo) dissenyat per les cambres de comer\u00e7, t\u00e9 l\u2019objectiu de guiar i acompanyar els joves al llarg del seu itinerari formatiu per tal d\u2019inserir-los en el mercat de treball o en l\u2019autoocupaci\u00f3.<\/p>\n","protected":false},"excerpt":{"rendered":"<p>Poques comarques poden presumir d\u2019una identificaci\u00f3 territori-producte tan marcada com l\u2019Alt Pened\u00e8s, conegut arreu com a zona productora de vins i caves de gran qualitat. Parlem amb el president del Consell de la delegaci\u00f3 a l\u2019Alt Pened\u00e8s de la Cambra de Comer\u00e7 de Barcelona, Joan Amat Sol\u00e9.<\/p>\n","protected":false},"author":31,"featured_media":7718,"comment_status":"open","ping_status":"open","sticky":false,"template":"","format":"standard","meta":{"_mi_skip_tracking":false,"mc4wp_mailchimp_campaign":[],"jnews-multi-image_gallery":[],"jnews_single_post":[],"jnews_primary_category":[]},"categories":[9],"tags":[1506,7852,116,787,965,1489,1490,1491,1494,1499,1500,1501,1502,1503,1504,1505],"_links":{"self":[{"href":"https:\/\/www.monempresarial.com\/ca\/wp-json\/wp\/v2\/posts\/7715"}],"collection":[{"href":"https:\/\/www.monempresarial.com\/ca\/wp-json\/wp\/v2\/posts"}],"about":[{"href":"https:\/\/www.monempresarial.com\/ca\/wp-json\/wp\/v2\/types\/post"}],"author":[{"embeddable":true,"href":"https:\/\/www.monempresarial.com\/ca\/wp-json\/wp\/v2\/users\/31"}],"replies":[{"embeddable":true,"href":"https:\/\/www.monempresarial.com\/ca\/wp-json\/wp\/v2\/comments?post=7715"}],"version-history":[{"count":1,"href":"https:\/\/www.monempresarial.com\/ca\/wp-json\/wp\/v2\/posts\/7715\/revisions"}],"predecessor-version":[{"id":47372,"href":"https:\/\/www.monempresarial.com\/ca\/wp-json\/wp\/v2\/posts\/7715\/revisions\/47372"}],"wp:featuredmedia":[{"embeddable":true,"href":"https:\/\/www.monempresarial.com\/ca\/wp-json\/wp\/v2\/media\/7718"}],"wp:attachment":[{"href":"https:\/\/www.monempresarial.com\/ca\/wp-json\/wp\/v2\/media?parent=7715"}],"wp:term":[{"taxonomy":"category","embeddable":true,"href":"https:\/\/www.monempresarial.com\/ca\/wp-json\/wp\/v2\/categories?post=7715"},{"taxonomy":"post_tag","embeddable":true,"href":"https:\/\/www.monempresarial.com\/ca\/wp-json\/wp\/v2\/tags?post=7715"}],"curies":[{"name":"wp","href":"https:\/\/api.w.org\/{rel}","templated":true}]}}