{"id":7735,"date":"2015-11-30T08:30:44","date_gmt":"2015-11-30T07:30:44","guid":{"rendered":"http:\/\/monempresarial.com\/es\/?p=7735"},"modified":"2025-09-24T09:59:35","modified_gmt":"2025-09-24T07:59:35","slug":"politics-segle-xxi-mes-policy-menys-politics","status":"publish","type":"post","link":"https:\/\/www.monempresarial.com\/ca\/2015\/11\/30\/politics-segle-xxi-mes-policy-menys-politics\/","title":{"rendered":"Pol\u00edtics del segle XXI: M\u00e9s policy i menys politics"},"content":{"rendered":"<h4>Els pol\u00edtics del segle XXI <img decoding=\"async\" loading=\"lazy\" class=\"alignright size-full wp-image-6687\" src=\"http:\/\/monempresarial.com\/wp-content\/uploads\/2015\/10\/mon-emprsarial-003-xavier-torrens1.png\" alt=\"mon-emprsarial-003-xavier-torrens\" width=\"200\" height=\"160\" \/> poden fer-ho m\u00e9s b\u00e9. Per aconseguir-ho cal que tinguin la millor formaci\u00f3 universit\u00e0ria i l\u2019experi\u00e8ncia que d\u00f3na comen\u00e7ar des dels Governs locals o la societat civil. Aix\u00ed, tindr\u00edem Governs dels millors, fossin de la ideologia que fossin. I la gent confiaria m\u00e9s en la pol\u00edtica.<\/h4>\n<h4><a style=\"color: #ae0f09;\" href=\"http:\/\/monempresarial.com\/author\/xtorrens\/\">XAVIER TORRENS.<\/a> Professor de Ci\u00e8ncia Pol\u00edtica a la UB i soci\u00f2leg.<\/h4>\n<hr style=\"color: #b72126;\" \/>\n<p><img decoding=\"async\" loading=\"lazy\" class=\"alignleft size-full wp-image-7745\" src=\"http:\/\/monempresarial.com\/wp-content\/uploads\/2015\/11\/mon-empresarial-004-politics-catalans.png\" alt=\"mon-empresarial-004-politics-catalans\" width=\"215\" height=\"235\" \/><span style=\"color: #999999; font-weight: bold; text-transform: uppercase;\">Maquiav\u00e8l\u00b7lic.<\/span> Aix\u00ed \u00e9s com veu molta gent el m\u00f3n pol\u00edtic, per\u00f2 aix\u00f2 pot canviar. Seria possible si ens atengu\u00e9ssim als par\u00e0metres angloamericans i, per tant, professionalitz\u00e9ssim el treball dels partits, la feina dels pol\u00edtics i la gesti\u00f3 p\u00fablica. \u00c9s clar, no seria la panacea, per\u00f2 milloraria. La clau rau en combinar el <i>savoir-faire<\/i> de la <i>politics<\/i> amb el <i>know-how<\/i> de la <i>policy<\/i>. No \u00e9s gens f\u00e0cil, per\u00f2 \u00e9s factible. Aclarim-ho.<br \/>\nEl mot angl\u00e8s <i>politics<\/i> es refereix a la pol\u00edtica dels partits (<i>party politics<\/i>) com, per exemple, els debats parlamentaris, les tert\u00falies pol\u00edtiques o una campanya electoral. La paraula anglesa <i>policy<\/i> fa refer\u00e8ncia a la pol\u00edtica p\u00fablica, la pol\u00edtica del Govern (<i>government policy<\/i>), com ara la pol\u00edtica social, la pol\u00edtica cultural, la pol\u00edtica educativa, la pol\u00edtica econ\u00f2mica, etc. En el bon art de la pol\u00edtica, f\u00f3ra bo que cada pol\u00edtic sab\u00e9s interioritzar les dues concepcions, tant la pol\u00edtica partid\u00e0ria com les pol\u00edtiques p\u00fabliques.<\/p>\n<blockquote>\n<h2 style=\"color: #999999;\">La clau del bon ofici dels grans pol\u00edtics rau en saber combinar b\u00e9 el <i>savoir-faire<\/i> de la <i>politics<\/i> (saber fer en la pol\u00edtica de partits) amb el <i>know-how<\/i> de la <i>policy<\/i> (saber fer en la pol\u00edtica p\u00fablica)<\/h2>\n<\/blockquote>\n<p><span style=\"color: #999999; font-weight: bold; text-transform: uppercase;\">S\u00c8RIES DE TELEVISI\u00d3, REFLEX DE LA REALITAT<\/span><br \/>\nFem una ullada a les novel\u00b7les del segle XXI: les s\u00e8ries de televisi\u00f3. Si som dels que gaudim amb satisfacci\u00f3 de la companyia de les teles\u00e8ries de gran qualitat sobre pol\u00edtica arribarem f\u00e0cilment a la conclusi\u00f3 que aquesta \u00e9s un joc de poder allunyat del bon ofici i que t\u00e9 males maneres. S\u00e8ries com ara la sense escr\u00fapols <i>House of Cards<\/i>, la realista <i>Borgen<\/i> i la pragm\u00e0tica <i>The West Wing<\/i>, a les que cal afegir la fantasiosa <i>Game of Thrones<\/i> o l\u2019antiga -que no vella- <i>Yes Minister<\/i> (amb la seva seq\u00fcela <i>Yes, Prime Minister<\/i>), ens fan posar els cabells de punta. Tot i aix\u00ed, es pot sostenir que existeix el bon ofici de la pol\u00edtica i alhora mantenir que els pol\u00edtics el poden aprendre.<br \/>\nLes esmentades s\u00e8ries de televisi\u00f3 ens ofereixen una imatge for\u00e7a acurada (exceptuant aquelles escenes i intrigues m\u00e9s pr\u00f2pies d\u2019un <i>thriller<\/i>) de com rutlla la pol\u00edtica. Hi ha una barreja d\u2019interessos personals i d\u2019interessos comunitaris, que basculen cap a un cant\u00f3 o altre en funci\u00f3 del personatge. La pol\u00edtica real \u00e9s aix\u00ed, encara que als pol\u00edtics els costi recon\u00e8ixer-ho. Tanmateix, les citades s\u00e8ries ens mostren una pol\u00edtica professionalitzada, amb pol\u00edtics amb un bon bagatge i una excel\u00b7lent formaci\u00f3. I aquest \u00e9s el factor que diferencia el m\u00f3n anglosax\u00f3 del nostre pa\u00eds. Aqu\u00ed rau el quid de la q\u00fcesti\u00f3. Analitzem-lo fil per randa.<br \/>\n<img decoding=\"async\" loading=\"lazy\" class=\"aligncenter size-full wp-image-7747\" src=\"http:\/\/monempresarial.com\/wp-content\/uploads\/2015\/11\/mon-empresarial-004-politics-mal.png\" alt=\"mon-empresarial-004-politics-mal\" width=\"740\" height=\"645\" srcset=\"https:\/\/www.monempresarial.com\/wp-content\/uploads\/2015\/11\/mon-empresarial-004-politics-mal.png 740w, https:\/\/www.monempresarial.com\/wp-content\/uploads\/2015\/11\/mon-empresarial-004-politics-mal-300x261.png 300w, https:\/\/www.monempresarial.com\/wp-content\/uploads\/2015\/11\/mon-empresarial-004-politics-mal-300x261@2x.png 600w\" sizes=\"(max-width: 740px) 100vw, 740px\" \/><br \/>\n<span style=\"color: #999999; font-weight: bold; text-transform: uppercase;\">FORMACI\u00d3 I EXPERI\u00c8NCIA<\/span><br \/>\nLa professionalitzaci\u00f3 de la pol\u00edtica no significa que els pol\u00edtics ho hagin de ser de per vida, com si fos una feina de funcionariat. Al que ens referim \u00e9s a que per a que un pol\u00edtic sigui bo, ha d\u2019estar ben format, cosa que far\u00e0 que actu\u00ef de manera professional.<br \/>\nCaldria que la persona que es dedica a la pol\u00edtica compagin\u00e9s la formaci\u00f3 politol\u00f2gica (formaci\u00f3 universit\u00e0ria de m\u00e0ster o, almenys, de grau) amb l\u2019experi\u00e8ncia pol\u00edtica, comen\u00e7ant al Govern local.<br \/>\nSi ens imaginem una escala, tot pujant els seus graons, una persona impel\u00b7lida per la cosa p\u00fablica hauria de dedicar-se primer a participar i dirigir una ONG, una associaci\u00f3, una cooperativa, una fundaci\u00f3 o una empresa privada. \u00c9s a dir, si a una persona li motiva tant la cosa p\u00fablica, primer cal que hagi estat en una organitzaci\u00f3 de la societat civil. Millor de voluntari en el tercer sector per\u00f2 tamb\u00e9 en el sector privat. El pas seg\u00fcent f\u00f3ra que particip\u00e9s en la pol\u00edtica municipal. Aprendre des del Govern local forja un altre esperit en el pol\u00edtic que ser\u00e0 present en el Govern auton\u00f2mic o el Govern central. La viv\u00e8ncia en entitats de la societat civil i l\u2019experi\u00e8ncia des de sota en l\u2019administraci\u00f3 local s\u00f3n crucials.<\/p>\n<p><span style=\"color: #999999; font-weight: bold; text-transform: uppercase;\">ESCOLA DE POL\u00cdTICS?<\/span><br \/>\n<img decoding=\"async\" loading=\"lazy\" class=\"alignright size-full wp-image-7739\" src=\"http:\/\/monempresarial.com\/wp-content\/uploads\/2015\/11\/mon-empresarial-004-moneda-euro.png\" alt=\"mon-empresarial-004-moneda-euro\" width=\"215\" height=\"213\" srcset=\"https:\/\/www.monempresarial.com\/wp-content\/uploads\/2015\/11\/mon-empresarial-004-moneda-euro.png 215w, https:\/\/www.monempresarial.com\/wp-content\/uploads\/2015\/11\/mon-empresarial-004-moneda-euro-150x150.png 150w\" sizes=\"(max-width: 215px) 100vw, 215px\" \/>Per ser un bon empresari o un excel\u00b7lent gerent \u00e9s molt \u00fatil acudir a una escola de negocis i fer un MBA capdavanter en els r\u00e0nquings universitaris, per\u00f2 en el camp de la pol\u00edtica catalana o espanyola encara no hi ha res semblant. I els regidors dels Ajuntaments, els diputats dels Parlaments i els consellers del Govern, aix\u00ed com els Secretaris Generals, Directors Generals i assessors pol\u00edtics, es beneficiarien d\u2019una formaci\u00f3 d\u2019aquestes caracter\u00edstiques.<br \/>\nLa millor soluci\u00f3 \u00e9s cursar el grau de Ci\u00e8ncia Pol\u00edtica, perqu\u00e8 el seu pla d\u2019estudis acostuma a fonamentar-se en quatre pilars b\u00e0sics: assignatures de Ci\u00e8ncia Pol\u00edtica, mat\u00e8ries d\u2019Economia P\u00fablica, continguts de Dret P\u00fablic i temes d\u2019altres ci\u00e8ncies socials (Sociologia, Hist\u00f2ria, etc.). Al\u00b7leg\u00f2ricament, s\u00f3n com les quatre potes que fan estable una cadira. \u00c9s una formaci\u00f3 interdisciplin\u00e0ria, necess\u00e0ria per a un home o una dona dedicats a la pol\u00edtica.<\/p>\n<blockquote>\n<h2 style=\"color: #999999;\">Aprendre des del Govern local forja un altre esperit en el pol\u00edtic que ser\u00e0 present en el Govern auton\u00f2mic o el Govern central. La viv\u00e8ncia en entitats de la societat civil i l\u2019experi\u00e8ncia des de sota en l\u2019administraci\u00f3 local s\u00f3n crucials.)<\/h2>\n<\/blockquote>\n<p><span style=\"color: #999999; font-weight: bold; text-transform: uppercase;\">POL\u00cdTIQUES P\u00daBLIQUES EFICACES<\/span><br \/>\n<img decoding=\"async\" loading=\"lazy\" class=\"alignleft size-full wp-image-7737\" src=\"http:\/\/monempresarial.com\/wp-content\/uploads\/2015\/11\/mon-empresarial-004-figura-politics.png\" alt=\"mon-empresarial-004-figura-politics\" width=\"300\" height=\"174\" \/>Els pol\u00edtics de les generacions m\u00e9s grans acostumen a tenir formaci\u00f3 \u00fanicament en Dret i, per tant, no disposen de capacitaci\u00f3 ni politol\u00f2gica, ni econ\u00f2mica, ni sociol\u00f2gica. Aquest \u00e9s el motiu pel qual tenim pol\u00edtics que saben fer lleis i s\u2019afanyen a fer decrets legislatius, reglaments i m\u00e9s normes jur\u00eddiques que burocratitzen, per\u00f2 en canvi no saben dissenyar una pol\u00edtica p\u00fablica. Un bot\u00f3 de mostra: l\u2019Estat espanyol ha tingut fins a nou lleis d\u2019educaci\u00f3 en el per\u00edode democr\u00e0tic i, governi qui governi, els resultats educatius sempre ratllen la mediocritat.<br \/>\nLa resoluci\u00f3 dels problemes p\u00fablics \u00e9s, avui dia, una de les variables principals que el ciutad\u00e0 d\u2019a peu t\u00e9 en compte per avaluar si les institucions pol\u00edtiques funcionen o no. La gent vol que l\u2019educaci\u00f3 dels seus fills sigui bona. Aix\u00ed doncs, cal que les pol\u00edtiques p\u00fabliques tinguin efic\u00e0cia (bons resultats), \u00e9s a dir, impacte social. I per aix\u00f2 la formaci\u00f3 dels nostres pol\u00edtics ha de ser m\u00e9s bona. Aix\u00ed milloraria de deb\u00f2 l\u2019ofici de la pol\u00edtica.<br \/>\nTot plegat ens duu a pensar que els pol\u00edtics nostrats ja en saben prou de fer <i>politics<\/i> i les seves mancances s\u00f3n a l\u2019hora de dissenyar i implementar <i>policies<\/i>. Si es formessin en l\u2019an\u00e0lisi de pol\u00edtiques p\u00fabliques i la nova gesti\u00f3 p\u00fablica, de ben segur que tindr\u00edem Governs dels millors o, si m\u00e9s no, millors governants. Almenys tindr\u00edem pol\u00edtics del segle XXI en comptes d\u2019estar ancorats al segle XX. S\u2019ho val pel bon ofici de la pol\u00edtica.<br \/>\n<img decoding=\"async\" loading=\"lazy\" class=\"aligncenter size-full wp-image-7743\" src=\"http:\/\/monempresarial.com\/wp-content\/uploads\/2015\/11\/mon-empresarial-004-percentatge-confianca.png\" alt=\"mon-empresarial-004-percentatge-confianca\" width=\"740\" height=\"556\" srcset=\"https:\/\/www.monempresarial.com\/wp-content\/uploads\/2015\/11\/mon-empresarial-004-percentatge-confianca.png 740w, https:\/\/www.monempresarial.com\/wp-content\/uploads\/2015\/11\/mon-empresarial-004-percentatge-confianca-300x225.png 300w, https:\/\/www.monempresarial.com\/wp-content\/uploads\/2015\/11\/mon-empresarial-004-percentatge-confianca-300x225@2x.png 600w\" sizes=\"(max-width: 740px) 100vw, 740px\" \/><\/p>\n","protected":false},"excerpt":{"rendered":"<p>Els pol\u00edtics del segle XXI poden fer-ho m\u00e9s b\u00e9. Per aconseguir-ho cal que tinguin la millor formaci\u00f3 universit\u00e0ria i l\u2019experi\u00e8ncia que d\u00f3na comen\u00e7ar des dels Governs locals o la societat civil. Aix\u00ed, tindr\u00edem Governs dels millors, fossin de la ideologia que fossin. I la gent confiaria m\u00e9s en la pol\u00edtica.<\/p>\n","protected":false},"author":16,"featured_media":7741,"comment_status":"open","ping_status":"open","sticky":false,"template":"","format":"standard","meta":{"_mi_skip_tracking":false,"mc4wp_mailchimp_campaign":[],"jnews-multi-image_gallery":[],"jnews_single_post":[],"jnews_primary_category":[]},"categories":[9,24],"tags":[1519,1520,1521,364,1522,1507,1523,1508,1524,1509,1525,1510,1526,1511,1512,1513,1514,1515,1516,1517,1518],"_links":{"self":[{"href":"https:\/\/www.monempresarial.com\/ca\/wp-json\/wp\/v2\/posts\/7735"}],"collection":[{"href":"https:\/\/www.monempresarial.com\/ca\/wp-json\/wp\/v2\/posts"}],"about":[{"href":"https:\/\/www.monempresarial.com\/ca\/wp-json\/wp\/v2\/types\/post"}],"author":[{"embeddable":true,"href":"https:\/\/www.monempresarial.com\/ca\/wp-json\/wp\/v2\/users\/16"}],"replies":[{"embeddable":true,"href":"https:\/\/www.monempresarial.com\/ca\/wp-json\/wp\/v2\/comments?post=7735"}],"version-history":[{"count":1,"href":"https:\/\/www.monempresarial.com\/ca\/wp-json\/wp\/v2\/posts\/7735\/revisions"}],"predecessor-version":[{"id":47371,"href":"https:\/\/www.monempresarial.com\/ca\/wp-json\/wp\/v2\/posts\/7735\/revisions\/47371"}],"wp:featuredmedia":[{"embeddable":true,"href":"https:\/\/www.monempresarial.com\/ca\/wp-json\/wp\/v2\/media\/7741"}],"wp:attachment":[{"href":"https:\/\/www.monempresarial.com\/ca\/wp-json\/wp\/v2\/media?parent=7735"}],"wp:term":[{"taxonomy":"category","embeddable":true,"href":"https:\/\/www.monempresarial.com\/ca\/wp-json\/wp\/v2\/categories?post=7735"},{"taxonomy":"post_tag","embeddable":true,"href":"https:\/\/www.monempresarial.com\/ca\/wp-json\/wp\/v2\/tags?post=7735"}],"curies":[{"name":"wp","href":"https:\/\/api.w.org\/{rel}","templated":true}]}}