{"id":8006,"date":"2015-12-08T08:30:34","date_gmt":"2015-12-08T07:30:34","guid":{"rendered":"http:\/\/monempresarial.com\/?p=8006"},"modified":"2025-09-24T09:58:01","modified_gmt":"2025-09-24T07:58:01","slug":"entrevista-dr-jorge-briones-escubos","status":"publish","type":"post","link":"https:\/\/www.monempresarial.com\/ca\/2015\/12\/08\/entrevista-dr-jorge-briones-escubos\/","title":{"rendered":"Entrevista al Dr. Jorge Briones Escub\u00f3s"},"content":{"rendered":"<p><span style=\"color: #000000; font-weight: bold;\"><img decoding=\"async\" loading=\"lazy\" src=\"http:\/\/monempresarial.com\/wp-content\/uploads\/2015\/12\/mon-empresarial-004-jorge-briones.png\" alt=\"mon-empresarial-004-jorge-briones\" width=\"215\" height=\"222\" class=\"alignright size-full wp-image-8009\" \/>Soci fundador i membre del cos facultatiu del Centre de Reproducci\u00f3 Assistida de la Cl\u00ednica Sagrada Fam\u00edlia.<\/span><\/p>\n<hr style=\"color: #b72126; size=\"20\"\" \/>\n<h5>Sobre fertilitat , les seves conseq\u00fc\u00e8ncies en la nostra societat i com pal\u00b7liar-les parlem amb aquest expert en la mat\u00e8ria de dilatada traject\u00f2ria. <\/h5>\n<p>&nbsp;<br \/>\nText: <a style=\"color: #005633;\" href=\"http:\/\/monempresarial.com\/author\/ebouisset\/\">Emma Bouisset<\/a><br \/>\nFoto: <a style=\"color: #005633;\">Cedida<\/a><br \/>\n&nbsp;<br \/>\n<span style=\"color: #000000; font-weight: bold;\">Quines s\u00f3n les principals causes d&#8217;esterilitat avui dia i per qu\u00e8?<\/span><br \/>\nAvui dia, les causes principals de l&#8217;esterilitat femenina podr\u00edem buscar-les en la plena incorporaci\u00f3 de la dona al m\u00f3n laboral, fent que moltes dones inici\u00efn la recerca d&#8217;una maternitat a edats en qu\u00e8 la fertilitat femenina comen\u00e7a a estar significativament compromesa. A banda del tipus d&#8217;alimentaci\u00f3, tipus de vida (estr\u00e8s), els bioelements contaminants ambientals, etc. El conjunt d\u2019aquests factors fa que, sobretot, la qualitat dels ov\u00f2cits que han de ser fecundats no sigui la que fa anys es tenia. A m\u00e9s, d&#8217;altra banda, la reserva ov\u00e0rica, que \u00e9s la quantitat d&#8217;\u00f2vuls que tenen els ovaris en un nombre fix i que varia en cada dona, est\u00e0 en alguns casos importantment compromesa a causa de l&#8217;edat avan\u00e7ada de la dona. I aix\u00f2 fa que disminueixin de manera significativa les possibilitats de fecundaci\u00f3 correcta.<br \/>\nEl factor mascul\u00ed, aix\u00ed mateix, tamb\u00e9 juga el seu paper en tota aquesta hist\u00f2ria. Per les mateixes causes que les femenines, ha disminu\u00eft la quantitat dels espermatozoides, la seva mobilitat i, sobretot, les formes normals \u2013s&#8217;ha experimentat un augment en les malformacions dels espermes tan significatiu que l&#8217;Organitzaci\u00f3 Mundial de la Salut (OMS ) s&#8217;ha vist obligada a variar els percentatges de normalitat en la poblaci\u00f3 mundial\u2013.<\/p>\n<p><span style=\"color: #000000; font-weight: bold;\">Com podem abordar aquestes causes? <\/span><br \/>\nAdaptant-nos als nous temps i aportant tots els esfor\u00e7os i aven\u00e7os \u2013sobretot biol\u00f2gics\u2013 que ens permetin abordar cada cas amb el rigor professional que es mereix. Perqu\u00e8 fins i tot per als casos en qu\u00e8 fracassarem a causa de situacions org\u00e0niques o biol\u00f2giques, tenim sortides a trav\u00e9s de donants femenines o masculins, que fan que amb pacients amb els quals seria impossible aconseguir una gestaci\u00f3 amb elements propis, siguem capa\u00e7os d&#8217;assolir embarassos evolutius.<\/p>\n<p><span style=\"color: #000000; font-weight: bold;\">Aconseguir el 100% d&#8217;\u00e8xit en els tractaments aix\u00ed com minimitzar els efectes secundaris de les medicacions s\u00f3n les prioritats de la seva cl\u00ednica.<\/span><br \/>\nAconseguir una taxa d&#8217;embarassos del 100% no deixa de ser una quimera, ja que la taxa de fertilitat de l&#8217;\u00e9sser hum\u00e0 est\u00e0 entre el 14% i el 20%. De tota manera, amb els coneixements i recursos de qu\u00e8 avui dia disposem, aconseguim taxes d&#8217;embarassos molt superiors a les que de forma natural obtindr\u00edem \u2013recordem que el percentatge de poblaci\u00f3 que ha de rec\u00f3rrer als professionals \u00e9s d&#8217;un 15%, i va a l\u2019al\u00e7a\u2013.<br \/>\nRespecte dels tractaments i les seves conseq\u00fc\u00e8ncies, aquestes queden minimitzades o controlades gr\u00e0cies a l&#8217;adequaci\u00f3 a cada cas i a un control exhaustiu.<\/p>\n<p><span style=\"color: #000000; font-weight: bold;\">Reptes de futur en la reproducci\u00f3 assistida.<\/span><br \/>\nEls reptes futurs passen per obtenir resultats cada vegada m\u00e9s voluminosos en sentit positiu.  El nostre inter\u00e8s est\u00e0 dirigit a l&#8217;excel\u00b7l\u00e8ncia en totes les seves facetes.<\/p>\n","protected":false},"excerpt":{"rendered":"<p>El Dr. Jorge Briones \u00e9s soci fundador i membre del cos facultatiu del Centre de Reproducci\u00f3 Assistida de la Cl\u00ednica Sagrada Fam\u00edlia. Ens parla sobre fertilitat , les seves conseq\u00fc\u00e8ncies en la nostra societat i com pal\u00b7liar-les parlem amb aquest expert en la mat\u00e8ria de dilatada traject\u00f2ria. <\/p>\n","protected":false},"author":1,"featured_media":8011,"comment_status":"open","ping_status":"open","sticky":false,"template":"","format":"standard","meta":{"_mi_skip_tracking":false,"mc4wp_mailchimp_campaign":[],"jnews-multi-image_gallery":[],"jnews_single_post":[],"jnews_primary_category":[]},"categories":[10821,10822,10820,10,31,30],"tags":[1674,1675,1676,1677,1678,1679,1680,1681,1682,437,1673],"_links":{"self":[{"href":"https:\/\/www.monempresarial.com\/ca\/wp-json\/wp\/v2\/posts\/8006"}],"collection":[{"href":"https:\/\/www.monempresarial.com\/ca\/wp-json\/wp\/v2\/posts"}],"about":[{"href":"https:\/\/www.monempresarial.com\/ca\/wp-json\/wp\/v2\/types\/post"}],"author":[{"embeddable":true,"href":"https:\/\/www.monempresarial.com\/ca\/wp-json\/wp\/v2\/users\/1"}],"replies":[{"embeddable":true,"href":"https:\/\/www.monempresarial.com\/ca\/wp-json\/wp\/v2\/comments?post=8006"}],"version-history":[{"count":2,"href":"https:\/\/www.monempresarial.com\/ca\/wp-json\/wp\/v2\/posts\/8006\/revisions"}],"predecessor-version":[{"id":47368,"href":"https:\/\/www.monempresarial.com\/ca\/wp-json\/wp\/v2\/posts\/8006\/revisions\/47368"}],"wp:featuredmedia":[{"embeddable":true,"href":"https:\/\/www.monempresarial.com\/ca\/wp-json\/wp\/v2\/media\/8011"}],"wp:attachment":[{"href":"https:\/\/www.monempresarial.com\/ca\/wp-json\/wp\/v2\/media?parent=8006"}],"wp:term":[{"taxonomy":"category","embeddable":true,"href":"https:\/\/www.monempresarial.com\/ca\/wp-json\/wp\/v2\/categories?post=8006"},{"taxonomy":"post_tag","embeddable":true,"href":"https:\/\/www.monempresarial.com\/ca\/wp-json\/wp\/v2\/tags?post=8006"}],"curies":[{"name":"wp","href":"https:\/\/api.w.org\/{rel}","templated":true}]}}