{"id":8021,"date":"2015-12-08T18:30:57","date_gmt":"2015-12-08T17:30:57","guid":{"rendered":"http:\/\/monempresarial.com\/?p=8021"},"modified":"2025-06-06T10:46:15","modified_gmt":"2025-06-06T08:46:15","slug":"entrevista-dr-joan-bosco-ameller-moll","status":"publish","type":"post","link":"https:\/\/www.monempresarial.com\/ca\/2015\/12\/08\/entrevista-dr-joan-bosco-ameller-moll\/","title":{"rendered":"Entrevista al Dr. Joan Bosco Ameller Moll<\/span>"},"content":{"rendered":"<p><img decoding=\"async\" loading=\"lazy\" src=\"http:\/\/monempresarial.com\/wp-content\/uploads\/2015\/12\/mon-empresarial-004-joan-bosco.png\" alt=\"mon-empresarial-004-joan-bosco\" width=\"215\" height=\"243\" class=\"alignright size-full wp-image-8028\" \/><span style=\"color: #000000; font-weight: bold;\">Director del Centre Dental Ciutadella<\/span><\/p>\n<hr style=\"color: #b72126; size=\"20\"\" \/>\n<h5>Per a aquest reputat especialista en salut dental, la profilaxi \u00e9s el pilar fonamental per tenir una boca sana. Per\u00f2 no tothom pensa igual. Hi parlem. <\/h5>\n<p>&nbsp;<br \/>\nText: <a style=\"color: #005633;\" href=\"http:\/\/monempresarial.com\/author\/ebouisset\/\">Emma Bouisset<\/a><br \/>\nFoto: <a style=\"color: #005633;\">Cedida<\/a><br \/>\n&nbsp;<br \/>\n<span style=\"color: #000000; font-weight: bold;\">La salut dental \u00e9s la gran oblidada quan parlem de prevenci\u00f3? <\/span><br \/>\nDep\u00e8n del pa\u00eds. Per a nosaltres, per exemple, tot va comen\u00e7ar fa uns 25 anys, quan a les revisions dentals que feia als reclutes em va sorprendre observar que els que menys c\u00e0ries i problemes periodontals tenien eren els fills d\u2019immigrants espanyols als pa\u00efsos n\u00f2rdics. I \u00e9s que, a difer\u00e8ncia d\u2019Espanya, all\u00ed ja existien plans de prevenci\u00f3 dental p\u00fablics. <\/p>\n<p><span style=\"color: #000000; font-weight: bold;\">I avui dia, quines s\u00f3n les patologies m\u00e9s freq\u00fcents que han de tractar?<\/span><br \/>\nLes patologies m\u00e9s freq\u00fcents s\u00f3n les abans esmentades: c\u00e0ries i problemes periodontals.<\/p>\n<p><span style=\"color: #000000; font-weight: bold;\">Quines novetats ofereix el seu centre per tenir cura de la nostra dentadura?<\/span><br \/>\nPel que fa a les c\u00e0ries, la prevenci\u00f3 consisteix a reduir-ne la freq\u00fc\u00e8ncia i, si apareix, fer-ne un diagn\u00f2stic preco\u00e7. Els eixos principals, per tant, s\u00f3n el control de la dieta i de la placa bacteriana, l\u2019augment de la resist\u00e8ncia de l\u2019esmalt i el control radiogr\u00e0fic.<\/p>\n<p><span style=\"color: #000000; font-weight: bold;\">Vost\u00e8s no treballen amb m\u00fatues. Per qu\u00e8?<\/span><br \/>\nVam deixar de treballar amb m\u00fatues precisament perqu\u00e8 no donaven import\u00e0ncia a la prevenci\u00f3. D\u2019altra banda, per\u00f2, tamb\u00e9 perqu\u00e8 els barems de cotitzaci\u00f3 dels tractaments oferts patien reiterades reduccions, i aix\u00f2 impedeix oferir tractaments de m\u00e0xima qualitat, aix\u00ed com fer front a les despeses que suposa per a la cl\u00ednica tenir professionals d\u2019alta qualificaci\u00f3, oferir formaci\u00f3, comprar materials de primera qualitat, invertir en tecnologia, etc. Si volem ser fidels al nostre lema, hem d\u2019oferir als nostres pacients el que oferir\u00edem als nostres pares, germans o als nostres fills. Aix\u00f2 no era viable amb els barems amb els quals ens obligaven a treballar les m\u00fatues, per tant, vam decidir oferir el nostre propi Pla de Prevenci\u00f3, sense intermediaris.<\/p>\n<p><span style=\"color: #000000; font-weight: bold;\">I com funciona aquest pla? En qu\u00e8 consisteix exactament?<\/span><br \/>\nNosaltres oferim un Pla de Prevenci\u00f3 que <i>premia<\/i> la fidelitat dels nostres pacients. Les principals cobertures que inclou s\u00f3n: dues visites anuals de profilaxi\/manteniment, control radiogr\u00e0fic amb \u201cBite Wings\u201d cada 1-2 anys i ortopantomografia segons les necessitats individuals. Tamb\u00e9 hem incorporat el segellat de fissures en molars definitius, i si ens apareix patologia, apliquem uns descomptes per els tractaments que aquestes requereixin. Per\u00f2 tant als nostres pacients com a nosaltres el que m\u00e9s ens interessa \u00e9s la no aparici\u00f3 de patologies.<\/p>\n<p><span style=\"color: #000000; font-weight: bold;\">Per acabar, cap a on s\u2019encamina la prevenci\u00f3 de patologies dentals en el futur?<\/span><br \/>\nSi les principals patologies dentals s\u00f3n d\u2019etiologia bacteriana, l\u2019adequat control d\u2019aquesta ajuda a evitar o, com a m\u00ednim, a disminuir la seva incid\u00e8ncia. Per\u00f2 de ben segur que en un futur pr\u00f2xim apareixeran nous camps d\u2019actuaci\u00f3 dels quals ens podrem beneficiar. La prevenci\u00f3 tamb\u00e9 s\u2019aplica a altres camps com l\u2019ortod\u00f2ncia, la patologia articular (ATM), la implantologia, etc.<\/p>\n","protected":false},"excerpt":{"rendered":"<p>Per a aquest reputat especialista en salut dental, la profilaxi \u00e9s el pilar fonamental per tenir una boca sana. Per\u00f2 no tothom pensa igual. Hi parlem. <\/p>\n","protected":false},"author":1,"featured_media":8026,"comment_status":"open","ping_status":"open","sticky":false,"template":"","format":"standard","meta":{"_mi_skip_tracking":false,"mc4wp_mailchimp_campaign":[],"jnews-multi-image_gallery":[],"jnews_single_post":[],"jnews_primary_category":[]},"categories":[10820,10821,10822,10,31,30],"tags":[1659,1660,1661,1662,1663,1664,1665,1666,1667,1668,10958,1658],"_links":{"self":[{"href":"https:\/\/www.monempresarial.com\/ca\/wp-json\/wp\/v2\/posts\/8021"}],"collection":[{"href":"https:\/\/www.monempresarial.com\/ca\/wp-json\/wp\/v2\/posts"}],"about":[{"href":"https:\/\/www.monempresarial.com\/ca\/wp-json\/wp\/v2\/types\/post"}],"author":[{"embeddable":true,"href":"https:\/\/www.monempresarial.com\/ca\/wp-json\/wp\/v2\/users\/1"}],"replies":[{"embeddable":true,"href":"https:\/\/www.monempresarial.com\/ca\/wp-json\/wp\/v2\/comments?post=8021"}],"version-history":[{"count":1,"href":"https:\/\/www.monempresarial.com\/ca\/wp-json\/wp\/v2\/posts\/8021\/revisions"}],"predecessor-version":[{"id":46290,"href":"https:\/\/www.monempresarial.com\/ca\/wp-json\/wp\/v2\/posts\/8021\/revisions\/46290"}],"wp:featuredmedia":[{"embeddable":true,"href":"https:\/\/www.monempresarial.com\/ca\/wp-json\/wp\/v2\/media\/8026"}],"wp:attachment":[{"href":"https:\/\/www.monempresarial.com\/ca\/wp-json\/wp\/v2\/media?parent=8021"}],"wp:term":[{"taxonomy":"category","embeddable":true,"href":"https:\/\/www.monempresarial.com\/ca\/wp-json\/wp\/v2\/categories?post=8021"},{"taxonomy":"post_tag","embeddable":true,"href":"https:\/\/www.monempresarial.com\/ca\/wp-json\/wp\/v2\/tags?post=8021"}],"curies":[{"name":"wp","href":"https:\/\/api.w.org\/{rel}","templated":true}]}}