{"id":8171,"date":"2015-12-17T08:30:45","date_gmt":"2015-12-17T07:30:45","guid":{"rendered":"http:\/\/monempresarial.com\/?p=8171"},"modified":"2025-09-24T09:56:58","modified_gmt":"2025-09-24T07:56:58","slug":"economia-coneixement-topics-realitats","status":"publish","type":"post","link":"https:\/\/www.monempresarial.com\/ca\/2015\/12\/17\/economia-coneixement-topics-realitats\/","title":{"rendered":"L\u2019Economia del Coneixement: t\u00f2pics i realitats<\/span>"},"content":{"rendered":"<h4 style=\"color: #663300;\"><img decoding=\"async\" loading=\"lazy\" src=\"http:\/\/monempresarial.com\/wp-content\/uploads\/2015\/12\/mon-empresarial-004-josep-castells.png\" alt=\"mon-empresarial-004-josep-castells\" width=\"300\" height=\"410\" class=\"alignleft size-full wp-image-8176\" srcset=\"https:\/\/www.monempresarial.com\/wp-content\/uploads\/2015\/12\/mon-empresarial-004-josep-castells.png 300w, https:\/\/www.monempresarial.com\/wp-content\/uploads\/2015\/12\/mon-empresarial-004-josep-castells-220x300.png 220w\" sizes=\"(max-width: 300px) 100vw, 300px\" \/>Avui dia es parla molt de l\u2019Economia del Coneixement i de les empreses emmarcades dins d\u2019aquest terme \u2013les basades en productes d\u2019alt valor afegit fruit de la recerca i la innovaci\u00f3\u2013, per\u00f2 sovint s\u2019empren t\u00f2pics a l\u2019hora de planificar com desenvolupar aquesta societat del coneixement i les empreses que l\u2019han de pilotar.<\/h4>\n<p>&nbsp;<br \/>\n&nbsp;<br \/>\n&nbsp;<br \/>\n<span style=\"color: #663300; font-weight: bold; text-transform:uppercase;\">Josep Castells Boliart. <\/span>President executiu d\u2019InKemia IUCT Group. <\/p>\n<hr style=\"color: #b72126; size=\"20\"\" \/>\n&nbsp;<br \/>\n<span style=\"color: #000000; font-weight: bold; text-transform:uppercase;\">\u00c9s cert que l\u2019Economia del Coneixement<\/span> tan sols es pot desenvolupar en societats avan\u00e7ades en les quals existeix un nivell formatiu alt i una massa cr\u00edtica d\u2019investigadors. Aix\u00f2, que \u00e9s una realitat espaterrant, requereix un pa\u00eds amb una economia s\u00f2lida, amb unes universitats d\u2019alt nivell i uns centres de recerca capa\u00e7os de formar investigadors competitius en l\u2019\u00e0mbit internacional. I aqu\u00ed \u00e9s on apareix el t\u00f2pic: es confon l\u2019objectiu final de l\u2019anomenada Economia del Coneixement amb les bases de partida que requereix la societat per desenvolupar aquesta economia. Perqu\u00e8 per molt coneixement que existeixi en grans centres de recerca, sense empreses innovadores, aquest valor no es transforma en res que millori la qualitat de vida de les persones. En aquest cas, l\u2019R+D es converteix en despesa, i no en inversi\u00f3. Per tant, l\u2019objectiu final de la societat del coneixement \u00e9s disposar d\u2019empreses innovadores competitives internacionalment que puguin incorporar talent format en centres de recerca i universitats.<\/p>\n<p>Els centres de recerca capdavanters i una gran base d\u2019investigadors ben formats ja els tenim a casa nostra. Per\u00f2 no disposem encara d\u2019una massa cr\u00edtica d\u2019empreses innovadores. L\u2019objectiu actual de la nostra societat \u00e9s, en conseq\u00fc\u00e8ncia, dinamitzar la creaci\u00f3 d\u2019empreses d\u2019alta tecnologia i dinamitzar l\u2019entrada de les empreses madures en programes d\u2019innovaci\u00f3 i recerca. Perqu\u00e8 si b\u00e9 en iniciar la seva empresa, els emprenedors de sectors d\u2019alta tecnologia tenen la tranquil\u00b7litat de poder captar talent investigador d\u2019alt nivell, a mes d\u2019estar envoltats de centres pioners en recerca b\u00e0sica, no tenen tan f\u00e0cil, en canvi, comptar amb el necessari suport de les administracions per consolidar aquesta companyia d\u2019alt risc. Ni tampoc no reben el recolzament per projectes ambiciosos d\u2019R+D amb estricta visi\u00f3 empresarial, ni disposen d\u2019estructures de finan\u00e7ament (capital risc, inversi\u00f3 corporativa de bancs, borses&#8230;) capaces d\u2019acompanyar el seu desenvolupament en el creixement pel risc que tenen inherent.<\/p>\n<h4>Els emprenedors i la pr\u00f2pia societat troben el coll d\u2019ampolla per desenvolupar una Economia del Coneixement no en l\u2019oferta tecnol\u00f2gica dels centres d\u2019R+D i universitats, sin\u00f3 en la falta de programes institucionals de dinamitzaci\u00f3 i suport a les empreses innovadores, tant per als seus projectes d\u2019R+D  d\u2019empresa com en la millora de l\u2019estructura de capital.<\/h4>\n","protected":false},"excerpt":{"rendered":"<p>Avui dia es parla molt de l\u2019Economia del Coneixement i de les empreses emmarcades dins d\u2019aquest terme \u2013les basades en productes d\u2019alt valor afegit fruit de la recerca i la innovaci\u00f3\u2013, per\u00f2 sovint s\u2019empren t\u00f2pics a l\u2019hora de planificar com desenvolupar aquesta societat del coneixement i les empreses que l\u2019han de pilotar.<\/p>\n","protected":false},"author":1,"featured_media":8173,"comment_status":"open","ping_status":"open","sticky":false,"template":"","format":"standard","meta":{"_mi_skip_tracking":false,"mc4wp_mailchimp_campaign":[],"jnews-multi-image_gallery":[],"jnews_single_post":[],"jnews_primary_category":[]},"categories":[11,10817,10833,37,41],"tags":[1803,2936,10928,10929,181,240,635,1801,1802],"_links":{"self":[{"href":"https:\/\/www.monempresarial.com\/ca\/wp-json\/wp\/v2\/posts\/8171"}],"collection":[{"href":"https:\/\/www.monempresarial.com\/ca\/wp-json\/wp\/v2\/posts"}],"about":[{"href":"https:\/\/www.monempresarial.com\/ca\/wp-json\/wp\/v2\/types\/post"}],"author":[{"embeddable":true,"href":"https:\/\/www.monempresarial.com\/ca\/wp-json\/wp\/v2\/users\/1"}],"replies":[{"embeddable":true,"href":"https:\/\/www.monempresarial.com\/ca\/wp-json\/wp\/v2\/comments?post=8171"}],"version-history":[{"count":1,"href":"https:\/\/www.monempresarial.com\/ca\/wp-json\/wp\/v2\/posts\/8171\/revisions"}],"predecessor-version":[{"id":47365,"href":"https:\/\/www.monempresarial.com\/ca\/wp-json\/wp\/v2\/posts\/8171\/revisions\/47365"}],"wp:featuredmedia":[{"embeddable":true,"href":"https:\/\/www.monempresarial.com\/ca\/wp-json\/wp\/v2\/media\/8173"}],"wp:attachment":[{"href":"https:\/\/www.monempresarial.com\/ca\/wp-json\/wp\/v2\/media?parent=8171"}],"wp:term":[{"taxonomy":"category","embeddable":true,"href":"https:\/\/www.monempresarial.com\/ca\/wp-json\/wp\/v2\/categories?post=8171"},{"taxonomy":"post_tag","embeddable":true,"href":"https:\/\/www.monempresarial.com\/ca\/wp-json\/wp\/v2\/tags?post=8171"}],"curies":[{"name":"wp","href":"https:\/\/api.w.org\/{rel}","templated":true}]}}