{"id":821,"date":"2014-05-02T08:00:14","date_gmt":"2014-05-02T06:00:14","guid":{"rendered":"http:\/\/monempresarial.com\/?p=821"},"modified":"2025-09-16T11:40:13","modified_gmt":"2025-09-16T09:40:13","slug":"agora-politica-catalunya-en-clau-europea-ii","status":"publish","type":"post","link":"https:\/\/www.monempresarial.com\/ca\/2014\/05\/02\/agora-politica-catalunya-en-clau-europea-ii\/","title":{"rendered":"\u00c0gora pol\u00edtica: Catalunya, en clau europea (II)"},"content":{"rendered":"<h4>Segona part del recull d\u2019opinions dels diferents partits pol\u00edtics amb representaci\u00f3 parlament\u00e0ria, a trav\u00e9s d\u2019una s\u00e8rie d\u2019entrevistes als seus representants, realitzat per <em>M\u00f3n Empresarial<\/em>, en un moment marcat per la proximitat de les eleccions europees i pel dia a dia del debat sobiranista.<\/h4>\n<h4 style=\"text-align: left;\">Text: Andrea Cosialls<\/h4>\n<div>\n<table width=\"600\" cellpadding=\"5\" bgcolor=\"#8FBC8F\">\n<tbody>\n<tr>\n<th colspan=\"4\" bgcolor=\"#548B54\"><span style=\"color: #ffffff;\"><strong> PREGUNTES FORMULADES ALS PARTITS POL\u00cdTICS<\/strong><\/span><\/th>\n<\/tr>\n<tr>\n<td>\u00a0<a style=\"font-family: arial; color: #004200; font-size: 20px;\"> 1.-<\/a> El proper mes de maig tindran lloc les eleccions al parlament europeu. Quina rellev\u00e0ncia creu que ha de tenir la q\u00fcesti\u00f3 catalana i el debat sobiranista a Europa?<\/td>\n<\/tr>\n<tr>\n<td>\u00a0<a style=\"font-family: arial; color: #004200; font-size: 20px;\"> 2.-<\/a> Algunes veus i institucions europees veuen amb inquietud el proc\u00e9s sobiranista que viu Catalunya i apunten que, donada la situaci\u00f3 econ\u00f2mica, ara no \u00e9s el millor moment per abordar-lo. Qu\u00e8 en pensa? Creu que debats com aquest estan afectant la imatge de Catalunya de portes enfora?<\/td>\n<\/tr>\n<tr>\n<td>\u00a0<a style=\"font-family: arial; color: #004200; font-size: 20px;\"> 3.-<\/a> Considera que Catalunya es veu com una economia forta a l\u2019exterior? Quin pes econ\u00f2mic tindria una Catalunya independent dins d\u2019Europa?<\/td>\n<\/tr>\n<tr>\n<td>\u00a0<a style=\"font-family: arial; color: #004200; font-size: 20px;\"> 4.-<\/a> El govern central s\u2019oposa a la celebraci\u00f3 de la consulta sobre la independ\u00e8ncia. Com valoraria una proposta de millora del finan\u00e7ament catal\u00e0 a canvi de no tirar endavant la consulta? Creu que els empresaris catalans donarien suport a aquesta alternativa?<\/td>\n<\/tr>\n<tr>\n<td>\u00a0<a style=\"font-family: arial; color: #004200; font-size: 20px;\"> 5.-<\/a> Les <em>pimes<\/em> catalanes han patit fortament el cop de la crisi. Quin rol creu que ha de tenir Europa en el seu finan\u00e7ament i suport? Creu que s\u00f3n suficients les mesures que s\u2019estan comen\u00e7ant a adoptar per obrir l\u2019aixeta del cr\u00e8dit a empreses i emprenedors, per exemple, des d\u2019institucions com el Banc Europeu d&#8217;Inversions?<\/td>\n<\/tr>\n<\/tbody>\n<\/table>\n<p>&nbsp;<\/p>\n<table style=\"width: 680px;\" cellspacing=\"2\" cellpadding=\"5\">\n<tbody>\n<tr style=\"color: #ffffff; background-color: #548b54;\">\n<th>\u00a0<span style=\"color: #ffffff;\">PARTIT POPULAR DE CATALUNYA \/ AL\u00cdCIA S\u00c1NCHEZ-CAMACHO<\/span><\/th>\n<\/tr>\n<tr>\n<td>\n<h1><strong>\u201cCal centrar el debat en el marc legal\u201d<\/strong><\/h1>\n<p><img decoding=\"async\" loading=\"lazy\" class=\"alignleft wp-image-774\" title=\"Al\u00edcia S\u00e1nchez-Camacho\" src=\"http:\/\/monempresarial.com\/wp-content\/uploads\/2014\/05\/monempresarial-153-Alicia-SanchezCamacho.jpg\" alt=\"Al\u00edcia S\u00e1nchez-Camacho\" width=\"300\" height=\"389\" srcset=\"https:\/\/www.monempresarial.com\/wp-content\/uploads\/2014\/05\/monempresarial-153-Alicia-SanchezCamacho.jpg 384w, https:\/\/www.monempresarial.com\/wp-content\/uploads\/2014\/05\/monempresarial-153-Alicia-SanchezCamacho-231x300.jpg 231w\" sizes=\"(max-width: 300px) 100vw, 300px\" \/><br \/>\n<a style=\"font-family: arial; color: #004200; font-size: 20px;\"> 1.-<\/a> Cal reivindicar la import\u00e0ncia de les eleccions europees per elles mateixes i evitar que es contaminin amb un debat que res hi t\u00e9 a veure, com pretenen fer els partits separatistes. Des del PPC ens esfor\u00e7arem a explicar que les decisions de la Uni\u00f3 Europea s\u00f3n claus per als pa\u00efsos membre i la seva influ\u00e8ncia en tots els ciutadans europeus \u00e9s i ser\u00e0 creixent.<\/p>\n<p><a style=\"font-family: arial; color: #004200; font-size: 20px;\"> 2.-<\/a> El proc\u00e9s separatista \u2013aixecant noves fronteres i tancant-nos en nosaltres mateixos- va en contra dels signes dels temps i dels valors europeus. Els estats membre de la Uni\u00f3 Europea v\u00e0rem adoptar com a democr\u00e0cies modernes el comprom\u00eds de la unitat i el treball conjunt. En aquest context, qualsevol debat que generi inseguretat jur\u00eddica i institucional \u00e9s mal vist, no nom\u00e9s per les institucions europees sin\u00f3 tamb\u00e9 per als inversors internacionals, que el que busquen \u00e9s estabilitat.<\/p>\n<p><a style=\"font-family: arial; color: #004200; font-size: 20px;\"> 3.-<\/a> Catalunya ha estat sempre considerada un pol d\u2019atracci\u00f3 d\u2019inversions internacionals, de la mateixa manera que ha estat una terra exportadora dels seus b\u00e9ns a la resta d\u2019Espanya, a Europa i al m\u00f3n. Aix\u00f2 ha estat aix\u00ed per la indubtable capacitat emprenedora dels nostres empresaris i per l\u2019atractiu econ\u00f2mic i estrat\u00e8gic del nostre territori. Per\u00f2 no podem oblidar que, sense un estat fort com \u00e9s Espanya al darrere, que ens permet estar dins la Uni\u00f3 Europea, tot aix\u00f2 seria impossible.<\/p>\n<p><a style=\"font-family: arial; color: #004200; font-size: 20px;\"> 4.-<\/a> No crec que es tracti tant d\u2019un intercanvi d\u2019una cosa per l\u2019altra, sin\u00f3 de centrar el debat en el marc legal. El Govern d\u2019Espanya ha dit que est\u00e0 disposat a parlar de tot all\u00f2 que es pugui millorar a Catalunya sempre que aquest sigui un di\u00e0leg en el marc de les lleis democr\u00e0tiques. El finan\u00e7ament \u00e9s un tema fonamental a abordar aquest 2014 i nosaltres treballarem per intentar assolir un model pactat entre tots amb el que se superin els desequilibris que perjudiquen Catalunya. No entenem que el Govern de la Generalitat, obsessionat amb el proc\u00e9s separatista, estigui deixant perdre aquest debat.<\/p>\n<p><a style=\"font-family: arial; color: #004200; font-size: 20px;\"> 5.-<\/a> Les <em>pimes<\/em> s\u00f3n la columna vertebral de l\u2019economia catalana i espanyola. La pol\u00edtica europea ha de tenir en compte aquesta realitat. Cal seguir avan\u00e7ant en l\u2019impuls de l\u2019activitat empresarial amb l\u2019ajut dels fons europeus (50 milions d\u2019euros entre 2007 i 2013) i cal seguir aprofitant amb m\u00e9s intensitat les eines que ens donen iniciatives com \u2018Jeremie\u2019 per augmentar l\u2019acc\u00e9s al finan\u00e7ament per a la innovaci\u00f3 de microempreses i pimes. La situaci\u00f3 segueix essent complicada, per\u00f2 cal que veiem amb esperan\u00e7a les dades macroecon\u00f2miques que ens situen en el bon cam\u00ed cap al final de la crisi i aprofitar tots els instruments que es posen a l\u2019abast des de les institucions europees<\/td>\n<\/tr>\n<\/tbody>\n<\/table>\n<p>&nbsp;<\/p>\n<table style=\"width: 680px;\" cellspacing=\"2\" cellpadding=\"5\">\n<tbody>\n<tr style=\"color: #ffffff; background-color: #548b54;\">\n<th>\u00a0<span style=\"color: #ffffff;\">INICIATIVA PER CATALUNYA VERDS \/ JOAN HERRERA<\/span><\/th>\n<\/tr>\n<tr>\n<td>\n<h1><strong>\u201cLa darrera paraula l\u2019han de tenir els catalans\u201d<\/strong><\/h1>\n<p><img decoding=\"async\" loading=\"lazy\" class=\"alignleft wp-image-775\" title=\"Joan Herrera\" src=\"http:\/\/monempresarial.com\/wp-content\/uploads\/2014\/05\/monempresarial-153-Joan-Herrera.jpg\" alt=\"Joan Herrera\" width=\"300\" height=\"249\" srcset=\"https:\/\/www.monempresarial.com\/wp-content\/uploads\/2014\/05\/monempresarial-153-Joan-Herrera-300x249@2x.jpg 600w, https:\/\/www.monempresarial.com\/wp-content\/uploads\/2014\/05\/monempresarial-153-Joan-Herrera-300x249.jpg 300w, https:\/\/www.monempresarial.com\/wp-content\/uploads\/2014\/05\/monempresarial-153-Joan-Herrera-72x60.jpg 72w, https:\/\/www.monempresarial.com\/wp-content\/uploads\/2014\/05\/monempresarial-153-Joan-Herrera-72x60@2x.jpg 144w\" sizes=\"(max-width: 300px) 100vw, 300px\" \/><br \/>\n<a style=\"font-family: arial; color: #004200; font-size: 20px;\"> 1.-<\/a> Sens dubte \u00e9s un tema important. \u00c9s una reivindicaci\u00f3 democr\u00e0tica i majorit\u00e0ria del poble de Catalunya. I per aix\u00f2 la defensarem a Europa, a l\u2019Estat i a Catalunya. Ara b\u00e9, considerem absurd que aquest tema sigui la \u00fanica q\u00fcesti\u00f3 a debatre en aquestes eleccions. Ens hi juguem moltes altres coses tamb\u00e9 a Europa, com posar fi a l\u2019austeritat salvatge que ens est\u00e0 empobrint socialment i que impedeix la recuperaci\u00f3 tamb\u00e9 de moltes empreses, o l\u2019estrat\u00e8gia de devaluaci\u00f3 interna que est\u00e0 donant peu a un preocupant escenari de deflaci\u00f3.<\/p>\n<p><a style=\"font-family: arial; color: #004200; font-size: 20px;\"> 2.-<\/a> Aquesta \u00e9s una reivindicaci\u00f3 democr\u00e0tica i leg\u00edtima. Sens dubte, amb la intenci\u00f3 de buscar suports internacionals, el govern de CiU ha com\u00e8s errors greus, i sovint ho utilitza per tapar les retallades. En tot cas, crec que respon a un escenari d\u2019esgotament de les relacions pol\u00edtiques. Per contra, entenc que quan apareixem amb un discurs fonamentat correm el risc d\u2019apar\u00e8ixer com la nova Ped\u00e0nia ib\u00e8rica, i aix\u00f2 no \u00e9s positiu. En tot cas, el que m\u00e9s afecta a la imatge de Catalunya s\u00f3n les alarmants dades de pobresa i atur, i unes dades sobre desigualtat que evidencien que en el terreny de la redistribuci\u00f3 tenim molt cam\u00ed a rec\u00f3rrer.<\/p>\n<p><a style=\"font-family: arial; color: #004200; font-size: 20px;\"> 3.-<\/a> Crec que Catalunya ha estat hist\u00f2ricament un motor econ\u00f2mic i un centre industrial i que tenim grans potencialitats. Per\u00f2 malauradament tamb\u00e9 vam jugar a la bombolla immobili\u00e0ria, a la pol\u00edtica de grans infraestructures insostenibles i a competir en baixos salaris. Per tant, el pes econ\u00f2mic de Catalunya dins Europa, fos independent o no, dep\u00e8n principalment de que es capgirin les pol\u00edtiques d\u2019austeritat sense sentit, que s\u2019aposti per la ind\u00fastria, l\u2019economia verda, pel coneixement i pel valor afegit.<\/p>\n<p><a style=\"font-family: arial; color: #004200; font-size: 20px;\"> 4.-<\/a> Una oferta per la millora del finan\u00e7ament de Catalunya no pot impedir la consulta avui. En tot cas, i en el marc de la consulta, caldria que els diferents partits i tamb\u00e9 el govern d\u2019Espanya, plantegessin les seves ofertes i alternatives per permetre l\u2019encaix de Catalunya i Espanya. Per\u00f2 la darrera paraula l\u2019ha de tenir la ciutadania de Catalunya.<\/p>\n<p><a style=\"font-family: arial; color: #004200; font-size: 20px;\"> 5.-<\/a> Considerem que cal posar fi a la pol\u00edtica d\u2019austeritat salvatge aplicada en els darrers anys que nom\u00e9s ha aconseguit enfonsar m\u00e9s a l\u2019economia, provocar el tancament d\u2019empreses i fer augmentar l\u2019atur. Apostem per introduir est\u00edmuls a l\u2019economia, perqu\u00e8 el Banc Europeu d\u2019Inversions obri l\u00ednies de finan\u00e7ament directe a les pimes, i tant aquest com el Fons Europeu d\u2019Inversions facin una emissi\u00f3 conjunta de bons que faciliti la inversi\u00f3 en projectes socials i ecol\u00f2gicament sostenibles. L\u2019objectiu \u00e9s enfortir la integraci\u00f3 econ\u00f2mica, restablir la confian\u00e7a del sector productiu privat i garantir els drets socials a la UE.<\/td>\n<\/tr>\n<\/tbody>\n<\/table>\n<p>&nbsp;<\/p>\n<table style=\"width: 680px;\" cellspacing=\"2\" cellpadding=\"5\">\n<tbody>\n<tr style=\"color: #ffffff; background-color: #548b54;\">\n<th>\u00a0<span style=\"color: #ffffff;\">CIUTADANS \/ ALBERT RIVERA<\/span><\/th>\n<\/tr>\n<tr>\n<td>\n<h1><strong>\u201cEl separatisme va en direcci\u00f3 contr\u00e0ria a la UE\u201d<\/strong><\/h1>\n<p><img decoding=\"async\" loading=\"lazy\" class=\"alignleft wp-image-776\" title=\"Albert Rivera\" src=\"http:\/\/monempresarial.com\/wp-content\/uploads\/2014\/05\/monempresarial-153-Albert-Rivera.jpg\" alt=\"Albert Rivera\" width=\"300\" height=\"249\" srcset=\"https:\/\/www.monempresarial.com\/wp-content\/uploads\/2014\/05\/monempresarial-153-Albert-Rivera-300x249@2x.jpg 600w, https:\/\/www.monempresarial.com\/wp-content\/uploads\/2014\/05\/monempresarial-153-Albert-Rivera-300x249.jpg 300w, https:\/\/www.monempresarial.com\/wp-content\/uploads\/2014\/05\/monempresarial-153-Albert-Rivera-72x60.jpg 72w, https:\/\/www.monempresarial.com\/wp-content\/uploads\/2014\/05\/monempresarial-153-Albert-Rivera-72x60@2x.jpg 144w\" sizes=\"(max-width: 300px) 100vw, 300px\" \/><br \/>\n<a style=\"font-family: arial; color: #004200; font-size: 20px;\"> 1.-<\/a> Europa hauria de ratificar que estem tots per la uni\u00f3: per la uni\u00f3 de pol\u00edtiques europees i per la unificaci\u00f3 fiscal i econ\u00f2mica i per ser els Estats Units d\u2019Europa. Per tant, el separatisme va en direcci\u00f3 contr\u00e0ria a la Uni\u00f3 Europea.<\/p>\n<p><a style=\"font-family: arial; color: #004200; font-size: 20px;\"> 2.-<\/a> \u00c9s evident que en un proc\u00e9s d\u2019unificaci\u00f3 europea preocupa un proc\u00e9s de descomposici\u00f3 europea, perqu\u00e8 justament \u00e9s antag\u00f2nic a all\u00f2 pel que els pares d\u2019Europa i els dirigent s hi estan treballant, que \u00e9s per unificar i no per aixecar fronteres. Per tant, \u00e9s normal que preocupi i que la imatge de Catalunya en surti perjudicada, perqu\u00e8 enlloc de generar estabilitat econ\u00f2mica, pol\u00edtica i jur\u00eddica aquest desafiament separatista comporta moltes incerteses.<\/p>\n<p><a style=\"font-family: arial; color: #004200; font-size: 20px;\"> 3.-<\/a> Aquesta \u00faltima pregunta \u00e9s impossible de desxifrar, per\u00f2 \u00e9s evident que dins d\u2019Europa, de moment, no seria una realitat perqu\u00e8 la sortida d\u2019un Estat membre comporta la sortida de la Uni\u00f3 Europea, com ja han ratificat tots els l\u00edders de la Uni\u00f3 i tal com diuen els tractats. Per tant, Catalunya quedaria fora de la UE, es produiria un proc\u00e9s d\u2019adhesi\u00f3 que duraria una mitjana d\u2019una d\u00e8cada i que, a m\u00e9s, necessitaria el vistiplau de 28 pa\u00efsos. I estar fora de l\u2019euro, de les llibertats europees, dels tractats europeus i del mercat \u00fanic europeu perjudicaria no nom\u00e9s Catalunya sin\u00f3 a qualsevol part d\u2019Europa.<\/p>\n<p><a style=\"font-family: arial; color: #004200; font-size: 20px;\"> 4.-<\/a> Ciutadans est\u00e0 a favor de millorar aquest sistema de finan\u00e7ament per a les comunitats per tal de tenir sufici\u00e8ncia financera i per poder f inan\u00e7ar les compet\u00e8ncies que tenim, per\u00f2 aix\u00f2 no ens ho plantegem com una moneda de canvi per trencar Espanya sin\u00f3 perqu\u00e8 creiem que \u00e9s necessari. Que els empresaris catalans vegin b\u00e9 que no hi hagi una separaci\u00f3 de Catalunya de la resta d\u2019Espanya i de la Uni\u00f3 Europea \u00e9s evident, i que estiguin a favor d\u2019una millora del sistema de finan\u00e7ament per a les comunitats aut\u00f2nomes tamb\u00e9 em sembla l\u00f2gic.<\/p>\n<p><a style=\"font-family: arial; color: #004200; font-size: 20px;\"> 5.-<\/a> Crec que el rescat bancari d\u2019Espanya no s\u2019ha fet b\u00e9, perqu\u00e8 no s\u2019han posat condicions a les entitats rescatades perqu\u00e8 obrin l\u2019aixeta del cr\u00e8dit a les petites i mitjanes empreses. En aquest se nt it , crec que aquest rescat bancari de l\u2019Eurogrup a Espanya s\u2019hauria d\u2019haver condicionat perqu\u00e8 es don\u00e9s cr\u00e8dit i s\u2019injectessin diners a l\u2019economia productiva. Hi ha encara una falta de cr\u00e8dit important. El Banc Europeu d\u2019Inversions \u00e9s una via per\u00f2 crec que les entitats de cr\u00e8dit que estan rescatades amb diner p\u00fablic per tots els espanyols i l\u2019Eurogrup hauria de ser el cabal natural per a tots aquests cr\u00e8dits que no s\u2019estan donant.<\/td>\n<\/tr>\n<\/tbody>\n<\/table>\n<\/div>\n<p><em><strong>Nota: els representants del Grup Mixt al Parlament de Catalunya van declinar la invitaci\u00f3 a respondre a les pregutnes d\u2019aquest diari.<\/strong><\/em><\/p>\n<p><strong>Llegeix tamb\u00e9:<\/strong> <a title=\"\u00c0gora pol\u00edtica: Catalunya, en clau europea (I)\" href=\"http:\/\/monempresarial.com\/2014\/04\/30\/agora-politica-catalunya-en-clau-europea-i\/\">\u00c0gora pol\u00edtica: Catalunya, en clau europea<\/a> (Joana Ortega, Oriol Junqueras i Pere Navarro)<\/p>\n","protected":false},"excerpt":{"rendered":"<p>Segona part del recull d\u2019opinions dels diferents partits pol\u00edtics amb representaci\u00f3 parlament\u00e0ria, a trav\u00e9s d\u2019una s\u00e8rie d\u2019entrevistes als seus representants, realitzat per <em>M\u00f3n Empresarial<\/em>, en un moment marcat per la proximitat de les eleccions europees i pel dia a dia del debat sobiranista.<\/p>\n","protected":false},"author":1,"featured_media":820,"comment_status":"closed","ping_status":"open","sticky":false,"template":"","format":"standard","meta":{"_mi_skip_tracking":false,"mc4wp_mailchimp_campaign":[],"jnews-multi-image_gallery":[],"jnews_single_post":[],"jnews_primary_category":[]},"categories":[9,10820,10821,10822,25],"tags":[],"_links":{"self":[{"href":"https:\/\/www.monempresarial.com\/ca\/wp-json\/wp\/v2\/posts\/821"}],"collection":[{"href":"https:\/\/www.monempresarial.com\/ca\/wp-json\/wp\/v2\/posts"}],"about":[{"href":"https:\/\/www.monempresarial.com\/ca\/wp-json\/wp\/v2\/types\/post"}],"author":[{"embeddable":true,"href":"https:\/\/www.monempresarial.com\/ca\/wp-json\/wp\/v2\/users\/1"}],"replies":[{"embeddable":true,"href":"https:\/\/www.monempresarial.com\/ca\/wp-json\/wp\/v2\/comments?post=821"}],"version-history":[{"count":1,"href":"https:\/\/www.monempresarial.com\/ca\/wp-json\/wp\/v2\/posts\/821\/revisions"}],"predecessor-version":[{"id":47099,"href":"https:\/\/www.monempresarial.com\/ca\/wp-json\/wp\/v2\/posts\/821\/revisions\/47099"}],"wp:featuredmedia":[{"embeddable":true,"href":"https:\/\/www.monempresarial.com\/ca\/wp-json\/wp\/v2\/media\/820"}],"wp:attachment":[{"href":"https:\/\/www.monempresarial.com\/ca\/wp-json\/wp\/v2\/media?parent=821"}],"wp:term":[{"taxonomy":"category","embeddable":true,"href":"https:\/\/www.monempresarial.com\/ca\/wp-json\/wp\/v2\/categories?post=821"},{"taxonomy":"post_tag","embeddable":true,"href":"https:\/\/www.monempresarial.com\/ca\/wp-json\/wp\/v2\/tags?post=821"}],"curies":[{"name":"wp","href":"https:\/\/api.w.org\/{rel}","templated":true}]}}