{"id":8321,"date":"2016-01-07T08:30:04","date_gmt":"2016-01-07T07:30:04","guid":{"rendered":"http:\/\/monempresarial.com\/es\/?p=8321"},"modified":"2025-09-24T10:04:03","modified_gmt":"2025-09-24T08:04:03","slug":"biblioteca-empresarial-entrevista-guillem-lopez-casasnovas","status":"publish","type":"post","link":"https:\/\/www.monempresarial.com\/ca\/2016\/01\/07\/biblioteca-empresarial-entrevista-guillem-lopez-casasnovas\/","title":{"rendered":"Biblioteca Empresarial: Entrevista a Guillem L\u00f3pez Casasnovas"},"content":{"rendered":"<figure id=\"attachment_8319\" aria-describedby=\"caption-attachment-8319\" style=\"width: 224px\" class=\"wp-caption alignright\"><img decoding=\"async\" loading=\"lazy\" src=\"http:\/\/monempresarial.com\/wp-content\/uploads\/2015\/12\/mon-empresarial-004-guillem-lopez-casanovas.png\" alt=\"Guillem L\u00f3pez Casasnovas. Autor de la foto: Robert Ramos.\" width=\"224\" height=\"284\" class=\"size-full wp-image-8319\" \/><figcaption id=\"caption-attachment-8319\" class=\"wp-caption-text\">Guillem L\u00f3pez Casasnovas.<br \/>Autor de la foto: Robert Ramos.<\/figcaption><\/figure>\n<h4 style=\"color: #4C4C4E;\"><span style=\"color: #4C4C4E; font-weight: bold; text-transform:uppercase;\">El darrer llibre de Guillem L\u00f3pez Casasnovas,<\/span> catedr\u00e0tic d\u2019Economia i conseller del Banc d\u2019Espanya, esdev\u00e9 un full de ruta a tenir en compte a l\u2019hora de repensar la gesti\u00f3 d\u2019una de les grans v\u00edctimes de la crisi espanyola: l\u2019estat del benestar.<\/h4>\n<p>&nbsp;<br \/>\n&nbsp;<br \/>\n&nbsp;<br \/>\n&nbsp;<br \/>\n&nbsp;<br \/>\n&nbsp;<br \/>\n&nbsp;<\/p>\n<hr style=\"color: #b72126; size=\"20\"\" \/>\n<span style=\"color: #4C4C4E; font-weight: bold;\">En quin sentit el benestar \u00e9s desigual actualment? <\/span><br \/>\nSobretot entre generacions, per aquesta ra\u00f3, la que jo tracto al llibre es la desigualtat intergeneracional. I \u00e9s que, tot i haver vist com l\u2019equilibri que hi havia en el passat \u2013amb una pol\u00edtica social que protegia les persones grans perqu\u00e8 de la gent jove ja se n\u2019ocupava el mercat de treball\u2013 s\u2019ha trencat, la pol\u00edtica social continua focalitzada en la poblaci\u00f3 d\u2019edat m\u00e9s avan\u00e7ada, negligint aix\u00ed tot aquest jovent. <\/p>\n<p><span style=\"color: #4C4C4E; font-weight: bold;\">Llavors, creu que aquest enfocament erroni de les pol\u00edtiques socials, sumat a la crisi econ\u00f2mica, podr\u00e0 ensorrar el nostre estat del benestar? <\/span><br \/>\nEl finan\u00e7ament del nostre estat del benestar est\u00e0 sotm\u00e8s a dos requeriments: el primer, condici\u00f3 necess\u00e0ria, que l\u2019economia torni a una fase de creixement; el segon, decisi\u00f3 pol\u00edtica, que es determini qu\u00e8 volem finan\u00e7ar amb els recursos que es generen. Personalment, all\u00f2 que em preocupa m\u00e9s \u00e9s, sigui quina sigui la decisi\u00f3 presa, que continuem gestionant l\u2019estat del benestar com fins ara, \u00e9s a dir, creient que gastar m\u00e9s \u00e9s sempre la soluci\u00f3. Aquesta crisi pot esdevenir l\u2019oportunitat per repensar com respondrem als reptes socials presents i futurs, i la vella manera de fer s\u2019ajusta molt poc a les necessitats actuals. <\/p>\n<blockquote>\n<h2 style=\"color: #999999;\">\u201cNo podem seguir com fins ara, creient que gastar m\u00e9s \u00e9s la soluci\u00f3\u201d<\/h2>\n<\/blockquote>\n<p><span style=\"color: #4C4C4E; font-weight: bold;\">I qu\u00e8 en pensa de com ha respost fins ara el Govern als reptes econ\u00f2mics i socials que han sorgit amb la crisi? <\/span><br \/>\nCom a analista estic a favor de la racionalitzaci\u00f3 de la despesa, \u00e9s a dir, de prioritzar i gastar els recursos en aquelles funcions p\u00fabliques que m\u00e9s aporten al benestar social. Per\u00f2, precisament, aix\u00f2 no \u00e9s el que s\u2019ha fet al nostre pa\u00eds. A Espanya, a l\u2019\u00e8poca que tot anava b\u00e9 s\u2019ha gastat per al\u00b7luvi\u00f3, i amb la crisi s\u2019ha dut a terme una mena de ter\u00e0pia de xoc: empesos per la consolidaci\u00f3 fiscal s\u2019han tret les tisores per tal de no superar l\u2019objectiu de d\u00e8ficit que ens ha fixat Brussel\u00b7les. I aix\u00f2 no \u00e9s el resultat de cap prioritzaci\u00f3 feta a partir d\u2019una an\u00e0lisi d\u2019incid\u00e8ncia sobre el benestar de la poblaci\u00f3, m\u00e9s aviat s\u2019ha fet de qualsevol manera.<\/p>\n<p><span style=\"color: #4C4C4E; font-weight: bold;\">Qu\u00e8 ha suposat aquesta \u201cter\u00e0pia de xoc\u201d pel benestar conjunt? <\/span><br \/>\nT\u00e8cnicament, les retallades que ha sofert l\u2019estat del benestar les han hagut d\u2019encaixar els professionals. I aquesta manera de retallar toca sostre; no es poden anar rebaixant cont\u00ednuament els sous dels funcionaris per una q\u00fcesti\u00f3 fiscal quan all\u00f2 que s\u2019hauria de fer \u00e9s motivar-los a fer millor la seva activitat i pensar si el conjunt de la despesa destinat a activitats p\u00fabliques est\u00e0 justificat. <\/p>\n<p><span style=\"color: #4C4C4E; font-weight: bold;\">Vost\u00e8 tamb\u00e9 \u00e9s expert en economia sanit\u00e0ria. Podria dir qu\u00e8 falla en el nostre sistema sanitari?<\/span><br \/>\nVolem el que fan els n\u00f2rdics i els anglesos, per\u00f2 no estem disposats a utilitzar els instruments que ells fan servir perqu\u00e8 pol\u00edticament aqu\u00ed semblen complicats de gestionar; hi ha por del qu\u00e8 diran els mitjans, les corporacions professionals o els sectors de la poblaci\u00f3 que es puguin mobilitzar per cadascuna de les decisions. <\/p>\n<p><span style=\"color: #4C4C4E; font-weight: bold;\">Tot i que no ens atrevim, qu\u00e8 haur\u00edem de copiar dels nostres ve\u00efns europeus?<\/span><br \/>\nCada sistema funciona dins la cultura i valors del pa\u00eds en q\u00fcesti\u00f3. Malgrat aix\u00f2, de cada model sanitari en podem treure certs aspectes positius: dels n\u00f2rdics, la prioritzaci\u00f3 de les prestacions; dels anglosaxons, la transpar\u00e8ncia en la presa de decisions; i dels holandesos, la doble via de finan\u00e7ament \u2013per una banda a trav\u00e9s dels impostos, i per l\u2019altra dels copagaments o asseguraments complementaris tutelats pel propi sector p\u00fablic\u2013. <\/p>\n<p><span style=\"color: #4C4C4E; font-weight: bold;\">Per \u00faltim, com a conseller del Banc d\u2019Espanya, creu que una Catalunya independent generaria tanta inseguretat i tensi\u00f3 per a la banca i els mercats com diuen?<\/span><br \/>\nEstem en un territori nou, desconegut, sense precedents. Cadasc\u00fa pensa de manera diferent com aquests escenaris incerts poden afectar l\u2019economia. Al meu entendre, per\u00f2, des del punt de vista dels organismes internacionals ara \u00e9s molt m\u00e9s important l\u2019escenari que resulti de les eleccions generals de desembre. M\u00e9s que la secessi\u00f3 catalana els mercats temen una coalici\u00f3 entre socialistes i Podemos. <\/p>\n<div style=\"background-color: #cc8215; text-align: center;\"><span style=\"color: #ffffff; font-weight: bold; font-size: 20px;\">El divulgador polivalent<\/span><\/div>\n<p>Guillem L\u00f3pez Casasnovas no es conforma amb una sola l\u00ednia d\u2019investigaci\u00f3: \u00e9s expert en el sector p\u00fablic i en l&#8217;\u00e0mbit sanitari en particular, en balances fiscals, en el finan\u00e7ament de les hisendes locals, en l&#8217;economia de la salut, en la depend\u00e8ncia, i en els equilibris intergeneracionals. Tot i que les seves arrels s\u00f3n a Ciutadella (Menorca), \u00e9s catedr\u00e0tic d\u2019Economia a la Universitat Pompeu Fabra des de fa 23 anys, c\u00e0rrec que combina amb el de conseller independent del Consell de Govern del Banc d\u2019Espanya. Gr\u00e0cies als seus coneixements sobre economia sanit\u00e0ria, tamb\u00e9 fou president de la International Health Economics Association entre 2007 i 2011, i va exercir d\u2019assessor expert per a l\u2019Organitzaci\u00f3 Mundial de la Salut el 2010.  <\/p>\n<p><img decoding=\"async\" loading=\"lazy\" src=\"http:\/\/monempresarial.com\/wp-content\/uploads\/2015\/12\/mon-empresarial-004-bienestar-desigual.png\" alt=\"mon-empresarial-004-bienestar-desigual\" width=\"224\" height=\"340\" class=\"alignleft size-full wp-image-8328\" srcset=\"https:\/\/www.monempresarial.com\/wp-content\/uploads\/2015\/12\/mon-empresarial-004-bienestar-desigual.png 224w, https:\/\/www.monempresarial.com\/wp-content\/uploads\/2015\/12\/mon-empresarial-004-bienestar-desigual-198x300.png 198w\" sizes=\"(max-width: 224px) 100vw, 224px\" \/><br \/>\n<span style=\"color: #000000; font-weight: bold; text-transform:uppercase;\"><i>El bienestar desigual. Qu\u00e9 queda de los derechos y beneficios sociales tras la crisis<\/i><\/span><br \/>\n<b>P\u00e0gines:<\/b> 345 p\u00e0gines<br \/>\n<b>ISBN:<\/b> 978-84-9942-436-1<br \/>\n<b>Editorial:<\/b> Ediciones Pen\u00ednsula <\/p>\n","protected":false},"excerpt":{"rendered":"<p>El darrer llibre de Guillem L\u00f3pez Casasnovas, catedr\u00e0tic d\u2019Economia i conseller del Banc d\u2019Espanya, esdev\u00e9 un full de ruta a tenir en compte a l\u2019hora de repensar la gesti\u00f3 d\u2019una de les grans v\u00edctimes de la crisi espanyola: l\u2019estat del benestar. <\/p>\n","protected":false},"author":1,"featured_media":8317,"comment_status":"open","ping_status":"open","sticky":false,"template":"","format":"standard","meta":{"_mi_skip_tracking":false,"mc4wp_mailchimp_campaign":[],"jnews-multi-image_gallery":[],"jnews_single_post":[],"jnews_primary_category":[]},"categories":[11,38,10817,10838],"tags":[134,366,1204,1680,1976,1977,1978,1979,1980,1981,1982,1983,1984,1985,113,1986,116],"_links":{"self":[{"href":"https:\/\/www.monempresarial.com\/ca\/wp-json\/wp\/v2\/posts\/8321"}],"collection":[{"href":"https:\/\/www.monempresarial.com\/ca\/wp-json\/wp\/v2\/posts"}],"about":[{"href":"https:\/\/www.monempresarial.com\/ca\/wp-json\/wp\/v2\/types\/post"}],"author":[{"embeddable":true,"href":"https:\/\/www.monempresarial.com\/ca\/wp-json\/wp\/v2\/users\/1"}],"replies":[{"embeddable":true,"href":"https:\/\/www.monempresarial.com\/ca\/wp-json\/wp\/v2\/comments?post=8321"}],"version-history":[{"count":1,"href":"https:\/\/www.monempresarial.com\/ca\/wp-json\/wp\/v2\/posts\/8321\/revisions"}],"predecessor-version":[{"id":47386,"href":"https:\/\/www.monempresarial.com\/ca\/wp-json\/wp\/v2\/posts\/8321\/revisions\/47386"}],"wp:featuredmedia":[{"embeddable":true,"href":"https:\/\/www.monempresarial.com\/ca\/wp-json\/wp\/v2\/media\/8317"}],"wp:attachment":[{"href":"https:\/\/www.monempresarial.com\/ca\/wp-json\/wp\/v2\/media?parent=8321"}],"wp:term":[{"taxonomy":"category","embeddable":true,"href":"https:\/\/www.monempresarial.com\/ca\/wp-json\/wp\/v2\/categories?post=8321"},{"taxonomy":"post_tag","embeddable":true,"href":"https:\/\/www.monempresarial.com\/ca\/wp-json\/wp\/v2\/tags?post=8321"}],"curies":[{"name":"wp","href":"https:\/\/api.w.org\/{rel}","templated":true}]}}