{"id":8339,"date":"2016-01-11T08:30:24","date_gmt":"2016-01-11T07:30:24","guid":{"rendered":"http:\/\/monempresarial.com\/?p=8339"},"modified":"2025-09-24T10:03:42","modified_gmt":"2025-09-24T08:03:42","slug":"biblioteca-empresarial-entrevista-luis-martin-cabiedes","status":"publish","type":"post","link":"https:\/\/www.monempresarial.com\/ca\/2016\/01\/11\/biblioteca-empresarial-entrevista-luis-martin-cabiedes\/","title":{"rendered":"Biblioteca Empresarial: Entrevista a Luis Mart\u00edn Cabiedes"},"content":{"rendered":"<figure id=\"attachment_8342\" aria-describedby=\"caption-attachment-8342\" style=\"width: 224px\" class=\"wp-caption alignright\"><img decoding=\"async\" loading=\"lazy\" src=\"http:\/\/monempresarial.com\/wp-content\/uploads\/2015\/12\/mon-empresarial-004-luis-martin-cabiedes.png\" alt=\"Luis Mart\u00edn Cabiedes.\" width=\"224\" height=\"288\" class=\"size-full wp-image-8342\" \/><figcaption id=\"caption-attachment-8342\" class=\"wp-caption-text\">Luis Mart\u00edn Cabiedes.<\/figcaption><\/figure>\n<h4 style=\"color: #4C4C4E;\"><span style=\"color: #4C4C4E; font-weight: bold; text-transform:uppercase;\">La incertesa \u00e9s la seva zona de confort<\/span> i les joves promeses del sector TIC el seu objectiu preferit. Per aix\u00f2 no sorpren que el mercat inversor li vingui com l\u2019anell al dit a Luis Mart\u00edn Cabiedes, <i>business angel<\/i> i un dels experts en negocis digitals m\u00e9s importants del pa\u00eds.<\/h4>\n<p>&nbsp;<br \/>\n&nbsp;<br \/>\n&nbsp;<br \/>\n&nbsp;<br \/>\n&nbsp;<br \/>\n&nbsp;<br \/>\n&nbsp;<\/p>\n<hr style=\"color: #b72126; size=\"20\"\" \/>\n<span style=\"color: #4C4C4E; font-weight: bold;\">Tinc ent\u00e8s que va estudiar filosofia&#8230;<\/span><br \/>\nVaig tenir la sort de triar la carrera que m\u2019enriquia m\u00e9s com a persona, \u00e9s a dir, no vaig anar a la universitat per trobar un ofici, sin\u00f3 a formar-me. Per aquest motiu vaig escollir filosofia. Aix\u00f2 s\u00ed, despr\u00e9s de la meva estada a l&#8217;IESE, en multinacionals i departaments de m\u00e0rqueting, em vaig incorporar a l&#8217;empresa familiar, que \u00e9s Europa Press. Nom\u00e9s vaig posar una condici\u00f3: volia nous reptes. El primer que em va tocar va ser Europa Press Televisi\u00f3 a finals dels 80, despr\u00e9s, l\u2019any 1992, Internet. I \u00e9s que vam ser dels primers en apostar per la informaci\u00f3 <i>on-line<\/i> com a prove\u00efdors de continguts a grans empreses com Microsoft. <\/p>\n<p><span style=\"color: #4C4C4E; font-weight: bold;\">I aquesta \u00e9s la g\u00e8nesi del seu salt a les inversions?<\/span><br \/>\nExacte! A finals de d\u00e8cada van comen\u00e7ar a arribar per l&#8217;ag\u00e8ncia joves amb bons projectes vinculats al sector TIC que necessitaven continguts. Llavors, vam comen\u00e7ar a col\u00b7laborar amb ells i, quan ens vam adonar, ja est\u00e0vem invertint diners en les seves companyies. En aquest moment ja vam veure el potencial que tenia desenvolupar una activitat sistem\u00e0tica d&#8217;inversions en <i>start-ups<\/i> d&#8217;Internet. <\/p>\n<blockquote>\n<h2 style=\"color: #999999;\"> \u201cL&#8217;emprenedoria \u00e9s un subproducte del creixement econ\u00f2mic sa i lliure de corrupci\u00f3\u201d<\/h2>\n<\/blockquote>\n<p><span style=\"color: #4C4C4E; font-weight: bold;\">Nom\u00e9s Internet? Per qu\u00e8 no invertir en altres \u00e0mbits?<\/span><br \/>\nTot bon inversor que es dediqui a les accions o a les <i>start-ups<\/i> s\u2019especialitza en aquell mercat que coneix millor. En el nostre cas, ens focalitzem en la inversi\u00f3 a Internet, on ens trobem m\u00e9s c\u00f2modes. D\u2019altra banda, tamb\u00e9 \u00e9s cert que actualment el capital risc es concentra en els sectors m\u00e9s tecnol\u00f2gics, perqu\u00e8 engloben la majoria de projectes que multipliquen per 10 els seus beneficis.  <\/p>\n<p><span style=\"color: #4C4C4E; font-weight: bold;\">Espanya \u00e9s un brou de cultiu de bons candidats?<\/span><br \/>\nNo costa tant trobar emprenedors del sector TIC al nostre pa\u00eds, per\u00f2 cal tenir una perspectiva global. Espanya \u00e9s el pa\u00eds que \u00e9s. Encara que Barcelona sigui un focus d&#8217;emprenedors molt potent, est\u00e0 clar que no som ni Silicon Valley, ni Berl\u00edn, ni Londres. Hi ha emprenedors espanyols potents i molt dignes, per\u00f2 passa com a altres \u00e0mbits, que marxen fora a la recerca d\u2019oportunitats: una cosa \u00e9s tenir grans jugadors com Pau Gasol i l&#8217;altra disposar d&#8217;una lliga com l\u2019NBA. <\/p>\n<p><span style=\"color: #4C4C4E; font-weight: bold;\">Com podem capgirar aquesta situaci\u00f3?<\/span><br \/>\nAquesta realitat no es pot canviar d&#8217;un dia per l&#8217;altre. Tampoc crec que la capgirin els pol\u00edtics; la meva confian\u00e7a en ells \u00e9s nul\u00b7la. L&#8217;emprenedoria \u00e9s un subproducte del creixement econ\u00f2mic sa i equilibrat i, sobretot, no corrupte. All\u00f2 que no podem fer \u00e9s incidir sobre els efectes sense atacar les causes.<\/p>\n<p><span style=\"color: #4C4C4E; font-weight: bold;\">Segons el seu parer, qu\u00e8 han de tenir un projecte perqu\u00e8 decideixi apostar per ell?<\/span><br \/>\nEl primer requisit \u00e9s que encaixi dins la meva estrat\u00e8gia. Despr\u00e9s realitzo una an\u00e0lisi prenent com a base el model de Rob Johnson, que \u00e9s el mateix que ensenyem a l&#8217;IESE. Parlo de sis criteris que tenen poc a veure amb els n\u00fameros \u2013no em refio de les previsions!\u2013 per\u00f2 que s\u00ed segueixen un esquema racional: mercat definit i existent; avantatge competitiu enfront de la compet\u00e8ncia; col\u00b7laboradors amb experi\u00e8ncia; <i>timing<\/i>; escalabilitat, i estrat\u00e8gia clara de sortida del projecte. <\/p>\n<p><span style=\"color: #4C4C4E; font-weight: bold;\">I un cop arriba a un acord, quina \u00e9s la seva implicaci\u00f3 a l&#8217;empresa? <\/span><br \/>\nB\u00e0sicament, el millor que es pot esperar d&#8217;un inversor \u00e9s que t&#8217;aporti poc m\u00e9s que diners. L&#8217;emprenedor \u00e9s qui ha de dur les regnes del projecte. A mi no m&#8217;agraden gens aquests inversors que es creuen m\u00e9s llestos que ning\u00fa i que volen neutralitzar l&#8217;emprenedor. Jo sempre busco empresaris que s\u00e0piguen portar el seu negoci molt millor del que podria fer-ho jo.<\/p>\n<p><span style=\"color: #4C4C4E; font-weight: bold;\">Cap altre consell per a valents com vost\u00e8?<\/span><br \/>\nEls inversors han de formar-se en el seu camp d&#8217;especialitzaci\u00f3, diversificar, mai enfonsar-se si una inversi\u00f3 no surt com s\u2019esperava \u2013s\u00f3n els handicaps de treballar en un entorn ple d&#8217;incertesa!\u2013 i conduir els seus negocis d&#8217;una manera racional i sistem\u00e0tica, sense deixar-se portar mai per modes o ximpleries.<\/p>\n<div style=\"background-color: #cc8215; text-align: center;\"><span style=\"color: #ffffff; font-weight: bold; font-size: 20px;\">L\u2019\u00e0ngel dels negocis<\/span><\/div>\n<p>Com el bon musulm\u00e0 que peregrina a la Meca, Luis Mart\u00edn Cabiedes no falla mai al seu viatge anual a Silicon Valley. All\u00e0, l\u2019any 1984, despr\u00e9s d\u2019assistir a una confer\u00e8ncia d\u2019Steve Jobs, va comprar un dels primers ordinadors personals que van arribar a Espanya. Convertit fa prop de dues d\u00e8cades en un dels inversors en projectes d\u2019Internet m\u00e9s reconeguts i respectats del pa\u00eds \u2013a trav\u00e9s del seu propi fons ha finan\u00e7at <i>start-ups<\/i> com Privalia o Blablacar\u2013, el seu dest\u00ed va estar sempre lligat a l\u2019empresa familiar: Europa Press. S\u2019hi va incorporar el 1989 amb la condici\u00f3 de fer nom\u00e9s coses noves, i ho va aconseguir. Des del 2008 tamb\u00e9 d\u00f3na classes a l\u2019IESE.<\/p>\n<p><img decoding=\"async\" loading=\"lazy\" src=\"http:\/\/monempresarial.com\/wp-content\/uploads\/2015\/12\/mon-empresarial-004-startup-financiacion.png\" alt=\"mon-empresarial-004-startup-financiacion\" width=\"224\" height=\"340\" class=\"alignleft size-full wp-image-8344\" srcset=\"https:\/\/www.monempresarial.com\/wp-content\/uploads\/2015\/12\/mon-empresarial-004-startup-financiacion.png 224w, https:\/\/www.monempresarial.com\/wp-content\/uploads\/2015\/12\/mon-empresarial-004-startup-financiacion-198x300.png 198w\" sizes=\"(max-width: 224px) 100vw, 224px\" \/><span style=\"color: #000000; font-weight: bold; text-transform:uppercase;\"><i>\u00bfTienes una startup? Todas las claves para conseguir financiaci\u00f3n<\/i><\/span><br \/>\n<b>P\u00e0gines:<\/b> 159 p\u00e0gines<br \/>\n<b>ISBN:<\/b> 978-84-9875-407-0<br \/>\n<b>Editorial:<\/b> Gesti\u00f3n 2000  <\/p>\n","protected":false},"excerpt":{"rendered":"<p>La incertesa \u00e9s la seva zona de confort i les joves promeses del sector TIC el seu objectiu preferit. Per aix\u00f2 no sorpren que el mercat inversor li vingui com l\u2019anell al dit a Luis Mart\u00edn Cabiedes, business angel i un dels experts en negocis digitals m\u00e9s importants del pa\u00eds.  <\/p>\n","protected":false},"author":1,"featured_media":8346,"comment_status":"open","ping_status":"open","sticky":false,"template":"","format":"standard","meta":{"_mi_skip_tracking":false,"mc4wp_mailchimp_campaign":[],"jnews-multi-image_gallery":[],"jnews_single_post":[],"jnews_primary_category":[]},"categories":[11,38,10817,10838],"tags":[1998,1999,2000,2001,2002,2003,2004,2005,2006,2007,252,958,1204,1366,1996,1997],"_links":{"self":[{"href":"https:\/\/www.monempresarial.com\/ca\/wp-json\/wp\/v2\/posts\/8339"}],"collection":[{"href":"https:\/\/www.monempresarial.com\/ca\/wp-json\/wp\/v2\/posts"}],"about":[{"href":"https:\/\/www.monempresarial.com\/ca\/wp-json\/wp\/v2\/types\/post"}],"author":[{"embeddable":true,"href":"https:\/\/www.monempresarial.com\/ca\/wp-json\/wp\/v2\/users\/1"}],"replies":[{"embeddable":true,"href":"https:\/\/www.monempresarial.com\/ca\/wp-json\/wp\/v2\/comments?post=8339"}],"version-history":[{"count":1,"href":"https:\/\/www.monempresarial.com\/ca\/wp-json\/wp\/v2\/posts\/8339\/revisions"}],"predecessor-version":[{"id":47385,"href":"https:\/\/www.monempresarial.com\/ca\/wp-json\/wp\/v2\/posts\/8339\/revisions\/47385"}],"wp:featuredmedia":[{"embeddable":true,"href":"https:\/\/www.monempresarial.com\/ca\/wp-json\/wp\/v2\/media\/8346"}],"wp:attachment":[{"href":"https:\/\/www.monempresarial.com\/ca\/wp-json\/wp\/v2\/media?parent=8339"}],"wp:term":[{"taxonomy":"category","embeddable":true,"href":"https:\/\/www.monempresarial.com\/ca\/wp-json\/wp\/v2\/categories?post=8339"},{"taxonomy":"post_tag","embeddable":true,"href":"https:\/\/www.monempresarial.com\/ca\/wp-json\/wp\/v2\/tags?post=8339"}],"curies":[{"name":"wp","href":"https:\/\/api.w.org\/{rel}","templated":true}]}}