{"id":8416,"date":"2016-01-18T08:30:40","date_gmt":"2016-01-18T07:30:40","guid":{"rendered":"http:\/\/monempresarial.com\/?p=8416"},"modified":"2025-09-24T10:02:55","modified_gmt":"2025-09-24T08:02:55","slug":"buenos-aires-terra-oportunitats","status":"publish","type":"post","link":"https:\/\/www.monempresarial.com\/ca\/2016\/01\/18\/buenos-aires-terra-oportunitats\/","title":{"rendered":"Buenos Aires. La terra de les oportunitats"},"content":{"rendered":"<p><img decoding=\"async\" loading=\"lazy\" src=\"http:\/\/monempresarial.com\/wp-content\/uploads\/2016\/01\/mon-empresarial-004-bandera-argentina.png\" alt=\"mon-empresarial-004-bandera-argentina\" width=\"215\" height=\"161\" class=\"alignright size-full wp-image-8421\" \/><\/p>\n<h5 style=\"color: #000000;\">Bressol de la psicoan\u00e0lisi i amb el cor dividit per la febre del futbol, la capital de l\u2019Argentina ha patit tota mena de sotracs econ\u00f2mics, pol\u00edtics i socials al llarg dels segles. La Buenos Aires d\u2019avui, per\u00f2, \u00e9s una ciutat plena de talent, atractiu i amb molta personalitat.<\/h5>\n<p>&nbsp;<br \/>\n&nbsp;<br \/>\nText: <a style=\"color: #846d8a;\" href=\"http:\/\/monempresarial.com\/author\/bseijo\/\">Berta Seijo<\/a><br \/>\n&nbsp;<br \/>\n&nbsp;<br \/>\n<img decoding=\"async\" loading=\"lazy\" src=\"http:\/\/monempresarial.com\/wp-content\/uploads\/2016\/01\/mon-empresarial-004-ciutat-xifres2.png\" alt=\"mon-empresarial-004-ciutat-xifres\" width=\"250\" height=\"911\" class=\"alignright size-full wp-image-8463\" srcset=\"https:\/\/www.monempresarial.com\/wp-content\/uploads\/2016\/01\/mon-empresarial-004-ciutat-xifres2.png 250w, https:\/\/www.monempresarial.com\/wp-content\/uploads\/2016\/01\/mon-empresarial-004-ciutat-xifres2-82x300.png 82w, https:\/\/www.monempresarial.com\/wp-content\/uploads\/2016\/01\/mon-empresarial-004-ciutat-xifres2-82x300@2x.png 164w\" sizes=\"(max-width: 250px) 100vw, 250px\" \/><span style=\"color: #8F7993; font-weight: bold; text-transform:uppercase;\">Encetem el recorregut tur\u00edstic per la Ciutat Aut\u00f2noma de Buenos Aires<\/span> a trav\u00e9s dels seus barris, que disposen d\u2019una oferta recreativa molt \u00e0mplia \u2013i incansable!\u2013 els 365 dies de l\u2019any: dels m\u00e9s tradicionals, com San Telmo o La Boca, fins arribar a la modernitat, encap\u00e7alada per Puerto Madero i Palermo. Precisament aquest \u00faltim districte \u00e9s el centre comercial i de negocis de Buenos Aires, on s\u2019ubiquen els bars, locals i restaurants d\u2019avantguarda, per\u00f2 tamb\u00e9 on han constitu\u00eft el seu punt de trobada centenars d\u2019emprenedors. Una situaci\u00f3 que ha canviat for\u00e7a en poc m\u00e9s d\u2019una d\u00e8cada, ja que el barri de Palermo era una zona gris i quasi suburbial a la ciutat. Ara, tot el contrari: amb aires bohemis, \u00e9s un Soho a l\u2019estil argent\u00ed, idoni per a tots aquells artistes (o aspirants a ser-ho algun dia) que volen ampliar la seva xarxa de contactes <i>creatius<\/i>.<br \/>\nUn districte que ja apuntava maneres segles enrere \u00e9s Puerto Madero, on es va dur a terme el programa de desenvolupament urb\u00e0 m\u00e9s important de l\u2019\u00e0rea central de la Ciutat de Buenos Aires. Tot va comen\u00e7ar quan, l\u2019any 1887, es va construir el port amb un objectiu molt concret: millorar el tr\u00e0nsit dels grans vaixells de c\u00e0rrega i de passatgers. Amb el pas del temps, per\u00f2, la zona es va anar ampliant fins a convertir els voltants del port en un espai de forta expansi\u00f3 comercial. Actualment els modestos gratacels i els edificis intel\u00b7ligents ja formen part del seu ecosistema.    <\/p>\n<p><span style=\"color: #8F7993; font-weight: bold; text-transform:uppercase;\">El rac\u00f3 dels col\u00b7leccionistes <\/span><br \/>\nSembla que aquests dos barris hagin estat fets expressament per als amants de la hist\u00f2ria, les antiguitats i les obres d\u2019art. San Telmo, fam\u00f3s pel seu mercat, i La Boca, amb els seus carrers estrets i empedrats, han esdevingut el bressol de la tradici\u00f3 a Buenos Aires. B\u00e9 perqu\u00e8 van veure n\u00e9ixer els millors ballarins de tango, b\u00e9 perqu\u00e8 alberguen alguns dels edificis i monuments amb m\u00e9s encant de tota la ciutat \u2013com per exemple la catedral ortodoxa russa de la Sant\u00edssima Trinitat o les t\u00edpiques cases de colors cridaners\u2013. La resta es troben ubicats al Microcentro, districte que no t\u00e9 el reconeixement oficial de barri per\u00f2 que compta amb molts atractius que el converteixen en una visita obligada: casc hist\u00f2ric de la ciutat; pla\u00e7a, avinguda i Pir\u00e0mide de Mayo; Casa Rosada (seu de la presid\u00e8ncia); catedral Metropolitana; est\u00e0tua eq\u00fcestre del general Belgrano, Teatre Col\u00f3n, etc. <\/p>\n<blockquote>\n<h2 style=\"color: #8F7993;\">Palermo \u00e9s el centre comercial i de negocis de Buenos Aires, on s\u2019ubiquen els bars, locals i restaurants d\u2019avantguarda, per\u00f2 tamb\u00e9 on han constitu\u00eft el seu punt de trobada centenars d\u2019emprenedors<\/h2>\n<\/blockquote>\n<p><img decoding=\"async\" loading=\"lazy\" src=\"http:\/\/monempresarial.com\/wp-content\/uploads\/2016\/01\/mon-empresarial-004-buenos-aires.png\" alt=\"mon-empresarial-004-buenos-aires\" width=\"450\" height=\"300\" class=\"aligncenter size-full wp-image-8423\" srcset=\"https:\/\/www.monempresarial.com\/wp-content\/uploads\/2016\/01\/mon-empresarial-004-buenos-aires.png 450w, https:\/\/www.monempresarial.com\/wp-content\/uploads\/2016\/01\/mon-empresarial-004-buenos-aires-300x200.png 300w, https:\/\/www.monempresarial.com\/wp-content\/uploads\/2016\/01\/mon-empresarial-004-buenos-aires-252x167.png 252w\" sizes=\"(max-width: 450px) 100vw, 450px\" \/><\/p>\n<div style=\"background-color: #8F7993; text-align: center;\"><span style=\"color: #ffffff; font-weight: bold; text-transform:uppercase;\">La contradicci\u00f3 argentina<\/span><\/div>\n<p><img decoding=\"async\" loading=\"lazy\" src=\"http:\/\/monempresarial.com\/wp-content\/uploads\/2016\/01\/mon-empresarial-004-ciutat-buenos-aires.png\" alt=\"mon-empresarial-004-ciutat-buenos-aires\" width=\"250\" height=\"167\" class=\"alignleft size-full wp-image-8434\" \/><span style=\"color: #000000; font-weight: bold; text-transform:uppercase;\">Constru\u00efda al voltant del Rio de la Plata,<\/span> Buenos Aires no segueix un patr\u00f3 fixe ni pel que fa al seu disseny urban\u00edstic. I \u00e9s que, a primer cop d\u2019ull, la ciutat llueix una planificaci\u00f3 que sembla fruit de c\u00e0lculs fets amb esquadra i cartab\u00f3, per\u00f2 una vegada dins els seus barris presenten els carrers m\u00e9s enrevessats que un es pugui imaginar. D\u2019altra banda, aquesta ciutat tamb\u00e9 combina mil varietats constructives i estils arquitect\u00f2nics diferents \u2013per exemple, els edificis afrancesats del centre hist\u00f2ric contrasten amb els gratacels de Puerto Madero i la modernitat de Palermo\u2013, sense oblidar-nos d\u2019una de les seves grans paradoxes: posseir una de les avingudes amb m\u00e9s carrils del m\u00f3n (9 de Julio) i gaudir alhora d\u2019un bon grapat de parcs i jardins perfectes per llegir un llibre i relaxar-se a l\u2019aire lliure. <\/p>\n<div style=\"background-color: #8F7993; text-align: center;\"><span style=\"color: #ffffff; font-weight: bold; text-transform:uppercase;\">Meravelles gastron\u00f2miques<\/span><\/div>\n<p><img decoding=\"async\" loading=\"lazy\" src=\"http:\/\/monempresarial.com\/wp-content\/uploads\/2016\/01\/mon-empresarial-004-gastronomia-argentina.png\" alt=\"mon-empresarial-004-gastronomia-argentina\" width=\"250\" height=\"180\" class=\"alignright size-full wp-image-8429\" \/>Fou una terra d\u2019intercanvis culturals durant el segle XX, sobretot per a espanyols i italians, fet que explica el seu extraordinari domini de l\u2019art del gelat, la pasta o les empanades. De la mateixa manera, no ens poden passar per alt productes propis com el mate, la carn amb la que fan el t\u00edpic rostit argent\u00ed o l\u2019alm\u00edvar de llet.<br \/>\n&nbsp;<\/p>\n<hr style=\"color: #b72126; size=\"20\"\" \/>\n&nbsp;<\/p>\n<div style=\"background-color: #846d8a; text-align: center;\"><span style=\"color: #ffffff; font-weight: bold; font-size: 20px;\">L\u2019aventura empresarial a la capital argentina<\/span><\/div>\n<h5 style=\"color: #000000;\">Quatre emprenedors que han fundat el seu negoci a Buenos Aires ens parlen de la seva traject\u00f2ria professional i les claus del seu \u00e8xit. <\/h5>\n<div style=\"background-color: #8F7993; text-align: center;\"><span style=\"color: #ffffff; font-weight: bold; text-transform:uppercase;\">El bressol dels valents<\/span><\/div>\n<p><img decoding=\"async\" loading=\"lazy\" src=\"http:\/\/monempresarial.com\/wp-content\/uploads\/2016\/01\/mon-empresarial-004-startup-buenos-aires.png\" alt=\"mon-empresarial-004-startup-buenos-aires\" width=\"250\" height=\"159\" class=\"alignleft size-full wp-image-8450\" \/><span style=\"color: #000000; font-weight: bold;\">Lisa Besserman \u00e9s la fundadora d\u2019Startup Buenos Aires, comunitat pionera a la ciutat que d\u00f3na suport i fomenta l\u2019esperit emprenedor d\u2019aquells que acaben d\u2019obrir la seva empresa.<\/span><\/p>\n<p><span style=\"color: #000000; font-weight: bold;\">Buenos Aires \u00e9s una bona ciutat per engegar un negoci?<\/span><br \/>\nLa ciutat \u00e9s un focus de talent molt potent pel que fa al sector tecnol\u00f2gic i el nivell d\u2019angl\u00e8s dels joves \u00e9s dels m\u00e9s alts de tota Llatinoam\u00e8rica. Aix\u00f2, sumat al fet que els treballadors d\u2019aquest \u00e0mbit cobren una tercera part del que cobren els europeus o nord-americans, i a qu\u00e8 el cost de la vida i les barreres culturals s\u00f3n prou baixos comparats amb altres metr\u00f2polis d\u2019arreu del m\u00f3n, fa que Buenos Aires sigui un dest\u00ed ideal per a l\u2019externalitzaci\u00f3 i l\u2019aterratge de noves empreses.<\/p>\n<p><span style=\"color: #000000; font-weight: bold;\">Llavors la tecnologia \u00e9s un sector amb futur a Buenos Aires&#8230; <\/span><br \/>\n\u00c9s el sector econ\u00f2mic m\u00e9s fort; des de ben joves, els alumnes d\u2019educaci\u00f3 secund\u00e0ria i universit\u00e0ria poden escollir entre una gran varietat de cursos vinculats a la tecnologia i la codificaci\u00f3 digital. A m\u00e9s, el govern de la ciutat potencia la inversi\u00f3 de capital llavor en acceleradors d\u2019<i>start-ups<\/i>. Aix\u00f2 possibilita que a dia d\u2019avui hi hagi un enorme nombre d&#8217;empreses de desenvolupament de <i>software<\/i> i creaci\u00f3 d\u2019<i>apps<\/i> reconegudes a nivell mundial. <\/p>\n<p><span style=\"color: #000000; font-weight: bold;\">\u00bfI quin \u00e9s rol d\u2019Startup Buenos Aires?<\/span><br \/>\nL\u2019activitat emprenedora aqu\u00ed ha estat sempre incre\u00efble. Malgrat aix\u00f2, abans de la creaci\u00f3 de la nostra comunitat, el paisatge estava extremadament fragmentat i no hi havia recursos disponibles per als empresaris locals ni una entitat que connect\u00e9s Buenos Aires amb la resta del m\u00f3n. Per aquest motiu va n\u00e9ixer el nostre projecte: treballem amb organitzacions internacionals per portar projectes globals a la ciutat, i enfortim el sistema emprenedor argent\u00ed i llatinoameric\u00e0. <\/p>\n<div style=\"background-color: #8F7993; text-align: center;\"><span style=\"color: #ffffff; font-weight: bold; text-transform:uppercase;\">La impressi\u00f3 3D feta a l\u2019Argentina<\/span><\/div>\n<p><img decoding=\"async\" loading=\"lazy\" src=\"http:\/\/monempresarial.com\/wp-content\/uploads\/2016\/01\/mon-empresarial-004-trideo-buenos-aires.png\" alt=\"mon-empresarial-004-trideo-buenos-aires\" width=\"250\" height=\"250\" class=\"alignleft size-full wp-image-8454\" srcset=\"https:\/\/www.monempresarial.com\/wp-content\/uploads\/2016\/01\/mon-empresarial-004-trideo-buenos-aires.png 250w, https:\/\/www.monempresarial.com\/wp-content\/uploads\/2016\/01\/mon-empresarial-004-trideo-buenos-aires-150x150.png 150w\" sizes=\"(max-width: 250px) 100vw, 250px\" \/><span style=\"color: #000000; font-weight: bold;\">Nicolas Berenfeld, cofundador de Trideo, coneix a la perfecci\u00f3 els avantatges (i inconvenients) de fundar una empresa a Buenos Aires. Enginyer nascut a Brussel\u00b7les, \u00e9s un expert en impressores 3D i tamb\u00e9 en adaptar-se a nous entorns.<\/span>  <\/p>\n<p><span style=\"color: #000000; font-weight: bold;\">Com definiria en poques paraules la seva aventura empresarial?<\/span><br \/>\nVam comen\u00e7ar el mar\u00e7 del 2014 amb l\u2019objectiu de simplificar l\u2019\u00fas de la tecnologia i treure al mercat una m\u00e0quina amb una alta qualitat d\u2019impressi\u00f3 3D. El pitjor de tot plegat fou emprendre lluny del nostre pa\u00eds d\u2019origen, i el millor veure l\u2019impacte social i econ\u00f2mic positiu que ha tingut la PrintBox a Buenos Aires, facilitant, per exemple, els processos de producci\u00f3 d\u2019una empresa. <\/p>\n<p><span style=\"color: #000000; font-weight: bold;\">Per qu\u00e8 Buenos Aires i no Brussel\u00b7les?<\/span><br \/>\nL\u2019ecosistema emprenedor d\u2019aquesta ciutat, en termes de dinamisme, li d\u00f3na moltes voltes al belga. A Buenos Aires s\u2019organitzen esdeveniments lligats a la formaci\u00f3 i al <i>networking<\/i> quasi cada dia, i la creativitat dels joves \u00e9s molt potent, sobretot al sector tecnol\u00f2gic (desenvolupament de <i>software<\/i>, <i>apps<\/i> i videojocs). Penso que les \u00e8poques de crisi que ha hagut de passar el pa\u00eds han fet que la poblaci\u00f3 sigui prou h\u00e0bil a l\u2019hora de reinventar-se i tirar endavant. <\/p>\n<p>Consulta la web: <a href=\"http:\/\/www.trideo3d.com\/\">Trideo<\/a><\/p>\n<p><img decoding=\"async\" loading=\"lazy\" src=\"http:\/\/monempresarial.com\/wp-content\/uploads\/2016\/01\/mon-empresarial-004-empresa-trideo1.png\" alt=\"mon-empresarial-004-empresa-trideo\" width=\"300\" height=\"188\" class=\"aligncenter size-full wp-image-8446\" \/><\/p>\n<div style=\"background-color: #8F7993; text-align: center;\"><span style=\"color: #ffffff; font-weight: bold; text-transform:uppercase;\">Els grangers m\u00e9s moderns<\/span><\/div>\n<p><span style=\"color: #000000; font-weight: bold;\">Eddie Rodr\u00edguez von der Becke \u00e9s el fundador i CEO de Tambero, el <i>software<\/i> per a ramaders i agricultors que volen gestionar el seu negoci de manera virtual m\u00e9s descarregat del m\u00f3n. La revista <i>Forbes<\/i> la va nomenar <i>Hottest Global Startup<\/i> l\u2019any 2013.<\/span><br \/>\n<img decoding=\"async\" loading=\"lazy\" src=\"http:\/\/monempresarial.com\/wp-content\/uploads\/2016\/01\/mon-empresarial-004-tambero-buenos-aires.png\" alt=\"mon-empresarial-004-tambero-buenos-aires\" width=\"250\" height=\"53\" class=\"aligncenter size-full wp-image-8452\" \/><br \/>\n<span style=\"color: #000000; font-weight: bold;\">Com va sorgir aquest projecte tan innovador?<\/span><br \/>\nEl 2011, despr\u00e9s de parlar amb la meva dona sobre la necessitat d\u2019una aplicaci\u00f3 per a ramaders i agricultors que marqu\u00e9s la difer\u00e8ncia. Crear una <i>app web<\/i> de consum massiu fou tot un repte perqu\u00e8 entraven en acci\u00f3 un munt d\u2019eines tecnol\u00f2giques que no dominava&#8230;<\/p>\n<p><span style=\"color: #000000; font-weight: bold;\">Va rebre algun ajut econ\u00f2mic del govern?<\/span><br \/>\nS\u00ed \u2013un import gaireb\u00e9 anecd\u00f2tic del Banc Interameric\u00e0 de Desenvolupament\u2013, a m\u00e9s, el govern de la Ciutat de Buenos Aires disposa de programes \u00e0gils enfocats a l\u2019emprenedor amb vies de finan\u00e7ament i promoci\u00f3. La majoria de traves tenen a veure amb els tr\u00e0mits legals requerits pel govern nacional a l\u2019hora de constituir una empresa i amb el cep canviari sobre les monedes estrangeres que hi ha a l\u2019Argentina.<\/p>\n<p><span style=\"color: #000000; font-weight: bold;\">Hi ha oportunitats reals per als emprenedors a Buenos Aires?<\/span><br \/>\nDefinitivament s\u00ed! Durant els darrers quatre anys s\u2019ha creat un ecosistema emprenedor molt potent a la ciutat. De fet, crec que hi ha m\u00e9s demanda local i internacional de ments creatives que oferta, doncs tenim l\u2019avantatge de compartir zona hor\u00e0ria amb els EUA, per\u00f2 amb sous m\u00e9s baixos. Microsoft, per exemple, ofereix suport de manera permanent als emprenedors tecnol\u00f2gics argentins. Tamb\u00e9 som molt actius pel que fa a activitats de <i>coaching, meet-ups<\/i>, tallers, confer\u00e8ncies, <i>networking<\/i>, etc. No parem mai!<\/p>\n<div style=\"background-color: #8F7993; text-align: center;\"><span style=\"color: #ffffff; font-weight: bold; text-transform:uppercase;\">Un nou espai de discussi\u00f3<\/span><\/div>\n<p><img decoding=\"async\" loading=\"lazy\" src=\"http:\/\/monempresarial.com\/wp-content\/uploads\/2016\/01\/mon-empresarial-004-mural-ly-empresa.png\" alt=\"mon-empresarial-004-mural-ly-empresa\" width=\"250\" height=\"243\" class=\"alignleft size-full wp-image-8448\" \/><span style=\"color: #000000; font-weight: bold;\">Patricio Jutard, COO i cofundador de Mural.ly, va vendre la seva companyia a Disney per engegar el seu propi projecte, una pissarra de col\u00b7laboraci\u00f3 <i>on-line<\/i> per a l\u2019intercanvi d\u2019idees, dissenys, planificacions i molt m\u00e9s.<\/span><\/p>\n<p><span style=\"color: #000000; font-weight: bold;\">El 2012, vost\u00e8 i el seu soci van vendre Three Melons a Disney.<\/span><br \/>\nExacte; ten\u00edem el nostre propi estudi de desenvolupament de videojocs per\u00f2 vam acceptar l\u2019oferta de Playdom\/Disney per destinar tots els nostres recursos a Mural.ly. El treball a dist\u00e0ncia i la col\u00b7laboraci\u00f3 entre equips s\u00f3n aspectes cada vegada m\u00e9s recurrents, per aix\u00f2 s\u00f3n necess\u00e0ries eines visuals que ens ajudin a comprendre, comunicar i construir una visi\u00f3 compartida. I aquest \u00e9s, precisament, el punt fort del nostre producte.<br \/>\n<span style=\"color: #000000; font-weight: bold;\">En qu\u00e8 consisteix Mural.ly?<\/span><\/p>\n<p>S\u00f3n parets digitals amb contingut <i>web<\/i> (v\u00eddeos, <i>links<\/i>, fotos, etc.) que es combinen per crear (a una o m\u00faltiples bandes), visualitzar, analitzar i mostrar idees. Aquests murals s\u2019emmagatzemen al n\u00favol des de diferents dispositius.  <\/p>\n<p><span style=\"color: #000000; font-weight: bold;\">Quin \u00e9s el perfil dels seus usuaris? <\/span><br \/>\n<img decoding=\"async\" loading=\"lazy\" src=\"http:\/\/monempresarial.com\/wp-content\/uploads\/2016\/01\/mon-empresarial-mural-ly-argentina.png\" alt=\"mon-empresarial-mural-ly-argentina\" width=\"300\" height=\"158\" class=\"alignright size-full wp-image-8456\" \/>No nom\u00e9s argentins; tenim clients importants a nivell mundial com ara IBM, Steelcase, Stanford GSB, HMH, PayPal o Disney. <\/p>\n<p><span style=\"color: #000000; font-weight: bold;\">Veig que tenen molts lligams amb l\u2019estranger&#8230;<\/span><br \/>\nS\u00ed, tant clients com col\u00b7laboradors. I \u00e9s que ens agrada importar coneixement d\u2019altres racons del m\u00f3n, com per exemple San Francisco, ciutat des d\u2019on treballa el meu soci. <\/p>\n","protected":false},"excerpt":{"rendered":"<p>Bressol de la psicoan\u00e0lisi i amb el cor dividit per la febre del futbol, la capital de l\u2019Argentina ha patit tota mena de sotracs econ\u00f2mics, pol\u00edtics i socials al llarg dels segles. La Buenos Aires d\u2019avui, per\u00f2, \u00e9s una ciutat plena de talent, atractiu i amb molta personalitat.<\/p>\n","protected":false},"author":1,"featured_media":8425,"comment_status":"open","ping_status":"open","sticky":false,"template":"","format":"standard","meta":{"_mi_skip_tracking":false,"mc4wp_mailchimp_campaign":[],"jnews-multi-image_gallery":[],"jnews_single_post":[],"jnews_primary_category":[]},"categories":[12,10816,10848,50],"tags":[2070,2071,2072,252,2073,1210,2074,1241,2075,2060,2076,2061,2077,2062,2078,2063,2079,2064,2080,2065,2081,2066,2082,2067,2083,2068,2095,2069],"_links":{"self":[{"href":"https:\/\/www.monempresarial.com\/ca\/wp-json\/wp\/v2\/posts\/8416"}],"collection":[{"href":"https:\/\/www.monempresarial.com\/ca\/wp-json\/wp\/v2\/posts"}],"about":[{"href":"https:\/\/www.monempresarial.com\/ca\/wp-json\/wp\/v2\/types\/post"}],"author":[{"embeddable":true,"href":"https:\/\/www.monempresarial.com\/ca\/wp-json\/wp\/v2\/users\/1"}],"replies":[{"embeddable":true,"href":"https:\/\/www.monempresarial.com\/ca\/wp-json\/wp\/v2\/comments?post=8416"}],"version-history":[{"count":1,"href":"https:\/\/www.monempresarial.com\/ca\/wp-json\/wp\/v2\/posts\/8416\/revisions"}],"predecessor-version":[{"id":47382,"href":"https:\/\/www.monempresarial.com\/ca\/wp-json\/wp\/v2\/posts\/8416\/revisions\/47382"}],"wp:featuredmedia":[{"embeddable":true,"href":"https:\/\/www.monempresarial.com\/ca\/wp-json\/wp\/v2\/media\/8425"}],"wp:attachment":[{"href":"https:\/\/www.monempresarial.com\/ca\/wp-json\/wp\/v2\/media?parent=8416"}],"wp:term":[{"taxonomy":"category","embeddable":true,"href":"https:\/\/www.monempresarial.com\/ca\/wp-json\/wp\/v2\/categories?post=8416"},{"taxonomy":"post_tag","embeddable":true,"href":"https:\/\/www.monempresarial.com\/ca\/wp-json\/wp\/v2\/tags?post=8416"}],"curies":[{"name":"wp","href":"https:\/\/api.w.org\/{rel}","templated":true}]}}