{"id":85,"date":"2013-12-13T12:31:42","date_gmt":"2013-12-13T11:31:42","guid":{"rendered":"http:\/\/moneconomic.com\/?p=85"},"modified":"2015-01-19T19:55:17","modified_gmt":"2015-01-19T18:55:17","slug":"lalt-potencial-competitiu-de-lempresa-catalana-en-el-mercat-internacional","status":"publish","type":"post","link":"https:\/\/www.monempresarial.com\/ca\/2013\/12\/13\/lalt-potencial-competitiu-de-lempresa-catalana-en-el-mercat-internacional\/","title":{"rendered":"L\u2019alt potencial competitiu de l\u2019empresa catalana en el mercat internacional"},"content":{"rendered":"<p style=\"text-align: right;\"><strong><strong>Esther Escol\u00e1n<\/strong><\/strong><\/p>\n<p style=\"text-align: right;\"><strong><img decoding=\"async\" class=\"aligncenter\" alt=\"__MG5071\" src=\"http:\/\/www.monempresarial.com\/wp-content\/uploads\/MG50711.jpg\" \/><\/strong><\/p>\n<p>\u201cLa internacionalitzaci\u00f3 no ha de ser un fet puntual motivat per la caiguda de la demanda interior, sin\u00f3 que ha de ser un tra\u00e7 permanent en l\u2019ADN de les nostres empreses.\u201d Aix\u00ed de taxatius es mostren des d\u2019Acci\u00f3, l\u2019ag\u00e8ncia per a la competitivitat de l\u2019empresa de la Generalitat de Catalunya, i sembla que, de moment, el teixit empresarial catal\u00e0 va per bon cam\u00ed. Durant l\u2019any 2012, un total de 45.900 empreses catalanes van dur a terme algun tipus d\u2019operaci\u00f3 internacional, la qual cosa representa un increment d\u2019un 15,4% respecte el 2011.\u00a0 I bona part d\u2019elles ho va fer de manera recorrent. En paraules de Joan Josep Berbel, director d\u2019Invest in Catalonia, a l\u2019hora de competir \u00f2ptimament en l\u2019\u00e0mbit global, les empreses catalanes compten principalment amb dos factors clau: \u201cEl primer, una estructura empresarial diversificada, simple, flexible i de qualitat, basada en petites i mitjanes empreses molt especialitzades en els seus sectors productius que, al seu torn, incentiven el segon element, que \u00e9s el factor competitivitat-pa\u00eds.\u201d Aquest segon factor reflecteix la capacitat que tenen aquestes empreses per adaptar-se i treballar en un entorn divers i competitiu, ja sigui a Catalunya o a l\u2019exterior, fent augmentar, aix\u00ed, el seu posicionament.<\/p>\n<blockquote>\n<h1>Les exportacions catalanes van assolir el 2012 el seu r\u00e8cord absolut: 58.200 milions d\u2019euros de xifra de negoci, un 5% m\u00e9s que al 2011<\/h1>\n<\/blockquote>\n<p>Aquest fet tamb\u00e9 el secunda Joaqu\u00edm Ferrer, cap d\u2019Internacional de Pimec: \u201cCatalunya \u00e9s un pa\u00eds amb un teixit empresarial ric i divers en tots els sectors, disposem d\u2019uns productes capa\u00e7os de competir en l\u2019\u00e0mbit internacional i el repte que tenim per davant \u00e9s desenvolupar i fer m\u00e9s \u00e8mfasi en la internacionalitzaci\u00f3 d\u2019aquestes empreses.\u201d No en va, el 60% de les exportacions catalanes tenen com a mercat la Uni\u00f3 Europea, a m\u00e9s de mercats emergents com l\u2019Am\u00e8rica Llatina, el Nord d\u2019\u00c0frica o l\u2019Orient Mitj\u00e0. <strong>Al capdavant d\u2019Espanya i d\u2019Europa<\/strong> El <i>Balan\u00e7 de la Internacionalitzaci\u00f3 de l\u2019economia catalana 2012<\/i>, publicat l\u2019abril del 2013 per la Generalitat de Catalunya, posa de manifest un cop m\u00e9s que Catalunya \u00e9s, amb difer\u00e8ncia, la comunitat aut\u00f2noma m\u00e9s exportadora d\u2019Espanya. Els 58.283 milions d\u2019euros que les empreses catalanes van facturar a l\u2019estranger durant el 2012 representen el 26,2% del conjunt de l\u2019activitat exportadora de l\u2019Estat, i m\u00e9s del doble del que registren Madrid i Andalusia, que amb un 12% i un 11,3% d\u2019activitat exportadora ocupen el segon i tercer lloc del r\u00e0nquing, respectivament. El Pa\u00eds Valenci\u00e0, amb un 9,4%, i el Pa\u00eds Basc, amb un 9,1%, ocupen el quart i cinqu\u00e8 lloc. Entre els sectors que encap\u00e7alen l\u2019activitat exportadora catalana, destaquen la ind\u00fastria qu\u00edmica, l\u2019automobil\u00edstica i l\u2019aliment\u00e0ria, que aglutinen un 54% del total del volum d\u2019exportacions. D\u2019altra banda, els sectors m\u00e9s din\u00e0mics van ser l\u2019alimentaci\u00f3, amb un creixement del 15,6% durant l\u2019any 2012, la maquin\u00e0ria (9,1%) i l\u2019automoci\u00f3 (8,3%). Per\u00f2 Catalunya no nom\u00e9s lidera el r\u00e0nquing nacional pel que fa a activitat exportadora, sin\u00f3 que ha crescut per sobre de pa\u00efsos exportadors de refer\u00e8ncia com s\u00f3n Alemanya, Fran\u00e7a, Holanda o Finl\u00e0ndia. Com s\u2019ha assolit aquesta fita? Gr\u00e0cies als trets propis de l\u2019empresa catalana i al factor competitivitat-pa\u00eds, que, com apunt\u00e0vem abans, \u201ca curt termini \u2013apunta Berbel- pot no donar fruits, per\u00f2 que al llarg dels anys ha perm\u00e8s a Catalunya convertir-se en una gran base exportadora, amb una economia molt oberta i una estructura empresarial molt s\u00f2lida\u201d, que es tradueix en una xifra poc coneguda com \u00e9s el volum d\u2019euros d\u2019exportaci\u00f3 per c\u00e0pita, que ara mateix se situa en 14.000 euros\/c\u00e0pita. \u201cOcupem el vuit\u00e8 lloc de la UE, just per davant d\u2019Alemania, que \u00e9s la gran pot\u00e8ncia exportadora\u201d, recorda Berbel.<\/p>\n<blockquote>\n<h1>Durant l\u2019any 2012, 45.900 empreses catalanes van dur a terme algun tipus d\u2019operaci\u00f3 internacional<\/h1>\n<\/blockquote>\n<p><strong>Exportadores regulars<\/strong> En els darrers quatre anys, l\u2019aportaci\u00f3 del sector exterior a l\u2019economia catalana ha contrarestat en part l\u2019impacte negatiu de la forta davallada de la demanda interna sobre el PIB. De fet, aquesta pres\u00e8ncia i activitat exportadores representa un 28,1% del PIB del 2012 (un 8% m\u00e9s respecte al PIB del 2009), i es situa for\u00e7a per sobre del 21,2% del PIB que representa l\u2019activitat exportadora del conjunt d\u2019Espanya. Per\u00f2 des d\u2019aleshores a Catalunya no nom\u00e9s ha crescut el nivell d\u2019exportaci\u00f3, sin\u00f3 tamb\u00e9 el nombre d\u2019empreses catalanes que operen globalment i que el 2012 han arribat a ser 45.937, un 6,4% m\u00e9s que l\u2019any 2011. Entre totes elles, destaquen aquelles que exporten de manera habitual i que durant el 2012 van ser un total de 13.801, un 4,7% m\u00e9s que el 2011. En aquest recompte, encara queden un parell de dades significatives que cal considerar: d\u2019una banda, que el 57,1% del creixement d\u2019empreses exportadores regulars de tota Espanya es correspon a empreses catalanes, i de l\u2019altra, que un 36% del total d\u2019exportacions regulars en l\u2019\u00e0mbit espanyol les duen a terme empreses catalanes.<\/p>\n<blockquote>\n<h1>Destaquen la ind\u00fastria qu\u00edmica, l\u2019automobil\u00edstica i l\u2019aliment\u00e0ria, amb un 54% del volum d\u2019exportacions<\/h1>\n<\/blockquote>\n<p>Per a totes elles, el ventall d\u2019atractius que representa operar en l\u2019\u00e0mbit internacional va molt m\u00e9s enll\u00e0 de compensar el poc moviment existent en el mercat intern. Com sintetitza el director d\u2019Invest in Catalonia, els aporta \u201cuna possibilitat real de creixement, de riquesa i d\u2019impacte\u201d. El seu volum d\u2019exportacions i de facturaci\u00f3 creix i aix\u00f2 permet crear nous llocs de treball a Catalunya. \u201cCon\u00e8ixer altres est\u00e0ndars de producte o servei, que fan que l\u2019empresa catalana acabi d\u2019ajustar all\u00f2 que ven, tamb\u00e9 serveix per a obtenir un major grau d\u2019especialitzaci\u00f3 i, per tant, de competitivitat\u201d, afegeix Berbel, que tampoc s\u2019oblida d\u2019un tercer element clau com \u00e9s la cultura empresarial internacional que assoleixen les empreses que juguen en aquesta lliga, i que \u00e9s \u201cb\u00e0sica en un context d\u2019economia global com l\u2019actual per poder competir en igualtat o, fins i tot, en millors condicions\u201d. <img decoding=\"async\" loading=\"lazy\" class=\"size-full wp-image-91 alignleft\" alt=\"shutterstock_137564366\" src=\"http:\/\/www.monempresarial.com\/wp-content\/uploads\/shutterstock_137564366.jpg\" width=\"400\" height=\"271\" srcset=\"https:\/\/www.monempresarial.com\/wp-content\/uploads\/shutterstock_137564366.jpg 400w, https:\/\/www.monempresarial.com\/wp-content\/uploads\/shutterstock_137564366-300x203.jpg 300w\" sizes=\"(max-width: 400px) 100vw, 400px\" \/> <strong>Pa\u00efsos de destinaci\u00f3<\/strong> Actualment, un 62% de les exportacions catalanes encara es concentren en els mercats de proximitat (UE). Pa\u00efsos com Fran\u00e7a (17,2%), Alemanya (11,5%), It\u00e0lia (8,1%), Portugal (5,7%) i el Regne Unit (5%) continuen com a principals destinacions de les exportacions catalanes, \u00e9s cert, per\u00f2 cada cop m\u00e9s les empreses catalanes decideixen internacionalitzar-se cap a mercats extracomunitaris. De fet, mentre les exportacions fora de la UE es situaven en un 25,9% el 2005, el 2012 representen un 38% del total d\u2019exportacions. En aquest sentit, mercats extracomunitaris com Austr\u00e0lia, Vene\u00e7uela, Alg\u00e8ria, la Xina, el Jap\u00f3, el Brasil i l\u2019Ar\u00e0bia Saudita se situen en el top 10 dels pa\u00efsos on m\u00e9s han crescut les exportacions catalanes el 2012. Pel que fa als pa\u00efsos emergents \u2013l\u2019\u00c0frica del Nord i subsahariana, l\u2019Am\u00e8rica Llatina, l\u2019\u00c0sia Emergent, l\u2019Orient Mitj\u00e0 i R\u00fassia- aquesta xifra ha passat del 12,7% al 22,1% en els mateixos set anys. Aquests pa\u00efsos emergents representen una oportunitat real de negoci pel sol fet que preveuen creixements del 5,5% en els propers anys mentre que Europa t\u00e9 previsions de creixement pr\u00e0cticament nul\u00b7les. Per tant, no \u00e9s d\u2019estranyar que les exportacions catalanes hagin crescut per sobre d\u2019un 20% en pa\u00efsos con el Brasil, R\u00fassia o la Xina. <strong>Factors a tenir en compte<\/strong> Un cop analitzades les xifres que ens parlen de l\u2019activitat exportadora de les empreses catalanes, cal parar atenci\u00f3 als factors que afavoreixen que una empresa es llenci a competir en el mercat internacional. Influeixen d\u2019alguna manera apectes com el sector, el tamany o el capital hum\u00e0 i tecnol\u00f2gic, entre altres, en l\u2019\u00edndex d\u2019internacionalitzaci\u00f3 d\u2019una empresa? \u201cMolts cops pensem que el tamany \u00e9s quelcom que determina la capacitat d\u2019internacionalitzar-se d\u2019una empresa, per\u00f2 cal tenir en compte que el tamany no \u00e9s cap fre\u201d, respon Joan Josep Berbel. \u201cI no ho \u00e9s \u2013prossegueix- perqu\u00e8 hi ha sectors molt globalitzats, com les TIC, que es basen en empreses molt petites per\u00f2 amb una gran especialitzaci\u00f3 o amb un producte o servei d\u2019un gran valor diferencial.\u201d Uns altres elements que afavoreixen una actuaci\u00f3 en l\u2019\u00e0mbit global \u00e9s que l\u2019empresa en q\u00fcesti\u00f3 compti amb un capital hum\u00e0 molt especialitzat i amb experi\u00e8ncia suficient en abordar els mercats exteriors. \u201cEl factor tecnol\u00f2gic ser\u00e0, al nostre parer, el gran repte de l\u2019empresa catalana exportadora dels propers anys i, en aquest sentit, des d\u2019Acci\u00f3 hem de dotar de formaci\u00f3 al respecte, ja que hi ha empreses catalanes que desenvolupen aplicacions tecnol\u00f2giques de primer nivell que poden afavorir el comer\u00e7 internacional de les nostres empreses\u201d, subratlla el director d\u2019Invest on Catalonia respecte del potencial futur de les empreses catalanes.<\/p>\n<blockquote>\n<h1>Austr\u00e0lia, Vene\u00e7uela, Alg\u00e8ria, la Xina, el Jap\u00f3, el Brasil i l\u2019Ar\u00e0bia Saudita: els pa\u00efsos on m\u00e9s han crescut les exportacions catalanes<\/h1>\n<\/blockquote>\n<p>A l\u2019hora d\u2019opinar pel que fa a quins s\u00f3n els sectors que mostren un major \u00e8xit, o almenys predisposici\u00f3, en la seva aventura exportadora, Berbel remarca que \u201cno s\u00f3n els sectors sin\u00f3 les pr\u00f2pies empreses les que determinen si volen aventurar-se o no a operar en l\u2019\u00e0mbit internacional, tot i que no deixa d\u2019haver-hi una certa tend\u00e8ncia.\u201d Es refereix clarament als sectors que han intensificat la seva pres\u00e8ncia en el mercat internacional i que coincideixen amb els que presenten una estructura s\u00f2lida i una llarga traject\u00f2ria hist\u00f2rica, com s\u00f3n la qu\u00edmica, l\u2019automoci\u00f3, l\u2019alimentaci\u00f3 i begudes, la moda&#8230; que tenen, a m\u00e9s, un \u00e8xit rellevant pel que fa a exportacions i pres\u00e8ncia productiva fora del nostre pa\u00eds. D\u2019altra banda, Berbel tamb\u00e9 apunta que no podem negar que \u201chi ha sectors que podrien intensificar la seva pres\u00e8ncia en el mercat internacional i, en aquest sentit, durant els darrers anys s\u2019han creat diversos <i>cl\u00fasters<\/i> que aglutinen empreses diverses i molt proactives que busquen fer augmentar la seva competitivitat i pres\u00e8ncia en l\u2019\u00e0mbit internacional\u201d. Alguns exemples s\u00f3n el <i>cl\u00faster<\/i> catal\u00e0 de l\u2019esport o de l\u2019audiovisual. <strong>Tend\u00e8ncia de futur<\/strong> Si hi ha quelcom en el que coincideixen tots els professionals consultats \u00e9s en ressaltar la import\u00e0ncia i necessitat de continuar el cam\u00ed encetat durant els darrers anys en mat\u00e8ria d\u2019internacionalitzaci\u00f3. Tal com apunten els experts, si les empreses catalanes han aconseguit fer-se un lloc en el mercat internacional malgrat \u2013o potser caldria dir gr\u00e0cies a- la crisi que ens ocupa des de fa ja m\u00e9s d\u2019un lustre, ara que tots els indicis apunten que aviat comen\u00e7arem a notar certs signes de recuperaci\u00f3, aquestes empreses no poden abaixar la gu\u00e0rdia i abandonar aquesta l\u00ednia de creixement. Ans al contrari, cal que l\u2019intensifiquin com mai fins arribar a competir al nivell de les principals pot\u00e8ncies internacionals. Joaquim Ferrer, cap d\u2019internacional de Pimec ho sintetitza aix\u00ed: \u201cDes de fa uns anys, les exportacions de les empreses catalanes han augmentat, la qual cosa esdev\u00e9 una molt bona not\u00edcia, ja que davant de la davallada del consum intern, les exportacions s\u2019han convertit en motor i alternativa per activar l\u2019activitat econ\u00f2mica. I aquesta \u00e9s la tend\u00e8ncia que marcar\u00e0 el nostre futur: el principal mercat de les nostres empreses ja no \u00e9s l\u2019estat espanyol, sin\u00f3 el mercat internacional\u201d. <a href=\"http:\/\/www.monempresarial.com\/wp-content\/uploads\/shutterstock_42094453.jpg\"><img decoding=\"async\" loading=\"lazy\" class=\"size-full wp-image-92 alignleft\" alt=\"shutterstock_42094453\" src=\"http:\/\/www.monempresarial.com\/wp-content\/uploads\/shutterstock_42094453.jpg\" width=\"229\" height=\"340\" \/><\/a>Per la seva banda, Berbel afirma que intensificar l\u2019activitat exterior de les empreses catalanes \u201cformar\u00e0 part dels objectius cabdals\u201d de les pol\u00edtiques de la Generalitat de Catalunya. \u201cEs tracta d\u2019una carrera de fons i, si hem aconseguit arribar on estem ara malgrat el context que ens envolta, no hem d\u2019estalviar esfor\u00e7os en aquest sentit. I no hem d\u2019abandonar perqu\u00e8 tota activitat internacional de l\u2019empresa catalana es tradueix en riquesa per al pa\u00eds\u201d, afegeix. Aquest argumentari, en paraules de Berbel, \u201cens ha d\u2019animar a continuar lluitant per tal d\u2019incrementar el posicionament i rellev\u00e0ncia de l\u2019empresa i l\u2019economia catalana en l\u2019\u00e0mbit global en el futur\u201d. Les perspectives de futur elaborades pel <i>Balan\u00e7 de la Internacionalitzaci\u00f3 de l\u2019economia catalana 2012 <\/i>fan especial \u00e8mfasi en R\u00fassia i l\u2019Am\u00e8rica Llatina com els pa\u00efsos que reuneixen unes millors condicions perqu\u00e8 l\u2019empresa catalana es llenci a exportar. Tanmateix, el Sud-est asi\u00e0tic i l\u2019\u00c0frica, que preveuen uns creixements sostinguts superiors al 5% anual, esdevenen destinacions cada cop m\u00e9s interessants i segures per a les exportacions. Cal subratllar, en aquest sentit, que fins a un 84,1% de les empreses entrevistades en aquest estudi preveuen que la seva cartera de comandes augmentar\u00e0 o romandr\u00e0 estable i, a l\u2019hora de valorar les oportunitats futures de negoci, pronostiquen que sectors com el mediambiental i l\u2019energ\u00e8tic, l\u2019aigua, l\u2019alimentaci\u00f3 i begudes, el qu\u00edmic i farmac\u00e8utic, el biotecnol\u00f2gic, la sostenibilitat urbana, la mobilitat i els usos eficients dels recursos representen oportunitats reals de negoci a curt termini. Caldr\u00e0, doncs, que les analitzin i aprofitin com cal per continuar posicionant Catalunya com un teixit productiu i empresarial que pot competir a primer nivell com qualsevol altra pot\u00e8ncia mundial.<\/p>\n","protected":false},"excerpt":{"rendered":"<p>\u00c9s innegable que, durant els darrers anys, l\u2019empresa catalana ha aconseguit obrir-se cam\u00ed en el mercat internacional i es troba cada cop m\u00e9s present en pa\u00efsos d\u2019arreu del m\u00f3n. L\u2019espurna va ser el comen\u00e7ament de l\u2019actual crisi econ\u00f2mica i la conseq\u00fcent caiguda de la demanda interna, s\u00ed, per\u00f2 ara que ja s\u2019ha posat la primera pedra, cal continuar consolidant la seva pres\u00e8ncia internacional i no deixar que el comer\u00e7 exterior hagi estat fruit d\u2019un dia. D\u2019elements a favor, segons apunten xifres i experts, el teixit productiu catal\u00e0 en t\u00e9 uns quants.<\/p>\n","protected":false},"author":1,"featured_media":91,"comment_status":"closed","ping_status":"open","sticky":false,"template":"","format":"standard","meta":{"_mi_skip_tracking":false,"mc4wp_mailchimp_campaign":[],"jnews-multi-image_gallery":[],"jnews_single_post":[],"jnews_primary_category":[]},"categories":[9,13],"tags":[],"_links":{"self":[{"href":"https:\/\/www.monempresarial.com\/ca\/wp-json\/wp\/v2\/posts\/85"}],"collection":[{"href":"https:\/\/www.monempresarial.com\/ca\/wp-json\/wp\/v2\/posts"}],"about":[{"href":"https:\/\/www.monempresarial.com\/ca\/wp-json\/wp\/v2\/types\/post"}],"author":[{"embeddable":true,"href":"https:\/\/www.monempresarial.com\/ca\/wp-json\/wp\/v2\/users\/1"}],"replies":[{"embeddable":true,"href":"https:\/\/www.monempresarial.com\/ca\/wp-json\/wp\/v2\/comments?post=85"}],"version-history":[{"count":0,"href":"https:\/\/www.monempresarial.com\/ca\/wp-json\/wp\/v2\/posts\/85\/revisions"}],"wp:featuredmedia":[{"embeddable":true,"href":"https:\/\/www.monempresarial.com\/ca\/wp-json\/wp\/v2\/media\/91"}],"wp:attachment":[{"href":"https:\/\/www.monempresarial.com\/ca\/wp-json\/wp\/v2\/media?parent=85"}],"wp:term":[{"taxonomy":"category","embeddable":true,"href":"https:\/\/www.monempresarial.com\/ca\/wp-json\/wp\/v2\/categories?post=85"},{"taxonomy":"post_tag","embeddable":true,"href":"https:\/\/www.monempresarial.com\/ca\/wp-json\/wp\/v2\/tags?post=85"}],"curies":[{"name":"wp","href":"https:\/\/api.w.org\/{rel}","templated":true}]}}