{"id":8583,"date":"2016-01-21T08:30:30","date_gmt":"2016-01-21T07:30:30","guid":{"rendered":"http:\/\/monempresarial.com\/?p=8583"},"modified":"2025-09-24T10:02:09","modified_gmt":"2025-09-24T08:02:09","slug":"entrevista-josef-ajram-day-trader","status":"publish","type":"post","link":"https:\/\/www.monempresarial.com\/ca\/2016\/01\/21\/entrevista-josef-ajram-day-trader\/","title":{"rendered":"Entrevista a Josef Ajram, day trader"},"content":{"rendered":"<h5 style=\"color: #000000;\">Ja sigui pel seu nom, pels seus tatuatges o per la claredat amb qu\u00e8 explica els conceptes econ\u00f2mics i financers m\u00e9s enrevessats, \u00e9s complicat oblidar Josef Ajram. I \u00e9s que aquest polifac\u00e8tic <i>day trader<\/i> borsari no para quiet, fet que l\u2019ha convertit en un fenomen social en tota regla. Desconeix on s\u00f3n els l\u00edmits i ho aprofita per desafiar-se a si mateix dia rere dia en el terreny professional, per\u00f2 tamb\u00e9 en l\u2019esportiu, una de les seves grans passions.<\/h5>\n<p>&nbsp;<br \/>\nText: <a style=\"color: #AEB100;\" href=\"http:\/\/monempresarial.com\/author\/bseijo\/\">Berta Seijo<\/a>&nbsp;Fotos: <span style=\"color: #AEB100; \">Cedides<\/span><br \/>\n&nbsp;<br \/>\n&nbsp;<\/p>\n<hr style=\"color: #b72126; size=\"20\"\" \/>\n<img decoding=\"async\" loading=\"lazy\" src=\"http:\/\/monempresarial.com\/wp-content\/uploads\/2016\/01\/mon-empresarial-004-josef-ajram.png\" alt=\"mon-empresarial-004-josef-ajram\" width=\"300\" height=\"450\" class=\"alignleft size-full wp-image-8594\" srcset=\"https:\/\/www.monempresarial.com\/wp-content\/uploads\/2016\/01\/mon-empresarial-004-josef-ajram.png 300w, https:\/\/www.monempresarial.com\/wp-content\/uploads\/2016\/01\/mon-empresarial-004-josef-ajram-200x300.png 200w\" sizes=\"(max-width: 300px) 100vw, 300px\" \/><span style=\"color: #000000; font-weight: bold; text-transform:uppercase;\">Quan va decidir donar el pas i dedicar-se a la borsa?<\/span><br \/>\nJa m\u2019atreia abans de comen\u00e7ar la universitat, per\u00f2 vaig decidir abandonar la carrera a inicis de tercer d\u2019Administraci\u00f3 i Direcci\u00f3 d\u2019Empreses per centrar els meus recursos a la borsa i dedicar-m\u2019hi professionalment. \u00c9s un m\u00f3n que em cridava l\u2019atenci\u00f3 des del 1996, any a partir del qual jo ja tenia l\u2019edat suficient per obrir un compte all\u00e0 i comen\u00e7ar a fer operacions. <\/p>\n<p><span style=\"color: #000000; font-weight: bold; text-transform:uppercase;\">Com recorda els seus primers dies a la Borsa de Barcelona?<\/span><br \/>\nEls primers dies hi passava totes les hores possibles. Tenia molt clar que el que havia de fer era aprendre, i que si hi havia d\u2019estar de nou del mat\u00ed a cinc de la tarda doncs hi estava, molt a gust i molt il\u00b7lusionat. <\/p>\n<p><span style=\"color: #000000; font-weight: bold; text-transform:uppercase;\">Fins que va arribar el 23 d\u2019abril del 2007, una data que, si no m\u2019equivoco, t\u00e9 molt marcada. Qu\u00e8 va passar? I, a partir d\u2019aqu\u00ed, qu\u00e8 va canviar?<\/span><br \/>\n\u00c9s una data que tinc marcada perqu\u00e8 tant aquell dia com el dia seg\u00fcent em van passar coses, professionalment parlant, que mai havia contemplat. Per a qu\u00e8 et facis una idea, vaig patir una gran p\u00e8rdua bors\u00e0ria de 110.000 euros -de la meva butxaca i no de tercers- i a l\u2019endem\u00e0 ho vaig recuperar pr\u00e0cticament tot. All\u00f2 em va servir per posar els peus a terra, veure realment els perills que t\u00e9 aquest negoci i tenir clar que l\u2019\u00e8xit no existeix; per molt b\u00e9 que facis les coses mai t\u2019has de relaxar del tot, sempre has de mantenir un cert nivell de tensi\u00f3. Des d\u2019aleshores, tinc molta m\u00e9s cura i presto molta m\u00e9s atenci\u00f3.<\/p>\n<blockquote>\n<h2 style=\"color: #AEB100;\">\u201cQuan la cr\u00edtica destructiva et fa dubtar del teu talent has de deixar les xarxes socials\u201d<\/h2>\n<\/blockquote>\n<p><span style=\"color: #000000; font-weight: bold; text-transform:uppercase;\">I despr\u00e9s hi ha l\u2019esport. Qu\u00e8 tenen en com\u00fa les proves d\u2019ultrafons i les triatlons amb la borsa?<\/span><br \/>\nM\u00e9s que en com\u00fa, s\u00f3n dues \u00e0rees que es complementen. L\u2019esport t\u2019ajuda a entendre que has de ser constant i que si treballes pots rendir m\u00e9s, i tot aix\u00f2 \u00e9s \u00fatil a la borsa. Per exemple, tot l\u2019aprenentatge de vuit anys com a professional va ser clau per superar la p\u00e8rdua dels 110.000 euros. <\/p>\n<p><span style=\"color: #000000; font-weight: bold; text-transform:uppercase;\">A qu\u00e8 dedica el temps que no est\u00e0 entrenant, competint o invertint en borsa?<\/span><br \/>\nDoncs tamb\u00e9 m\u2019agrada no fer res, estar tranquil, relaxat, passar temps amb la meva dona, la meva fam\u00edlia&#8230; En definitiva, coses s\u00faper normals i corrents que a vegades, quan vas saturat de feina, es troben molt a faltar.<\/p>\n<p><img decoding=\"async\" loading=\"lazy\" src=\"http:\/\/monempresarial.com\/wp-content\/uploads\/2016\/01\/mon-empresarial-004-coach-ajram.png\" alt=\"mon-empresarial-004-coach-ajram\" width=\"300\" height=\"391\" class=\"alignright size-full wp-image-8590\" srcset=\"https:\/\/www.monempresarial.com\/wp-content\/uploads\/2016\/01\/mon-empresarial-004-coach-ajram.png 300w, https:\/\/www.monempresarial.com\/wp-content\/uploads\/2016\/01\/mon-empresarial-004-coach-ajram-230x300.png 230w\" sizes=\"(max-width: 300px) 100vw, 300px\" \/><span style=\"color: #000000; font-weight: bold; text-transform:uppercase;\">Un dels seus punts forts \u00e9s la interacci\u00f3 que mant\u00e9 amb els seus seguidors a les xarxes socials. Qu\u00e8 el mou a escriure al seu blog i a ser tan actiu a Twitter?<\/span><br \/>\nLes xarxes socials s\u00f3n una de les millors eines per interactuar amb la gent. Pots tenir bones idees o productes per\u00f2 si no et coneixen \u00e9s com si no existissis. Jo ja fa 10 anys que tinc un blog que \u00e9s com una finestra de comunicaci\u00f3 per a mi. Despr\u00e9s van venir les xarxes socials i ara mateix puc parlar d\u2019una comunitat de 500.000 seguidors que m\u2019ajuda a ser m\u00e9s visible i tamb\u00e9 a ser m\u00e9s \u00e0gil mentalment. <\/p>\n<p><span style=\"color: #000000; font-weight: bold; text-transform:uppercase;\">I el costat negatiu de tot plegat?<\/span><br \/>\nNo \u00e9s tant la cr\u00edtica all\u00f2 que em molesta, sin\u00f3 l\u2019insult. Les xarxes socials tamb\u00e9 t\u2019ajuden a veure que sempre hi ha alg\u00fa que no estar\u00e0 content amb el que dius o fas. Has d\u2019aprendre a filtrar perqu\u00e8 no t\u2019afecti. Al final he ent\u00e8s que no tothom est\u00e0 preparat per tenir un compte a qualsevol xarxa social. Aix\u00f2 s\u00ed, est\u00e0 clar que en el moment que la cr\u00edtica destructiva et fa dubtar del teu talent has d\u2019abandonar aquest tipus de plataformes. <\/p>\n<p><span style=\"color: #000000; font-weight: bold; text-transform:uppercase;\">Un dels seus mantres \u00e9s \u201c8 hores per dormir, 8 per treballar i 8 per a tu\u201d. Sempre \u00e9s tan disciplinat o deixa alguna cosa a l\u2019atzar?<\/span><br \/>\nIntento ser endre\u00e7at perqu\u00e8 necessito un ordre, una estructura, saber qu\u00e8 passar\u00e0 dem\u00e0. La borsa \u00e9s un m\u00f3n ple d\u2019inestabilitat i per aix\u00f2 a la meva vida necessito tenir certs punts d\u2019estabilitat. En aquest sentit, el 8-8-8 \u00e9s com una obsessi\u00f3, l\u2019\u00fanica manera d\u2019aconseguir aquest temps per a mi, per a les competicions, per a altres coses que no tinguin a veure amb treballar.  <\/p>\n<p><span style=\"color: #000000; font-weight: bold; text-transform:uppercase;\">I si parlem d\u2019atzar i de no saber qu\u00e8 passar\u00e0, en termes pol\u00edtics i econ\u00f2mics quina creu que \u00e9s la major incertesa que tenen ara mateix Espanya i Catalunya?<\/span><br \/>\nEspanya i Catalunya presenten un escenari condemnat totalment a l\u2019atzar. Per una banda, Catalunya est\u00e0 immersa en aquest possible proc\u00e9s independentista, i a Espanya no se sap qui governar\u00e0 a partir de desembre. De cara a l\u2019economia aquest panorama t\u00e9 un pes molt important perqu\u00e8 potser seria m\u00e9s prudent realitzar inversions un cop passat desembre. <\/p>\n<p><span style=\"color: #000000; font-weight: bold; text-transform:uppercase;\">I, personalment, quin possible escenari li preocupa m\u00e9s?<\/span><br \/>\nCom a espanyol em preocuparia que Podemos tingu\u00e9s pes -b\u00e9 directe o b\u00e9 fruit d\u2019una coalici\u00f3- al Govern perqu\u00e8 a nivell financer suposaria un endarreriment important, tenint en compte la recuperaci\u00f3 que s\u2019est\u00e0 produint al pa\u00eds. El proc\u00e9s independentista, si et dic la veritat, no em preocupa. Si pel que fos tir\u00e9s endavant, jo no hi participaria i marxaria de Catalunya. Crec que una de les errades que contempla el proc\u00e9s \u00e9s pensar que si aix\u00f2 va a m\u00e9s el PIB de Catalunya continuaria sent el mateix. I aix\u00f2 \u00e9s un error; jo, per exemple, m\u2019emportaria tot el que tributo i les meves empreses. Potser s\u2019hauria de reformular el proc\u00e9s tenint en compte quin percentatge de la poblaci\u00f3 marxaria del territori i com afectaria aix\u00f2 a l\u2019economia. <\/p>\n<blockquote>\n<h2 style=\"color: #AEB100;\">\u201cL\u2019\u00e8xit no existeix; per molt b\u00e9 que facis les coses mai t\u2019has de relaxar del tot, sempre has de mantenir un cert nivell de tensi\u00f3.\u201d<\/h2>\n<\/blockquote>\n<p><span style=\"color: #000000; font-weight: bold; text-transform:uppercase;\">Parlant de temes d\u2019actualitat, quina \u00e9s la seva visi\u00f3 sobre la situaci\u00f3 dels refugiats? Tinc ent\u00e8s que el seu pare \u00e9s d\u2019origen siri&#8230;<\/span><br \/>\n\u00c9s una situaci\u00f3 que em toca directament; tinc un oncle i tres cosins que han marxat als Estats Units i un altre oncle i quatre cosins m\u00e9s que viuen a Damasc. Jo l\u2019escenari actual siri el veig, evidentment, amb tristesa, perqu\u00e8 presenciar com una poblaci\u00f3 tan arrelada a la seva terra ha de marxar del seu pa\u00eds \u00e9s dur, per\u00f2 tamb\u00e9 el miro des de la hipocresia occidental. S\u2019ha de participar activament i col\u00b7laborar de veritat a trav\u00e9s d\u2019iniciatives molt interessants que s\u2019estan fent. <\/p>\n<p><span style=\"color: #000000; font-weight: bold; text-transform:uppercase;\">Quin va ser el darrer cop que va visitar el pa\u00eds? Com el recorda?<\/span><br \/>\nHe anat 25 estius a S\u00edria, el darrer cop va ser l\u2019any 2010, just abans que esclat\u00e9s el conflicte. Recordo un pa\u00eds excepcional, tranquil, laic, on les diferents religions podien conviure de manera pac\u00edfica i cordial. Per aix\u00f2 el que est\u00e0 passant va suposar una sorpresa molt gran per a nosaltres. I la veritat \u00e9s que veure un territori que tenia una riquesa cultural tan gran destrossat i massacrat \u00e9s molt trist. <\/p>\n<p><span style=\"color: #000000; font-weight: bold; text-transform:uppercase;\">Per acabar, m\u2019agradaria preguntar-li sobre la seva faceta com a <i>coach<\/i>, sobretot en el terreny empresarial. Quins s\u00f3n els consells m\u00e9s adients que es poden donar a empresaris que tot just comencen amb el seu negoci o que han de reconduir el seu cam\u00ed?<\/span><br \/>\nJo sempre aconsello tres variables. La primera \u00e9s la inversi\u00f3 controlada, \u00e9s a dir, actuar en la mesura de les nostres possibilitats. En segon lloc, intentar aprofitar les noves tecnologies i el que ens ofereix avui dia el m\u00f3n 2.0 a l\u2019hora de reduir costos. I, en tercer lloc, la mobilitat: poder treballar des de qualsevol lloc i en qualsevol moment.<\/p>\n<p><span style=\"color: #000000; font-weight: bold; text-transform:uppercase;\">I els valors esportius es poden aplicar tamb\u00e9 en l\u2019\u00e0mbit empresarial?<\/span><br \/>\nClar que s\u00ed. Els millors exemples s\u00f3n el treball en equip, el fraccionament d\u2019objectius, el fet de creure en un mateix, la const\u00e0ncia, la recerca permanent de l\u2019equilibri i de la motivaci\u00f3, i sobretot, la bona comunicaci\u00f3.<\/p>\n<div style=\"background-color: #AEB100; text-align: center;\"><span style=\"color: #ffffff; font-weight: bold; text-transform:uppercase;\">A fons<\/span><\/div>\n<p><img decoding=\"async\" loading=\"lazy\" src=\"http:\/\/monempresarial.com\/wp-content\/uploads\/2016\/01\/mon-empresarial-004-day-trader-ajram.png\" alt=\"mon-empresarial-004-day-trader-ajram\" width=\"215\" height=\"215\" class=\"alignleft size-full wp-image-8592\" srcset=\"https:\/\/www.monempresarial.com\/wp-content\/uploads\/2016\/01\/mon-empresarial-004-day-trader-ajram.png 215w, https:\/\/www.monempresarial.com\/wp-content\/uploads\/2016\/01\/mon-empresarial-004-day-trader-ajram-150x150.png 150w\" sizes=\"(max-width: 215px) 100vw, 215px\" \/>Est\u00e0 clar que Josef Ajram (Barcelona, 1978) ha triat el seu propi dest\u00ed i no ha deixat res en mans de l\u2019atzar. Seguint la pista dels diners i de les experi\u00e8ncies fortes, va perdre de vista la universitat a tercer de carrera i va decidir dedicar-se professionalment a la borsa, un negoci que sempre li havia cridat l\u2019atenci\u00f3. Es podria dir que actualment \u00e9s el <i>day trader<\/i> m\u00e9s conegut del pa\u00eds, una fama que ha aconseguit gr\u00e0cies a les seves reflexions sobre economia i finances, per\u00f2 sobretot al seu car\u00e0cter medi\u00e0tic, adornat amb un bon grapat de tatuatges i sense corbata a la vista. Quan no compra o ven accions, corre, va en bicicleta, neda -\u00e9s un habitual a les proves m\u00e9s exigents d\u2019ultrafons-, escriu a les xarxes socials -t\u00e9 205.000 seguidor a Twitter-, treu al mercat un nou llibre o exerceix de <i>coach<\/i> empresarial i esportiu. <\/p>\n","protected":false},"excerpt":{"rendered":"<p>Ja sigui pel seu nom, pels seus tatuatges o per la claredat amb qu\u00e8 explica els conceptes econ\u00f2mics i financers m\u00e9s enrevessats, \u00e9s complicat oblidar Josef Ajram. I \u00e9s que aquest polifac\u00e8tic day trader borsari no para quiet, fet que l\u2019ha convertit en un fenomen social en tota regla. Desconeix on s\u00f3n els l\u00edmits i ho aprofita per desafiar-se a si mateix dia rere dia en el terreny professional, per\u00f2 tamb\u00e9 en l\u2019esportiu, una de les seves grans passions. <\/p>\n","protected":false},"author":1,"featured_media":8587,"comment_status":"open","ping_status":"open","sticky":false,"template":"","format":"standard","meta":{"_mi_skip_tracking":false,"mc4wp_mailchimp_campaign":[],"jnews-multi-image_gallery":[],"jnews_single_post":[],"jnews_primary_category":[]},"categories":[12,55],"tags":[2161,2178,2162,2179,2164,11538,2165,2166,2167,113,2168,116,2169,167,2170,290,2171,316,2172,351,2173,2039,2174,2158,2175,2159,2176,2160,2177],"_links":{"self":[{"href":"https:\/\/www.monempresarial.com\/ca\/wp-json\/wp\/v2\/posts\/8583"}],"collection":[{"href":"https:\/\/www.monempresarial.com\/ca\/wp-json\/wp\/v2\/posts"}],"about":[{"href":"https:\/\/www.monempresarial.com\/ca\/wp-json\/wp\/v2\/types\/post"}],"author":[{"embeddable":true,"href":"https:\/\/www.monempresarial.com\/ca\/wp-json\/wp\/v2\/users\/1"}],"replies":[{"embeddable":true,"href":"https:\/\/www.monempresarial.com\/ca\/wp-json\/wp\/v2\/comments?post=8583"}],"version-history":[{"count":1,"href":"https:\/\/www.monempresarial.com\/ca\/wp-json\/wp\/v2\/posts\/8583\/revisions"}],"predecessor-version":[{"id":47380,"href":"https:\/\/www.monempresarial.com\/ca\/wp-json\/wp\/v2\/posts\/8583\/revisions\/47380"}],"wp:featuredmedia":[{"embeddable":true,"href":"https:\/\/www.monempresarial.com\/ca\/wp-json\/wp\/v2\/media\/8587"}],"wp:attachment":[{"href":"https:\/\/www.monempresarial.com\/ca\/wp-json\/wp\/v2\/media?parent=8583"}],"wp:term":[{"taxonomy":"category","embeddable":true,"href":"https:\/\/www.monempresarial.com\/ca\/wp-json\/wp\/v2\/categories?post=8583"},{"taxonomy":"post_tag","embeddable":true,"href":"https:\/\/www.monempresarial.com\/ca\/wp-json\/wp\/v2\/tags?post=8583"}],"curies":[{"name":"wp","href":"https:\/\/api.w.org\/{rel}","templated":true}]}}