{"id":8610,"date":"2016-03-21T08:30:48","date_gmt":"2016-03-21T07:30:48","guid":{"rendered":"http:\/\/monempresarial.com\/?p=8610"},"modified":"2025-09-24T10:11:27","modified_gmt":"2025-09-24T08:11:27","slug":"nou-rumb-gegant-asiatic","status":"publish","type":"post","link":"https:\/\/www.monempresarial.com\/ca\/2016\/03\/21\/nou-rumb-gegant-asiatic\/","title":{"rendered":"Nou rumb del gegant asi\u00e0tic?"},"content":{"rendered":"<h4><img decoding=\"async\" loading=\"lazy\" class=\"alignright wp-image-8620\" src=\"http:\/\/monempresarial.com\/wp-content\/uploads\/2016\/01\/mon-empresarial-005-joan-tugores.png\" alt=\"mon-empresarial-005-joan-tugores\" width=\"234\" height=\"222\" \/>L\u2019alentiment del creixement de l\u2019economia xinesa est\u00e0 generant molts interrogants. \u00c9s la fi d\u2019una etapa o un assenyat canvi de model? Quines implicacions tindr\u00e0 per a la pr\u00f2pia Xina i per la conjuntura mundial?<\/h4>\n<h4><span style=\"color: #829c92; text-transform: uppercase;\">Joan Tugores Ques. <\/span>Catedr\u00e0tic d\u2019Economia de la UB.<\/h4>\n<hr style=\"color: #b72126;\" \/>\n<p><span style=\"color: #829c92; text-transform: uppercase; font-weight: bold;\">Segons dades de l\u2019<i>Economic Outlook<\/i> de l\u2019OCDE<\/span> del novembre passat, la Xina va cr\u00e9ixer entre el 2003 i el 2012 a una mitjana superior al 10% anual, mentre que el 2015 va fer-ho al 6,8% i amb unes projeccions lleugerament a la baixa pels propers anys. Altres estimacions apunten xifres fins i tot m\u00e9s modestes, per sota de les que tradicionalment es considerava que podien mantenir la \u201cpau social\u201d al gegant asi\u00e0tic.<\/p>\n<p><img decoding=\"async\" loading=\"lazy\" class=\"alignright size-full wp-image-8633\" src=\"http:\/\/monempresarial.com\/wp-content\/uploads\/2016\/01\/mon-empresarial-005-pes-pib-mundial1.png\" alt=\"mon-empresarial-005-pes-pib-mundial\" width=\"450\" height=\"336\" srcset=\"https:\/\/www.monempresarial.com\/wp-content\/uploads\/2016\/01\/mon-empresarial-005-pes-pib-mundial1.png 450w, https:\/\/www.monempresarial.com\/wp-content\/uploads\/2016\/01\/mon-empresarial-005-pes-pib-mundial1-300x224.png 300w\" sizes=\"(max-width: 450px) 100vw, 450px\" \/>La Xina ha assumit un repte tan gegant\u00ed com tot el que s\u2019associa a aquest pa\u00eds: fer un <i>canvi de model productiu<\/i> m\u00e9s sostenible en el temps i m\u00e9s eficient per traduir en millores del benestar el creixement espectacular dels indicadors econ\u00f2mics de les darreres d\u00e8cades. Com han explicitat els \u00faltims \u201cplans quinquennals\u201d \u2013una eina que sembla d\u2019altres \u00e8poques per\u00f2 que marca les grans intencions de les autoritats\u2013 , fins i tot el que es vol aplicar en el per\u00edode 2016-2020, la Xina t\u00e9 la intenci\u00f3 de <i>normalitzar<\/i> la seva elevad\u00edssima taxa d\u2019estalvi en favor de m\u00e9s consum privat; vol equilibrar ind\u00fastria amb serveis; pret\u00e9n assolir un posicionament a les xarxes globals de producci\u00f3 en segments de m\u00e9s valor afegit; i busca un paper m\u00e9s important de la demanda interna que assoleixi un equilibri m\u00e9s raonable amb l\u2019aposta exportadora.<\/p>\n<p>Totes aquestes directrius semblen assenyades per\u00f2, com sabem massa b\u00e9 aqu\u00ed, un canvi de model no \u00e9s f\u00e0cil, ja que hi ha in\u00e8rcies i interessos que poden dificultar-lo. A banda, naturalment, que aspectes com els seriosos problemes mediambientals, l\u2019endeutament excessiu d\u2019alguns actors de l\u2019\u00e0mbit econ\u00f2mic i pol\u00edtic, i algunes fragilitats del funcionament dels mecanismes financers, s\u00f3n assignatures pendents de molta envergadura.<\/p>\n<blockquote>\n<h2 style=\"color: #829c92;\"><img decoding=\"async\" loading=\"lazy\" class=\"alignright size-full wp-image-8622\" src=\"http:\/\/monempresarial.com\/wp-content\/uploads\/2016\/01\/mon-empresarial-005-mapa-xina.png\" alt=\"mon-empresarial-005-mapa-xina\" width=\"215\" height=\"174\" \/>La Xina t\u00e9 la intenci\u00f3 de <i>normalitzar<\/i> la seva elevad\u00edssima taxa d\u2019estalvi en favor de m\u00e9s consum privat; vol equilibrar ind\u00fastria amb serveis; pret\u00e9n assolir un posicionament a les xarxes globals de producci\u00f3 en segments de m\u00e9s valor afegit; i busca un paper m\u00e9s important de la demanda interna que assoleixi un equilibri m\u00e9s raonable amb l\u2019aposta exportadora<\/h2>\n<\/blockquote>\n<p><span style=\"color: #829c92; text-transform: uppercase; font-weight: bold;\">Una influ\u00e8ncia creixent<\/span><br \/>\nL\u2019assumpci\u00f3 per part de la Xina d\u2019aquesta complexa agenda va en paral\u00b7lel a un cert salt qualitatiu de la seva influ\u00e8ncia al m\u00f3n. En termes de <i>paritat del poder adquisitiu<\/i> ja ha superat \u2013com mostra la figura 1\u2013 als Estats Units, encara que \u00f2bviament en termes <i>per capita<\/i> li queda molt terreny per rec\u00f3rrer. De forma destacada, hi ha certa expectaci\u00f3 per veure com porta a terme la presid\u00e8ncia del G20 que li correspon exercir durant el 2016: tindr\u00e0 voluntat i\/o capacitat de reactivar aquest directori global que els darrers anys sembla que cotitza a la baixa? Ser\u00e0 important fer el seguiment de com combina el seu rol regional com a centre cada vegada m\u00e9s destacat de la \u201cfactoria \u00c0sia\u201d, i com gestiona la seva abs\u00e8ncia, per ara, del TPP (l\u2019Alian\u00e7a Transpac\u00edfica entre els Estats Units i uns altres 11 pa\u00efsos americans, asi\u00e0tics i d\u2019Oceania).<br \/>\n<img decoding=\"async\" loading=\"lazy\" class=\"aligncenter size-full wp-image-8631\" src=\"http:\/\/monempresarial.com\/wp-content\/uploads\/2016\/01\/mon-empresarial-005-deg-fmi1.png\" alt=\"mon-empresarial-005-deg-fmi\" width=\"650\" height=\"429\" srcset=\"https:\/\/www.monempresarial.com\/wp-content\/uploads\/2016\/01\/mon-empresarial-005-deg-fmi1.png 650w, https:\/\/www.monempresarial.com\/wp-content\/uploads\/2016\/01\/mon-empresarial-005-deg-fmi1-300x198.png 300w, https:\/\/www.monempresarial.com\/wp-content\/uploads\/2016\/01\/mon-empresarial-005-deg-fmi1-252x167.png 252w, https:\/\/www.monempresarial.com\/wp-content\/uploads\/2016\/01\/mon-empresarial-005-deg-fmi1-300x198@2x.png 600w, https:\/\/www.monempresarial.com\/wp-content\/uploads\/2016\/01\/mon-empresarial-005-deg-fmi1-252x167@2x.png 504w\" sizes=\"(max-width: 650px) 100vw, 650px\" \/><br \/>\nTamb\u00e9 les seves iniciatives financeres semblen de vegades oposades a les institucions tradicionals multilaterals \u2013com el Nou Banc de Desenvolupament dels BRICS i el Banc Asi\u00e0tic d\u2019Inversi\u00f3 en Infraestructures, que han nascut en certa contraposici\u00f3 al Banc Mundial\u2013. Per\u00f2 al mateix temps, la Xina lluita per assolir m\u00e9s poder a les institucions m\u00e9s tradicionals, com ha evidenciat l\u2019exitosa pressi\u00f3 pol\u00edtica per incorporar la seva moneda a la cistella de divises que constitueixen els drets especials de gir (DEG), la unitat que el Fons Monetari Internacional (FMI) fa servir per algunes operacions.<\/p>\n<p>El paper de la Xina agafa relleu a negociacions internacionals com la Cimera del Clima o les confer\u00e8ncies de l\u2019Organitzaci\u00f3 Mundial del Comer\u00e7, a banda del ja esmentat G20. I des de la perspectiva europea, mereixen especial atenci\u00f3 les iniciatives de les anomenades \u201cmodernes rutes de la seda\u201d, que volen connectar la Xina amb tot el continent europeu per terra i per mar reproduint la primera d\u2019aquestes vies, la \u201cSilk Road\u201d, que durant segles (XII-XIII) va unir tota Eur\u00e0sia.<\/p>\n<blockquote>\n<h2 style=\"color: #829c92;\">Recentment han agafat volada les preocupacions per una possible inestabilitat financera al pa\u00eds, a la vista d\u2019episodis delicats en diversos moments del 2015, aix\u00ed com tamb\u00e9 per eventuals problemes a alguns mecanismes financers \u2013tant d\u2019entitats del sistema financer formal com del sistema informal de pr\u00e9stecs i deutes, molt tradicional a la Xina\u2013 i les seves repercussions<\/h2>\n<\/blockquote>\n<p><img decoding=\"async\" loading=\"lazy\" class=\"alignright size-full wp-image-9559\" src=\"http:\/\/monempresarial.com\/wp-content\/uploads\/2016\/03\/mon-empresarial-005-xina-en-xifres.png\" alt=\"mon-empresarial-005-xina-en-xifres\" width=\"350\" height=\"1448\" \/><span style=\"color: #829c92; text-transform: uppercase; font-weight: bold;\">Els efectes globals de la desacceleraci\u00f3 xinesa<\/span><br \/>\nAquesta dualitat d\u2019una Xina amb profunds canvis interns i amb un paper protagonista a escala global t\u00e9 efectes en el present i el futur econ\u00f2mic i geopol\u00edtic mundial. Aix\u00ed, molts analitzen les eventuals implicacions de la desacceleraci\u00f3 xinesa: proliferen els estudis sobre la seva transmissi\u00f3 cap a diferents pa\u00efsos i regions i al conjunt de l\u2019economia mundial. Els vincles comercials \u2013exportacions i importacions\u2013 amb el gegant asi\u00e0tic s\u00f3n d\u2019import\u00e0ncia desigual per diferents pa\u00efsos, per\u00f2 no es poden ignorar en cap cas. Tamb\u00e9 s\u00f3n objecte d\u2019atenci\u00f3 els efectes d\u2019un alentiment de la demanda xinesa de petroli i d\u2019altres mat\u00e8ries primeres, amb efectes directes sobre pa\u00efsos productors i indirectes sobre tots els consumidors, donada la influ\u00e8ncia de les adquisicions xineses sobre els preus mundials.<\/p>\n<p>Recentment, a m\u00e9s, han agafat volada les preocupacions per una possible inestabilitat financera al pa\u00eds, a la vista d\u2019episodis delicats en diversos moments del 2015, aix\u00ed com tamb\u00e9 per eventuals problemes en alguns mecanismes financers \u2013tant d\u2019entitats del sistema financer formal com del sistema informal de pr\u00e9stecs i deutes, molt tradicional a la Xina\u2013 i les seves repercussions. Cal recordar que assolir posicions destacades en l\u2019\u00e0mbit de la intermediaci\u00f3 financera \u00e9s m\u00e9s dif\u00edcil que als \u00e0mbits productius i comercials, i que la solidesa del sistema financer continua essent una assignatura pendent pel gegant asi\u00e0tic.<\/p>\n<p><span style=\"color: #829c92; text-transform: uppercase; font-weight: bold;\">Moment decisiu en l\u2019evoluci\u00f3 del pa\u00eds<\/span><br \/>\nAmb una perspectiva hist\u00f2rica m\u00e9s \u00e0mplia es pot dir que a la Xina s\u2019estan movent amb molta complexitat unes \u201cplaques tect\u00f2niques\u201d econ\u00f2miques, sociopol\u00edtiques i mediambientals, i que els resultats finals tindran amplis efectes sobre la configuraci\u00f3 econ\u00f2mica i geopol\u00edtica global. El pa\u00eds ha de veure si pot superar l\u2019anomenada <i>middle income trap<\/i>, que fa que alguns pa\u00efsos puguin progressar fins a un determinat nivell mobilitzant m\u00e9s recursos productius i fent-los servir amb m\u00e9s efici\u00e8ncia. Per\u00f2 anar m\u00e9s enll\u00e0 en el progr\u00e9s requereix tamb\u00e9 canvis institucionals i qualitatius m\u00e9s delicats i dif\u00edcils. Els plantejaments xinesos semblen adients per\u00f2 les dificultats d\u2019execuci\u00f3 s\u00f3n tamb\u00e9 gegantines.<\/p>\n<p>I, en darrera inst\u00e0ncia, cal recordar des d\u2019Occident que la Xina ha fet en poques d\u00e8cades el que a les economies avan\u00e7ades ens va costar pr\u00e0cticament segles, i no va ser precisament un proc\u00e9s f\u00e0cil. Ben al contrari, v\u00e0rem experimentar tot tipus de dificultats, des de crisis econ\u00f2miques fins a conflictes socials, i de vegades militars, la superaci\u00f3 dels quals no va ser senzilla. Des del 1980 el cam\u00ed de la Xina \u00e9s molt m\u00e9s lineal del que mostraven els precedents hist\u00f2rics, i ara sembla que el pa\u00eds ha de fer ajustos amplis delicats. Esperem, pel seu b\u00e9 i el del conjunt de l\u2019economia i la societat globals, que es facin amb el seny i prud\u00e8ncia que no sempre v\u00e0rem tenir a Occident!<\/p>\n<div style=\"background-color: #829c92; text-align: center;\"><span style=\"color: #ffffff; font-weight: bold;\">L\u2019ASCENS DE LA XINA A L\u2019ECONOMIA MUNDIAL<\/span><\/div>\n<p>Malgrat les recents dificultats, l\u2019ascens de l\u2019economia xinesa ha estat espectacular en les darreres d\u00e8cades. A la figura 1 es visibilitza aquesta traject\u00f2ria a l\u2019al\u00e7a en termes de PIB total (ajustat per difer\u00e8ncies de poder adquisitiu), un indicador en el que la Xina ha superat recentment als Estats Units. L\u2019\u00cdndia tamb\u00e9 va a l\u2019al\u00e7a, mentre que les economies avan\u00e7ades, inclosa la zona euro, van cedint posicions.<\/p>\n<div style=\"background-color: #829c92; text-align: center;\"><span style=\"color: #ffffff; font-weight: bold;\">EL RENMINBI <\/span><span style=\"color: #000000; font-weight: bold;\">ALS DEG<\/span><\/div>\n<p><img decoding=\"async\" loading=\"lazy\" class=\"alignleft size-full wp-image-8626\" src=\"http:\/\/monempresarial.com\/wp-content\/uploads\/2016\/01\/mon-empresarial-005-diners-xina.png\" alt=\"mon-empresarial-005-diners-xina\" width=\"215\" height=\"238\" \/><span style=\"color: #000000; text-transform: uppercase; font-weight: bold;\">La revisi\u00f3 del 2015 de la composici\u00f3 dels drets especials de gir (DEG)<\/span> de l\u2019FMI ha portat a la inclusi\u00f3 de la moneda xinesa per primera vegada, malgrat els dubtes sobre si es complien alguns dels criteris exigibles, com la llibertat en les transaccions amb les divises implicades en els DEG. La pressi\u00f3 pol\u00edtica xinesa ha fet imparable aquesta emblem\u00e0tica incorporaci\u00f3.<br \/>\nUn altre aspecte destacat \u00e9s la composici\u00f3 percentual dels DEG, que no s\u00f3n una \u201cmoneda pr\u00f2pia\u201d sin\u00f3 una \u201ccistella de divises\u201d. Com mostra la figura 2, la moneda xinesa entra amb una ponderaci\u00f3 de prop de l\u201911%, que es detrau b\u00e0sicament de l\u2019euro (6,5 punts percentuals) i de la lliura esterlina (m\u00e9s de 3 punts percentuals). El pes del d\u00f2lar USA, en canvi, no es veu significativament afectat, i molt poc el de ien japon\u00e8s, que aprofita la revisi\u00f3 per avan\u00e7ar a la lliura esterlina. Les dues principals divises europees s\u00f3n, doncs, les grans <i>sacrificades<\/i> per l\u2019entrada del renminbi xin\u00e8s.<\/p>\n<p><span style=\"color: #829c92; font-weight: bold;\">Llegeix tamb\u00e9:<\/span> <a href=\"http:\/\/monempresarial.com\/?p=8839\"> Mapa Mundial: La Xina, un gran soci comercial en hores baixes.<\/a><\/p>\n","protected":false},"excerpt":{"rendered":"<p>L\u2019alentiment del creixement de l\u2019economia xinesa est\u00e0 generant molts interrogants. \u00c9s la fi d\u2019una etapa o un assenyat canvi de model? Quines implicacions tindr\u00e0 per a la pr\u00f2pia Xina i per la conjuntura mundial?<\/p>\n","protected":false},"author":8,"featured_media":8612,"comment_status":"open","ping_status":"open","sticky":false,"template":"","format":"standard","meta":{"_mi_skip_tracking":false,"mc4wp_mailchimp_campaign":[],"jnews-multi-image_gallery":[],"jnews_single_post":[],"jnews_primary_category":[]},"categories":[9,10839,10840,10815,18],"tags":[2269,2289,2305,2273,2290,2306,113,2275,2291,178,2276,2292,326,2277,2293,1012,2278,2294,1048,2279,2295,1115,2280,2296,1244,2281,2297,1401,2282,2298,1405,2283,2299,1412,2284,2300,1416,2285,2301,1448,2286,2302,2210,2287,2303,2264,2288,2304],"_links":{"self":[{"href":"https:\/\/www.monempresarial.com\/ca\/wp-json\/wp\/v2\/posts\/8610"}],"collection":[{"href":"https:\/\/www.monempresarial.com\/ca\/wp-json\/wp\/v2\/posts"}],"about":[{"href":"https:\/\/www.monempresarial.com\/ca\/wp-json\/wp\/v2\/types\/post"}],"author":[{"embeddable":true,"href":"https:\/\/www.monempresarial.com\/ca\/wp-json\/wp\/v2\/users\/8"}],"replies":[{"embeddable":true,"href":"https:\/\/www.monempresarial.com\/ca\/wp-json\/wp\/v2\/comments?post=8610"}],"version-history":[{"count":1,"href":"https:\/\/www.monempresarial.com\/ca\/wp-json\/wp\/v2\/posts\/8610\/revisions"}],"predecessor-version":[{"id":47410,"href":"https:\/\/www.monempresarial.com\/ca\/wp-json\/wp\/v2\/posts\/8610\/revisions\/47410"}],"wp:featuredmedia":[{"embeddable":true,"href":"https:\/\/www.monempresarial.com\/ca\/wp-json\/wp\/v2\/media\/8612"}],"wp:attachment":[{"href":"https:\/\/www.monempresarial.com\/ca\/wp-json\/wp\/v2\/media?parent=8610"}],"wp:term":[{"taxonomy":"category","embeddable":true,"href":"https:\/\/www.monempresarial.com\/ca\/wp-json\/wp\/v2\/categories?post=8610"},{"taxonomy":"post_tag","embeddable":true,"href":"https:\/\/www.monempresarial.com\/ca\/wp-json\/wp\/v2\/tags?post=8610"}],"curies":[{"name":"wp","href":"https:\/\/api.w.org\/{rel}","templated":true}]}}