{"id":8693,"date":"2016-04-05T08:30:57","date_gmt":"2016-04-05T06:30:57","guid":{"rendered":"http:\/\/monempresarial.com\/?p=8693"},"modified":"2025-06-06T10:43:37","modified_gmt":"2025-06-06T08:43:37","slug":"entrevista-jordi-gosalves-president-collegi-aparelladors-arquitectes-tecnics-enginyers-edificacio-barcelona","status":"publish","type":"post","link":"https:\/\/www.monempresarial.com\/ca\/2016\/04\/05\/entrevista-jordi-gosalves-president-collegi-aparelladors-arquitectes-tecnics-enginyers-edificacio-barcelona\/","title":{"rendered":"Entrevista a Jordi Gosalves,<\/span> president del Col\u00b7legi d&#8217;Aparelladors, Arquitectes T\u00e8cnics i Enginyers d&#8217;Edificaci\u00f3 de Barcelona"},"content":{"rendered":"<h4>Encarar la represa de l\u2019activitat constructora, adaptar-se als m\u00faltiples i r\u00e0pids canvis que experimenta el sector i promocionar una professi\u00f3 a la que augura un gran futur. Aquests s\u00f3n els principals reptes del recent encetat mandat de Jordi Gosalves al capdavant del Col\u00b7legi d\u2019Aparelladors, Arquitectes T\u00e8cnics i Enginyers d\u2019Edificaci\u00f3 de Barcelona (CAATEEB), un per\u00edode que espera que sigu molt participatiu.<\/h4>\n<h4>Text: <a style=\"color: #282356;\" href=\"http:\/\/monempresarial.com\/author\/acortes\/\">Ariadna Cort\u00e9s<\/a>\u00a0\u00a0\u00a0Fotos: <span style=\"color: #282356;\">Cedides<\/span><\/h4>\n<hr style=\"color: #b72126;\" \/>\n<p><img decoding=\"async\" loading=\"lazy\" class=\"alignleft size-full wp-image-8701\" src=\"http:\/\/monempresarial.com\/wp-content\/uploads\/2016\/01\/mon-empresarial-005-jordi-gosalves-collegi-arquitectes.png\" alt=\"mon-empresarial-005-jordi-gosalves-collegi-arquitectes\" width=\"250\" height=\"320\" srcset=\"https:\/\/www.monempresarial.com\/wp-content\/uploads\/2016\/01\/mon-empresarial-005-jordi-gosalves-collegi-arquitectes.png 250w, https:\/\/www.monempresarial.com\/wp-content\/uploads\/2016\/01\/mon-empresarial-005-jordi-gosalves-collegi-arquitectes-234x300.png 234w\" sizes=\"(max-width: 250px) 100vw, 250px\" \/><span style=\"color: #282356; font-weight: bold;\">La construcci\u00f3 ha estat un dels sectors m\u00e9s afectats per la crisi econ\u00f2mica. Ha millorat, la situaci\u00f3?<\/span><br \/>\n\u00c9s cert que el pitjor ha passat, per\u00f2 no ens hem de deixar portar per les not\u00edcies positives. Per a que el nostre sector pugui comen\u00e7ar a funcionar de forma normal, cal donar soluci\u00f3 a problemes tan greus com el de l&#8217;atur, que porta aparellat el baix reconeixement de les capacitats dels treballadors.<\/p>\n<p><span style=\"color: #282356; font-weight: bold;\">La recessi\u00f3 dels \u00faltims anys tindr\u00e0 conseq\u00fc\u00e8ncies permanents pel sector? <\/span><br \/>\nLa inseguretat laboral i la contractaci\u00f3 per sota del nivell professional dels treballadors es traslladen de manera inevitable a les decisions de compra d&#8217;habitatge. A m\u00e9s, s&#8217;ha de resoldre de manera efectiva i no \u00fanicament est\u00e8tica la q\u00fcesti\u00f3 del finan\u00e7ament, ja que sin\u00f3 el sector de l\u2019habitatge queda inoperant.<\/p>\n<p><span style=\"color: #282356; font-weight: bold;\">El sector est\u00e0 vivint un proc\u00e9s de liberalitzaci\u00f3. Quins riscos i avantatges se\u2019n deriven?<\/span><br \/>\nLa nostra, i la resta de professions, tenen un futur basat en la qualitat i l\u2019efici\u00e8ncia aportades pels professionals. Aix\u00ed, quan un aparellador hagi d\u2019intervenir en un projecte ho far\u00e0 pel valor afegit que proporcionar\u00e0 i no per raons d&#8217;obligaci\u00f3 legal. Hem de pensar en positiu, \u00e9s preferible ser necessari que obligatori. L&#8217;obligatorietat sempre la pot canviar una llei, per\u00f2 la necessitat no. I la nostra \u00e9s una professi\u00f3 que de manera tossuda ha aconseguit sempre respecte i confian\u00e7a m\u00e9s enll\u00e0 del que diuen les lleis. Quan bufen vents de canvi, alguns construeixen murs, i d&#8217;altres constru\u00efm molins.<\/p>\n<blockquote>\n<h2 style=\"color: #282356; text-align: left;\">\u201c\u00c9s preferible ser necessari que obligatori\u201d<\/h2>\n<\/blockquote>\n<p><img decoding=\"async\" loading=\"lazy\" class=\"alignright size-full wp-image-8709\" src=\"http:\/\/monempresarial.com\/wp-content\/uploads\/2016\/01\/mon-empresarial-005-en-menys-un-minut.png\" alt=\"mon-empresarial-005-en-menys-un-minut\" width=\"300\" height=\"799\" srcset=\"https:\/\/www.monempresarial.com\/wp-content\/uploads\/2016\/01\/mon-empresarial-005-en-menys-un-minut.png 300w, https:\/\/www.monempresarial.com\/wp-content\/uploads\/2016\/01\/mon-empresarial-005-en-menys-un-minut-113x300.png 113w, https:\/\/www.monempresarial.com\/wp-content\/uploads\/2016\/01\/mon-empresarial-005-en-menys-un-minut-113x300@2x.png 226w\" sizes=\"(max-width: 300px) 100vw, 300px\" \/><span style=\"color: #282356; font-weight: bold;\">El passat 2015, el CAATEEB va celebrar el seu 75\u00e8 aniversari. Com ha evolucionat l\u2019entitat al llarg de tots aquests anys?<\/span><br \/>\nEl Col\u00b7legi ha passat de ser una entitat fiscalitzadora de l\u2019activitat professional a una de serveis als professionals, que procura la seva promoci\u00f3 i l\u2019excel\u00b7l\u00e8ncia del seu exercici professional en favor dels ciutadans. Avui tenim el repte de conduir la professi\u00f3 en els canvis que ja s&#8217;han endegat i als quals ens hem de saber adaptar. Per altra banda i no menys important, el Col\u00b7legi ha d\u2019intentar participar i influir en les negociacions que puguin ser transcendents per a la nostra professi\u00f3. Al nostre sector, i ara m\u00e9s que mai, s\u2019aplica all\u00f2 de: \u201csi tu no fas pol\u00edtica, els altres la faran per tu\u201d.<\/p>\n<p><span style=\"color: #282356; font-weight: bold;\">Acaba d\u2019accedir a la presid\u00e8ncia despr\u00e9s d\u2019haver ocupat altres c\u00e0rrecs a la Junta de Govern. Quins objectius s\u2019ha marcat per al seu mandat?<\/span><br \/>\nTenim la intenci\u00f3 de continuar una s\u00e8rie de projectes iniciats en la darrera legislatura. A m\u00e9s, volem implicar a la resta d\u2019organitzacions col\u00b7legials i a les administracions corresponents per a dur a terme determinades iniciatives que han d\u2019aplicar-se en \u00e0mbits territorials amplis, i no nom\u00e9s a la demarcaci\u00f3 de Barcelona. El nostre pret\u00e9n ser un mandat molt participatiu. D\u2019altra banda, volem actuar en conson\u00e0ncia amb la velocitat amb la que passen les coses al segle XXI. Aix\u00ed, hem de prendre decisions amb suficient marge d\u2019actuaci\u00f3 en temes com el <i>lean construction<\/i>, el <i>building information modeling<\/i> (BIM), les <i>smart cities<\/i>, el <i>passivhaus<\/i> o el <i>big data<\/i>, entre molts altres conceptes que afecten el nostre sector.<\/p>\n<p><span style=\"color: #282356; font-weight: bold;\">L\u2019aven\u00e7 de la tecnologia, l\u2019evoluci\u00f3 cap a models m\u00e9s sostenibles i els canvis de legislaci\u00f3 fan que els professionals hagin d\u2019actualitzar els seus coneixements de manera constant. Com respon el CAATEEB a aquesta necessitat? <\/span><br \/>\nAmb un ambici\u00f3s programa de formaci\u00f3 cont\u00ednua, m\u00e0sters i postgraus que ja fa anys que impartim i dels que els nostres alumnes estan molt satisfets. Disposem d\u2019un sistema de gesti\u00f3 de qualitat ISO i es tracta d\u2019una formaci\u00f3 pensada i desenvolupada per professionals i per a professionals.<\/p>\n<blockquote>\n<h2 style=\"color: #282356;\">\u201cLa inseguretat laboral i la contractaci\u00f3 per sota del nivell professional dels treballadors es traslladen de manera inevitable a les decisions de compra d&#8217;habitatge. A m\u00e9s, s&#8217;ha de resoldre de manera efectiva la q\u00fcesti\u00f3 del finan\u00e7ament, ja que sin\u00f3 el sector queda inoperant.\u201d<\/h2>\n<\/blockquote>\n<p><span style=\"color: #282356; font-weight: bold;\">A banda de la seu central de Barcelona, el Col\u00b7legi compta amb sis delegacions repartides pel territori. Quina funci\u00f3 tenen aquestes i com es coordina l\u2019activitat de totes elles?<\/span><br \/>\nLa seu central del CAATEEB est\u00e0 ubicada a Barcelona, i les sis delegacions s\u2019encarreguen de donar servei als professionals i als ciutadans de la seva zona d\u2019influ\u00e8ncia. Les altres seus es troben a Vic, Terrassa, Manresa, Granollers, Matar\u00f3 i Vilafranca del Pened\u00e8s. Sempre hem estat partidaris d&#8217;apropar la nostra acci\u00f3 al territori, tant pel que fa al servei als col\u00b7legiats de la zona com als ciutadans. Els col\u00b7legis professionals no tenim sentit si no actuem en defensa dels interessos de la ciutadania i com a garants de la feina ben feta.<\/p>\n<p><a href=\"http:\/\/monempresarial.com\/wp-content\/uploads\/2016\/04\/mon-empresarial-005-collegis-professionals.png\"><img decoding=\"async\" loading=\"lazy\" class=\"aligncenter wp-image-16416 size-full\" src=\"http:\/\/monempresarial.com\/wp-content\/uploads\/2016\/04\/mon-empresarial-005-collegis-professionals.png\" alt=\"\" width=\"740\" height=\"259\" srcset=\"https:\/\/www.monempresarial.com\/wp-content\/uploads\/2016\/04\/mon-empresarial-005-collegis-professionals.png 740w, https:\/\/www.monempresarial.com\/wp-content\/uploads\/2016\/04\/mon-empresarial-005-collegis-professionals-300x105.png 300w, https:\/\/www.monempresarial.com\/wp-content\/uploads\/2016\/04\/mon-empresarial-005-collegis-professionals-300x105@2x.png 600w\" sizes=\"(max-width: 740px) 100vw, 740px\" \/><\/a><\/p>\n<p><span style=\"color: #282356; font-weight: bold;\">Quins reptes encara el sector aquest 2016?<\/span><br \/>\nEncara reptes a molts nivells. Primer, de represa de l\u2019activitat constructora, una represa que dep\u00e8n tanmateix de la recuperaci\u00f3 de la capacitat econ\u00f2mica de les empreses i tamb\u00e9 de les fam\u00edlies. En segon lloc, ha de saber trobar el necessari equilibri entre la construcci\u00f3 d\u2019obra nova i la intervenci\u00f3 en el parc existent. El repte mediambiental i d\u2019efici\u00e8ncia energ\u00e8tica esdev\u00e9 fonamental, tal i com es va fer pal\u00e8s a la cimera celebrada a finals d\u2019any a Par\u00eds. Finalment, la incorporaci\u00f3 de les noves tecnologies ha de permetre avan\u00e7ar cap a una major efic\u00e0cia en els processos constructius.<\/p>\n<p><span style=\"color: #282356; font-weight: bold;\">La d\u2019aparellador, arquitecte t\u00e8cnic i enginyer d\u2019edificaci\u00f3 s\u00f3n professions de futur?<\/span><br \/>\nL&#8217;aparellador \u00e9s un professional que, per definici\u00f3, \u00e9s resilient. \u00c9s a dir, es sobreposa a les adversitats i torna a la lluita encara amb m\u00e9s coratge. Est\u00e0 en el nostre ADN, igual que l&#8217;anticipaci\u00f3: sempre estem observant m\u00e9s enll\u00e0. De la mateixa manera, el rigor \u00e9s una constant en la nostra feina. Per\u00f2 ens cal ser molt m\u00e9s potents professionalment i tenir una visi\u00f3 m\u00e9s comercial i pr\u00e0ctica del nostre paper. Tamb\u00e9 ens cal preocupar-nos per formar-nos de manera continuada, \u00e9s una manera de fer-nos visibles i de distingir-nos dels competidors. La liberalitzaci\u00f3 demana aquesta forma de veure les coses: posar en valor els nostres actius i el fet de tenir-los permanentment actualitzats. Som una professi\u00f3 amb un llarga hist\u00f2ria i s\u2019obre davant nostre un futur molt esperan\u00e7ador.<\/p>\n","protected":false},"excerpt":{"rendered":"<p>Encarar la represa de l\u2019activitat constructora, adaptar-se als m\u00faltiples i r\u00e0pids canvis que experimenta el sector i promocionar una professi\u00f3 a la que augura un gran futur. Aquests s\u00f3n els principals reptes del recent encetat mandat de Jordi Gosalves al capdavant del Col\u00b7legi d\u2019Aparelladors, Arquitectes T\u00e8cnics i Enginyers d\u2019Edificaci\u00f3 de Barcelona (CAATEEB), un per\u00edode que espera que sigui molt participatiu.<\/p>\n","protected":false},"author":1,"featured_media":16418,"comment_status":"open","ping_status":"open","sticky":false,"template":"","format":"standard","meta":{"_mi_skip_tracking":false,"mc4wp_mailchimp_campaign":[],"jnews-multi-image_gallery":[],"jnews_single_post":[],"jnews_primary_category":[]},"categories":[9,10820,10821,22,10825],"tags":[2462,2551,2536,2552,2537,2538,2539,2540,2541,2542,2543,2544,2545,2546,2547,115,2548,763,2549,1692,2550],"_links":{"self":[{"href":"https:\/\/www.monempresarial.com\/ca\/wp-json\/wp\/v2\/posts\/8693"}],"collection":[{"href":"https:\/\/www.monempresarial.com\/ca\/wp-json\/wp\/v2\/posts"}],"about":[{"href":"https:\/\/www.monempresarial.com\/ca\/wp-json\/wp\/v2\/types\/post"}],"author":[{"embeddable":true,"href":"https:\/\/www.monempresarial.com\/ca\/wp-json\/wp\/v2\/users\/1"}],"replies":[{"embeddable":true,"href":"https:\/\/www.monempresarial.com\/ca\/wp-json\/wp\/v2\/comments?post=8693"}],"version-history":[{"count":1,"href":"https:\/\/www.monempresarial.com\/ca\/wp-json\/wp\/v2\/posts\/8693\/revisions"}],"predecessor-version":[{"id":46280,"href":"https:\/\/www.monempresarial.com\/ca\/wp-json\/wp\/v2\/posts\/8693\/revisions\/46280"}],"wp:featuredmedia":[{"embeddable":true,"href":"https:\/\/www.monempresarial.com\/ca\/wp-json\/wp\/v2\/media\/16418"}],"wp:attachment":[{"href":"https:\/\/www.monempresarial.com\/ca\/wp-json\/wp\/v2\/media?parent=8693"}],"wp:term":[{"taxonomy":"category","embeddable":true,"href":"https:\/\/www.monempresarial.com\/ca\/wp-json\/wp\/v2\/categories?post=8693"},{"taxonomy":"post_tag","embeddable":true,"href":"https:\/\/www.monempresarial.com\/ca\/wp-json\/wp\/v2\/tags?post=8693"}],"curies":[{"name":"wp","href":"https:\/\/api.w.org\/{rel}","templated":true}]}}