{"id":8839,"date":"2016-03-17T08:30:33","date_gmt":"2016-03-17T07:30:33","guid":{"rendered":"http:\/\/monempresarial.com\/?p=8839"},"modified":"2025-09-24T10:11:41","modified_gmt":"2025-09-24T08:11:41","slug":"xina-gran-soci-comercial-en-hores-baixes","status":"publish","type":"post","link":"https:\/\/www.monempresarial.com\/ca\/2016\/03\/17\/xina-gran-soci-comercial-en-hores-baixes\/","title":{"rendered":"Infografia: La Xina, un gran soci comercial en hores baixes"},"content":{"rendered":"<h4><img decoding=\"async\" loading=\"lazy\" class=\"alignright size-full wp-image-8848\" src=\"http:\/\/monempresarial.com\/wp-content\/uploads\/2016\/02\/mon-empresarial-005-mapa-comerc-xina-001-1.png\" alt=\"mon-empresarial-005-mapa-comerc-xina-001\" width=\"450\" height=\"673\" srcset=\"https:\/\/www.monempresarial.com\/wp-content\/uploads\/2016\/02\/mon-empresarial-005-mapa-comerc-xina-001-1.png 450w, https:\/\/www.monempresarial.com\/wp-content\/uploads\/2016\/02\/mon-empresarial-005-mapa-comerc-xina-001-1-201x300.png 201w, https:\/\/www.monempresarial.com\/wp-content\/uploads\/2016\/02\/mon-empresarial-005-mapa-comerc-xina-001-1-201x300@2x.png 402w\" sizes=\"(max-width: 450px) 100vw, 450px\" \/>Tal com indicava l&#8217;<em>Economic Outlook<\/em>\u00a0de l\u2019Organitzaci\u00f3 per a la Cooperaci\u00f3 i el Desenvolupament Econ\u00f2mic (OCDE) el passat novembre, el 2015 el creixement global va situar-se al voltant del 3%, un percentatge inferior a la mitjana.<\/h4>\n<hr style=\"color: #b72126;\" \/>\n<p>Aix\u00ed, malgrat que la recuperaci\u00f3 econ\u00f2mica dels pa\u00efsos desenvolupats continua avan\u00e7ant, la inestabilitat de les economies dels mercats emergents est\u00e0 tenint un efecte tant significatiu en la conjuntura mundial que l\u2019organisme ha fet saltar l\u2019alarma sobre una possible nova recessi\u00f3. En aquest sentit, l\u2019informe destaca que el m\u00e9s preocupant \u00e9s la debilitat del comer\u00e7 internacional, que l\u2019any passat va caure a nivells propers als previs a la crisi. I \u00e9s que com destaca l\u2019economista en cap de l\u2019OCDE, Catherine Mann, \u201cel comer\u00e7 s\u00f2lid i el creixement global van de la m\u00e0\u201d.<\/p>\n<p>La Xina t\u00e9 un paper fonamental en aquesta q\u00fcesti\u00f3, doncs la transformaci\u00f3 de la seva economia industrial cap a un model centrat en els serveis afecta els pa\u00efsos exportadors de mat\u00e8ries primeres. A aix\u00f2 cal sumar la reducci\u00f3 de la demanda interna, que pot tenir conseq\u00fc\u00e8ncies en la confian\u00e7a del mercat financer i en les perspectives de creixement de moltes economies, incloses les m\u00e9s avan\u00e7ades. Amb tot, l\u2019OCDE mant\u00e9 les bones previsions sobre el gegant asi\u00e0tic, on espera un creixement del 6,5% aquest 2016 i del 6,2% l\u2019any vinent. Cal matisar, per\u00f2, que el seu ritme de creixement anual abans de la crisi era proper al 10%.<br \/>\n<img decoding=\"async\" loading=\"lazy\" class=\"aligncenter size-full wp-image-8850\" src=\"http:\/\/monempresarial.com\/wp-content\/uploads\/2016\/02\/mon-empresarial-005-mapa-comerc-xina-002-1.png\" alt=\"mon-empresarial-005-mapa-comerc-xina-002\" width=\"650\" height=\"748\" srcset=\"https:\/\/www.monempresarial.com\/wp-content\/uploads\/2016\/02\/mon-empresarial-005-mapa-comerc-xina-002-1.png 650w, https:\/\/www.monempresarial.com\/wp-content\/uploads\/2016\/02\/mon-empresarial-005-mapa-comerc-xina-002-1-261x300.png 261w, https:\/\/www.monempresarial.com\/wp-content\/uploads\/2016\/02\/mon-empresarial-005-mapa-comerc-xina-002-1-261x300@2x.png 522w\" sizes=\"(max-width: 650px) 100vw, 650px\" \/><\/p>\n<p><span style=\"color: #829c92; font-weight: bold;\">Llegeix tamb\u00e9:\u00a0<\/span><a href=\"http:\/\/monempresarial.com\/2016\/03\/21\/nou-rumb-gegant-asiatic\/\" target=\"_blank\" rel=\"noopener noreferrer\">Nou rumb del gegant asi\u00e0tic?<\/a><\/p>\n","protected":false},"excerpt":{"rendered":"<p>Tal i com indica l\u2019Economic Outlook del passat novembre de l\u2019Organitzaci\u00f3 per a la Cooperaci\u00f3 i el Desenvolupament Econ\u00f2mic (OCDE), el 2015 el creixement global va situar-se al voltant del 3%, un percentatge inferior a la mitjana. Aix\u00ed, malgrat que la recuperaci\u00f3 econ\u00f2mica dels pa\u00efsos desenvolupats continua avan\u00e7ant, la inestabilitat de les economies dels mercats emergents est\u00e0 tenint un efecte tant significatiu en la conjuntura mundial que l\u2019organisme ha fet saltar l\u2019alarma sobre una possible nova recessi\u00f3.<\/p>\n","protected":false},"author":1,"featured_media":15883,"comment_status":"open","ping_status":"open","sticky":false,"template":"","format":"standard","meta":{"_mi_skip_tracking":false,"mc4wp_mailchimp_campaign":[],"jnews-multi-image_gallery":[],"jnews_single_post":[],"jnews_primary_category":[]},"categories":[10839,9,10815,10842,17],"tags":[2272,2273,433,2274,567,5699,708,5720,1244,5721,1400,1416,2168,2264,2265,2266,2268,2269,2270,2271],"_links":{"self":[{"href":"https:\/\/www.monempresarial.com\/ca\/wp-json\/wp\/v2\/posts\/8839"}],"collection":[{"href":"https:\/\/www.monempresarial.com\/ca\/wp-json\/wp\/v2\/posts"}],"about":[{"href":"https:\/\/www.monempresarial.com\/ca\/wp-json\/wp\/v2\/types\/post"}],"author":[{"embeddable":true,"href":"https:\/\/www.monempresarial.com\/ca\/wp-json\/wp\/v2\/users\/1"}],"replies":[{"embeddable":true,"href":"https:\/\/www.monempresarial.com\/ca\/wp-json\/wp\/v2\/comments?post=8839"}],"version-history":[{"count":1,"href":"https:\/\/www.monempresarial.com\/ca\/wp-json\/wp\/v2\/posts\/8839\/revisions"}],"predecessor-version":[{"id":47411,"href":"https:\/\/www.monempresarial.com\/ca\/wp-json\/wp\/v2\/posts\/8839\/revisions\/47411"}],"wp:featuredmedia":[{"embeddable":true,"href":"https:\/\/www.monempresarial.com\/ca\/wp-json\/wp\/v2\/media\/15883"}],"wp:attachment":[{"href":"https:\/\/www.monempresarial.com\/ca\/wp-json\/wp\/v2\/media?parent=8839"}],"wp:term":[{"taxonomy":"category","embeddable":true,"href":"https:\/\/www.monempresarial.com\/ca\/wp-json\/wp\/v2\/categories?post=8839"},{"taxonomy":"post_tag","embeddable":true,"href":"https:\/\/www.monempresarial.com\/ca\/wp-json\/wp\/v2\/tags?post=8839"}],"curies":[{"name":"wp","href":"https:\/\/api.w.org\/{rel}","templated":true}]}}