{"id":893,"date":"2014-05-12T08:00:50","date_gmt":"2014-05-12T06:00:50","guid":{"rendered":"http:\/\/monempresarial.com\/?p=893"},"modified":"2025-07-16T12:55:16","modified_gmt":"2025-07-16T10:55:16","slug":"les-pimes-diuen-prou","status":"publish","type":"post","link":"https:\/\/www.monempresarial.com\/ca\/2014\/05\/12\/les-pimes-diuen-prou\/","title":{"rendered":"Les <em>pimes<\/em> diuen prou"},"content":{"rendered":"<h5>M\u00e9s de 1.400 empresaris i aut\u00f2noms es van reunir el passat 19 de mar\u00e7 al Palau de Congressos de Barcelona en un acte reivindicatiu convocat per la patronal de la petita i la mitjana empresa, Pimec, on les <em>pimes<\/em> van reclamar als governs auton\u00f2mic i central pol\u00edtiques en mat\u00e8ria fiscal i econ\u00f2mica m\u00e9s sensibles amb aquest col\u00b7lectiu.<\/h5>\n<p style=\"text-align: right;\">Emma Bouisset<\/p>\n<p><figure id=\"attachment_894\" aria-describedby=\"caption-attachment-894\" style=\"width: 600px\" class=\"wp-caption aligncenter\"><img decoding=\"async\" loading=\"lazy\" src=\"http:\/\/monempresarial.com\/wp-content\/uploads\/2014\/05\/monempresarial-153-pimes-diuen-prou.png\"  title=\"Pimec va reclamar als poders p\u00fablics que \u201cpensin primer en petit\u201d alt=\"Pimec va reclamar als poders p\u00fablics que \u201cpensin primer en petit\u201d, tal com exigeix l\u2019Small Business Act de la Comissi\u00f3 Europea\" width=\"600\" height=\"372\" class=\"size-full wp-image-894\" srcset=\"https:\/\/www.monempresarial.com\/wp-content\/uploads\/2014\/05\/monempresarial-153-pimes-diuen-prou-300x186@2x.png 600w, https:\/\/www.monempresarial.com\/wp-content\/uploads\/2014\/05\/monempresarial-153-pimes-diuen-prou-300x186.png 300w\" sizes=\"(max-width: 600px) 100vw, 600px\" \/><figcaption id=\"caption-attachment-894\" class=\"wp-caption-text\">Pimec va reclamar als poders p\u00fablics que \u201cpensin primer en petit\u201d, tal com exigeix l\u2019Small Business Act de la Comissi\u00f3 Europea.&nbsp;&nbsp;&nbsp;&nbsp;&nbsp;\/&nbsp;CEDIDA.<\/figcaption><\/figure><br \/>\nEncara que, des que va comen\u00e7ar la crisi, els pol\u00edtics no han parat d\u2019afirmar que pensen en petit, la realitat \u00e9s que, segons la patronal de la petita i mitjana empresa de Catalunya, Pimec, en els darrers anys les <em>pimes<\/em> han estat \u201cel segment de l\u2019economia que m\u00e9s ha patit i est\u00e0 patint la crisi\u201d (les dades recollides per l\u2019organitzaci\u00f3 empresarial en comptabilitzen el tancament de m\u00e9s de 65.000 des del 2007). Per aix\u00f2, cinc anys despr\u00e9s d\u2019haver organitzat una visita al Congr\u00e9s dels Diputats de Madrid on m\u00e9s de 400 presidents d\u2019associacions van reclamar mesures favorables a les <em>pimes<\/em> \u2013i que, recordem-ho, va aconseguir endegar, entre d\u2019altres, la gestaci\u00f3 de la Llei de lluita contra la morositat-, ara els m\u00e9s petits han tornat a tenir la necessitat de fer sentir la seva veu. Aix\u00ed, sota el lema: \u201cDiguem prou\u201d, Pimec va aconseguir reunir, el passat 19 de mar\u00e7 al Palau de Congressos de Barcelona, m\u00e9s de 1.400 empresaris i aut\u00f2noms (i 220 gremis i associacions) en una trobada reivindicativa que va servir per manifestar el malestar del teixit empresarial de <em>pimes<\/em> i aut\u00f2noms davant de, en paraules del president de la patronal catalana, Josep Gonz\u00e1lez, \u201cla manca de sensibilitat\u201d que reiteradament mostren els poders p\u00fablics envers les necessitats d\u2019aquest col\u00b7lectiu productiu amb l\u2019aprovaci\u00f3 de mesures \u2013sobretot en mat\u00e8ria econ\u00f2mica i fiscal- que no nom\u00e9s alenteixen \u201cla sortida de la crisi\u201d sin\u00f3 que tamb\u00e9 \u201cimpedeixen generar ocupaci\u00f3\u201d.<br \/>\nEn aquest sentit, el president de Pimec, va esmentar com a principals dificultats amb les quals s\u2019han trobat les <em>pimes<\/em> darrerament \u201cels augments en els costos de la Seguretat Social a causa de la supressi\u00f3 de bonificacions i les pujades de les cotitzacions\u201d \u2013potser la gota que ha fet vessar el got- aix\u00ed com per \u201cles pol\u00edtiques err\u00e0tiques i els augments dels preus de l\u2019energia\u201d, \u201cla penalitzaci\u00f3 de l\u2019autoconsum\u201d o \u201cla creixent pressi\u00f3 fiscal\u201d.<\/p>\n<blockquote>\n<h2>La den\u00fancia de la corrupci\u00f3 pol\u00edtica i del tracte de favor a bancs i grans empreses per part dels poders p\u00fablics van ser dos dels clams m\u00e9s aplaudits<\/h2>\n<\/blockquote>\n<p>Durant aquests anys de crisi, a m\u00e9s, el greuge encara s\u2019ha fet m\u00e9s pal\u00e8s en comparaci\u00f3, segons Gonz\u00e1lez, amb l\u2019inter\u00e8s que s\u00ed que professa el sistema quan es tracta de respondre a les peticions dels grans lobbies i les elits. Des de la patronal catalana van esmentar la manca de cr\u00e8dit i el seu elevat cost, que ofega les <em>pimes<\/em> amb uns tipus d\u2019inter\u00e8s un 50% per sobre dels que paguen les grans empreses espanyoles\u201d, com a exemple. Un altre greuge denunciat pel president de Pimec: l\u2019allargament dels terminis de pagament als subcontractistes que practiquen grans empreses de l\u2019IBEX 35 com a via de finan\u00e7ament amb total impunitat. \u201c\u00c9s vergony\u00f3s\u201d, va declarar Gonz\u00e1lez.<\/p>\n<p><strong>Cloenda amb crits d\u2019independ\u00e8ncia<\/strong><br \/>\nDurant l\u2019acte, a banda de presentar aquests i altres greuges que, dividit s en nou apartats (emprenedoria, cr\u00e8dit i finan\u00e7ament, fiscalitat, laboral, energia, formaci\u00f3 i ocupaci\u00f3, internacionalit zaci\u00f3, inf raestructures i gesti\u00f3 p\u00fablica), conformen el Manifest de posicionament de les <em>pimes<\/em> i dels aut\u00f2noms que en les properes setmanes Pimec far\u00e0 arribar al Govern central i al de la Generalitat per iniciar una ronda de reunions i demanar \u201cmesures de correcci\u00f3\u201d, segons va explicar Gonz\u00e1lez, tamb\u00e9 es van sentir crits a favor de la independ\u00e8ncia i d\u2019incitaci\u00f3 a passar a l\u2019acci\u00f3. Respecte a aix\u00f2, el president de Pimec va declarar que \u201clamentava\u201d aquest fet i que \u201ces barregin coses\u201d, ja que la intenci\u00f3 d\u2019aquesta trobada era purament empresarial i amb l\u2019objectiu de representar tant el sentiment del teixit empresarial catal\u00e0 com el de la resta de l\u2019Estat espanyol. En canvi, s\u00ed hi va haver unanimitat en tot l\u2019auditori a l\u2019hora de dir prou \u201ca la p\u00e8rdua del patrimoni personal i familiar dels empresaris mentre els bancs recuperen els seus deutes i reben generosos rescats p\u00fablics\u201d. La petici\u00f3 de posar fi a la impunitat pol\u00edtica i judicial de les pr\u00e0ctiques delictives relacionades amb la corrupci\u00f3 pol\u00edtica i la malversaci\u00f3 de cabdals p\u00fablics tamb\u00e9 va ser llargament aplaudida.<\/p>\n<div>\n<table width=\"500\" cellpadding=\"5\" bgcolor=\"#8FBC8F\">\n<tbody>\n<tr>\n<th colspan=\"3\" bgcolor=\"#548B54\">&nbsp;&nbsp;&nbsp;<span style=\"color: #ffffff;\"><strong>Rebuig a l\u2019Informe Lagares<\/strong><\/span><\/th>\n<\/tr>\n<tr>\n<td width=\"2\"><\/td>\n<td valign=\"top\" width=\"496\">A difer\u00e8ncia de la resta de patronals, Pimec ha valorat negativament les propostes de reforma fiscal emeses pel Comit\u00e8 d\u2019Experts sota la presid\u00e8ncia del catedr\u00e0tic Manuel Lagares, que va nomenar el Consell de Ministres, i que proposen simplificar l\u2019estructura de tributs com l\u2019IRPF o l\u2019impost de societats, recentralitzar compet\u00e8ncies fiscals i atorgar un major pes a la imposici\u00f3 indirecta davant la directa. Segons el president de la Comissi\u00f3 Economicofiscal de Pimec, Joan M. Gimeno, amb aquestes mesures \u201caugmentaria la pressi\u00f3 fiscal sobre <em>pimes<\/em> i aut\u00f2noms a causa de l\u2019eliminaci\u00f3 de certes exempcions, de la supressi\u00f3 de les reduccions per rendiments nets d\u2019activitats econ\u00f2miques a l\u2019IRPF, de la rebaixa de les amort it zacions f iscalment dedu\u00efbles i de la fi dels avantatges en l\u2019impost de societats per a les empreses de redu\u00efda dimensi\u00f3\u201d. La pujada proposada de l\u2019IVA, a m\u00e9s, \u201cafectaria el baix consum que ja patim\u201d, afirma la patronal, per a qui \u201cnom\u00e9s es podria considerar un augment si es compens\u00e9s amb una ambiciosa rebaixa dels impostos directes i les retencions, una reforma del sistema d\u2019exempcions i un R\u00e8gim del Criteri de Caixa efica\u00e7, a difer\u00e8ncia de l\u2019actual\u201d.<\/td>\n<td width=\"2\"><\/td>\n<\/tr>\n<\/tbody>\n<\/table>\n<\/div>\n","protected":false},"excerpt":{"rendered":"<p>M\u00e9s de 1.400 empresaris i aut\u00f2noms es van reunir el passat 19 de mar\u00e7 al Palau de Congressos de Barcelona en un acte reivindicatiu convocat per la patronal de la petita i la mitjana empresa, Pimec, on les <em>pimes<\/em> van reclamar als governs auton\u00f2mic i central pol\u00edtiques en mat\u00e8ria fiscal i econ\u00f2mica m\u00e9s sensibles amb aquest col\u00b7lectiu.<\/p>\n","protected":false},"author":1,"featured_media":894,"comment_status":"closed","ping_status":"open","sticky":false,"template":"","format":"standard","meta":{"_mi_skip_tracking":false,"mc4wp_mailchimp_campaign":[],"jnews-multi-image_gallery":[],"jnews_single_post":[],"jnews_primary_category":[]},"categories":[10828,10],"tags":[],"_links":{"self":[{"href":"https:\/\/www.monempresarial.com\/ca\/wp-json\/wp\/v2\/posts\/893"}],"collection":[{"href":"https:\/\/www.monempresarial.com\/ca\/wp-json\/wp\/v2\/posts"}],"about":[{"href":"https:\/\/www.monempresarial.com\/ca\/wp-json\/wp\/v2\/types\/post"}],"author":[{"embeddable":true,"href":"https:\/\/www.monempresarial.com\/ca\/wp-json\/wp\/v2\/users\/1"}],"replies":[{"embeddable":true,"href":"https:\/\/www.monempresarial.com\/ca\/wp-json\/wp\/v2\/comments?post=893"}],"version-history":[{"count":1,"href":"https:\/\/www.monempresarial.com\/ca\/wp-json\/wp\/v2\/posts\/893\/revisions"}],"predecessor-version":[{"id":46529,"href":"https:\/\/www.monempresarial.com\/ca\/wp-json\/wp\/v2\/posts\/893\/revisions\/46529"}],"wp:featuredmedia":[{"embeddable":true,"href":"https:\/\/www.monempresarial.com\/ca\/wp-json\/wp\/v2\/media\/894"}],"wp:attachment":[{"href":"https:\/\/www.monempresarial.com\/ca\/wp-json\/wp\/v2\/media?parent=893"}],"wp:term":[{"taxonomy":"category","embeddable":true,"href":"https:\/\/www.monempresarial.com\/ca\/wp-json\/wp\/v2\/categories?post=893"},{"taxonomy":"post_tag","embeddable":true,"href":"https:\/\/www.monempresarial.com\/ca\/wp-json\/wp\/v2\/tags?post=893"}],"curies":[{"name":"wp","href":"https:\/\/api.w.org\/{rel}","templated":true}]}}