{"id":9004,"date":"2016-03-30T08:30:53","date_gmt":"2016-03-30T06:30:53","guid":{"rendered":"http:\/\/monempresarial.com\/?p=9004"},"modified":"2025-06-06T10:44:23","modified_gmt":"2025-06-06T08:44:23","slug":"com-haurien-financar-partits-politics","status":"publish","type":"post","link":"https:\/\/www.monempresarial.com\/ca\/2016\/03\/30\/com-haurien-financar-partits-politics\/","title":{"rendered":"Com s\u2019haurien de finan\u00e7ar els partits pol\u00edtics?"},"content":{"rendered":"<h4>Est\u00e0 suficientment regulada la proced\u00e8ncia dels seus ingressos?<\/h4>\n<h4>Coordinaci\u00f3: <a style=\"color: #ae0f09;\" href=\"http:\/\/monempresarial.com\/author\/acosialls\/\">Andrea Cosialls<\/a>\u00a0\u00a0\u00a0Fotos: <span style=\"color: #ae0f09;\">Cedides<\/span><\/h4>\n<hr style=\"color: #b72126;\" \/>\n<div style=\"background-color: #ae0f09; text-align: center;\"><span style=\"color: #ffffff; font-weight: bold; font-size: 20px;\">Junts pel S\u00ed<\/span><\/div>\n<p><img decoding=\"async\" loading=\"lazy\" class=\"alignleft size-full wp-image-9012\" src=\"http:\/\/monempresarial.com\/wp-content\/uploads\/2016\/02\/mon-empresarial-005-marta-rovira.png\" alt=\"mon-empresarial-005-marta-rovira\" width=\"250\" height=\"391\" srcset=\"https:\/\/www.monempresarial.com\/wp-content\/uploads\/2016\/02\/mon-empresarial-005-marta-rovira.png 250w, https:\/\/www.monempresarial.com\/wp-content\/uploads\/2016\/02\/mon-empresarial-005-marta-rovira-192x300.png 192w\" sizes=\"(max-width: 250px) 100vw, 250px\" \/>El finan\u00e7ament p\u00fablic ha de ser transparent i suficient per tal que els partits compleixin amb la seva funci\u00f3, mentre que el privat ha de ser prou limitat, nominal i transparent com per evitar condicionar de manera inadequada els posicionaments dels partits. Cal eliminar les donacions an\u00f2nimes a les fundacions dels partits. Junts pel S\u00ed es compromet a elaborar una llei catalana de finan\u00e7ament dels partits i fundacions.<\/p>\n<hr style=\"color: #b72126;\" \/>\n<p>&nbsp;<\/p>\n<div style=\"background-color: #ae0f09; text-align: center;\"><span style=\"color: #ffffff; font-weight: bold; font-size: 20px;\">Ciutadans<\/span><\/div>\n<p><img decoding=\"async\" loading=\"lazy\" class=\"alignleft size-full wp-image-9008\" src=\"http:\/\/monempresarial.com\/wp-content\/uploads\/2016\/02\/mon-empresarial-005-ines-arrimades.png\" alt=\"mon-empresarial-005-ines-arrimades\" width=\"250\" height=\"395\" srcset=\"https:\/\/www.monempresarial.com\/wp-content\/uploads\/2016\/02\/mon-empresarial-005-ines-arrimades.png 250w, https:\/\/www.monempresarial.com\/wp-content\/uploads\/2016\/02\/mon-empresarial-005-ines-arrimades-190x300.png 190w\" sizes=\"(max-width: 250px) 100vw, 250px\" \/>Ha de ser un exemple de transpar\u00e8ncia i accessibilitat, que reculli les quotes dels afiliats, les aportacions dels ciutadans i el corresponent finan\u00e7ament segons la representativitat p\u00fablica. Ciutadans porta anys proposant millores que s&#8217;han aprovat recentment, per\u00f2 queda molt cam\u00ed per rec\u00f3rrer en l\u2019\u00e0mbit de les fundacions dels partits.<\/p>\n<hr style=\"color: #b72126;\" \/>\n<p>&nbsp;<\/p>\n<div style=\"background-color: #ae0f09; text-align: center;\"><span style=\"color: #ffffff; font-weight: bold; font-size: 20px;\">PSC<\/span><\/div>\n<p><img decoding=\"async\" loading=\"lazy\" class=\"alignleft size-full wp-image-9014\" src=\"http:\/\/monempresarial.com\/wp-content\/uploads\/2016\/02\/mon-empresarial-005-miquel-iceta.png\" alt=\"mon-empresarial-005-miquel-iceta\" width=\"250\" height=\"395\" srcset=\"https:\/\/www.monempresarial.com\/wp-content\/uploads\/2016\/02\/mon-empresarial-005-miquel-iceta.png 250w, https:\/\/www.monempresarial.com\/wp-content\/uploads\/2016\/02\/mon-empresarial-005-miquel-iceta-190x300.png 190w\" sizes=\"(max-width: 250px) 100vw, 250px\" \/>Des del PSC rebutgem la pres\u00e8ncia abusiva dels diners privats a la pol\u00edtica. Volem limitar les donacions de particulars a 1.000 euros l\u2019any i aplicar un major control, per considerar qualsevol aportaci\u00f3 fora del marc legalment previst un delicte de finan\u00e7ament il\u00b7legal de partit.<\/p>\n<hr style=\"color: #b72126;\" \/>\n<p>&nbsp;<\/p>\n<div style=\"background-color: #ae0f09; text-align: center;\"><span style=\"color: #ffffff; font-weight: bold; font-size: 20px;\">Catalunya S\u00ed que es Pot<\/span><\/div>\n<p><img decoding=\"async\" loading=\"lazy\" class=\"alignleft size-full wp-image-9010\" src=\"http:\/\/monempresarial.com\/wp-content\/uploads\/2016\/02\/mon-empresarial-005-lluis-rabell.png\" alt=\"mon-empresarial-005-lluis-rabell\" width=\"250\" height=\"395\" srcset=\"https:\/\/www.monempresarial.com\/wp-content\/uploads\/2016\/02\/mon-empresarial-005-lluis-rabell.png 250w, https:\/\/www.monempresarial.com\/wp-content\/uploads\/2016\/02\/mon-empresarial-005-lluis-rabell-190x300.png 190w\" sizes=\"(max-width: 250px) 100vw, 250px\" \/>Hi ha dispositius que vetllen per la transpar\u00e8ncia en el finan\u00e7ament dels partits, per\u00f2 resulten manifestament insuficients. CSQEP propugna una reforma d&#8217;\u00e0mbit estatal que constrenyi les fundacions vinculades a les formacions pol\u00edtiques a les mateixes limitacions i obligacions de transpar\u00e8ncia.<\/p>\n<hr style=\"color: #b72126;\" \/>\n<p>&nbsp;<\/p>\n<div style=\"background-color: #ae0f09; text-align: center;\"><span style=\"color: #ffffff; font-weight: bold; font-size: 20px;\">PPC<\/span><\/div>\n<p><img decoding=\"async\" loading=\"lazy\" class=\"alignleft size-full wp-image-9018\" src=\"http:\/\/monempresarial.com\/wp-content\/uploads\/2016\/02\/mon-empresarial-005-xaiver-garcia-albiol.png\" alt=\"mon-empresarial-005-xaiver-garcia-albiol\" width=\"250\" height=\"395\" srcset=\"https:\/\/www.monempresarial.com\/wp-content\/uploads\/2016\/02\/mon-empresarial-005-xaiver-garcia-albiol.png 250w, https:\/\/www.monempresarial.com\/wp-content\/uploads\/2016\/02\/mon-empresarial-005-xaiver-garcia-albiol-190x300.png 190w\" sizes=\"(max-width: 250px) 100vw, 250px\" \/>Les reformes del Govern del Partit Popular combinen transpar\u00e8ncia en els ingressos i les despeses amb la prohibici\u00f3 de les donacions de contractistes p\u00fablics i entitats financeres, i la rendici\u00f3 de comptes dels partits davant el Parlament. \u00c9s un nou model plenament adaptat al nostre entorn europeu.<\/p>\n<hr style=\"color: #b72126;\" \/>\n<p>&nbsp;<\/p>\n<div style=\"background-color: #ae0f09; text-align: center;\"><span style=\"color: #ffffff; font-weight: bold; font-size: 20px;\">CUP<\/span><\/div>\n<p><img decoding=\"async\" loading=\"lazy\" class=\"alignleft size-full wp-image-9016\" src=\"http:\/\/monempresarial.com\/wp-content\/uploads\/2016\/02\/mon-empresarial-005-quim-arrufat.png\" alt=\"mon-empresarial-005-quim-arrufat\" width=\"250\" height=\"395\" srcset=\"https:\/\/www.monempresarial.com\/wp-content\/uploads\/2016\/02\/mon-empresarial-005-quim-arrufat.png 250w, https:\/\/www.monempresarial.com\/wp-content\/uploads\/2016\/02\/mon-empresarial-005-quim-arrufat-190x300.png 190w\" sizes=\"(max-width: 250px) 100vw, 250px\" \/>La llei i els controls p\u00fablics s\u00f3n cada cop m\u00e9s estrictes amb els donatius privats als partits, per\u00f2 no tant amb les seves fundacions, que continuen rebent importants sumes d&#8217;interessos privats. La limitaci\u00f3 en la quantitat i publicitat de l&#8217;origen hauria de ser molt m\u00e9s estricta. Tamb\u00e9 cal regular les portes girat\u00f2ries dels pol\u00edtics. De qui i en concepte de qu\u00e8 cobren els pol\u00edtics abans, durant i despr\u00e9s d&#8217;exercir el c\u00e0rrec?<\/p>\n","protected":false},"excerpt":{"rendered":"<p>Est\u00e0 suficientment regulada la proced\u00e8ncia dels seus ingressos?<\/p>\n","protected":false},"author":1,"featured_media":9006,"comment_status":"open","ping_status":"open","sticky":false,"template":"","format":"standard","meta":{"_mi_skip_tracking":false,"mc4wp_mailchimp_campaign":[],"jnews-multi-image_gallery":[],"jnews_single_post":[],"jnews_primary_category":[]},"categories":[10822,9,10820,10821,25],"tags":[680,1560,2210,2451,2452,2453,2454,2455,2456,2457,2458,115,376,677,679],"_links":{"self":[{"href":"https:\/\/www.monempresarial.com\/ca\/wp-json\/wp\/v2\/posts\/9004"}],"collection":[{"href":"https:\/\/www.monempresarial.com\/ca\/wp-json\/wp\/v2\/posts"}],"about":[{"href":"https:\/\/www.monempresarial.com\/ca\/wp-json\/wp\/v2\/types\/post"}],"author":[{"embeddable":true,"href":"https:\/\/www.monempresarial.com\/ca\/wp-json\/wp\/v2\/users\/1"}],"replies":[{"embeddable":true,"href":"https:\/\/www.monempresarial.com\/ca\/wp-json\/wp\/v2\/comments?post=9004"}],"version-history":[{"count":1,"href":"https:\/\/www.monempresarial.com\/ca\/wp-json\/wp\/v2\/posts\/9004\/revisions"}],"predecessor-version":[{"id":46283,"href":"https:\/\/www.monempresarial.com\/ca\/wp-json\/wp\/v2\/posts\/9004\/revisions\/46283"}],"wp:featuredmedia":[{"embeddable":true,"href":"https:\/\/www.monempresarial.com\/ca\/wp-json\/wp\/v2\/media\/9006"}],"wp:attachment":[{"href":"https:\/\/www.monempresarial.com\/ca\/wp-json\/wp\/v2\/media?parent=9004"}],"wp:term":[{"taxonomy":"category","embeddable":true,"href":"https:\/\/www.monempresarial.com\/ca\/wp-json\/wp\/v2\/categories?post=9004"},{"taxonomy":"post_tag","embeddable":true,"href":"https:\/\/www.monempresarial.com\/ca\/wp-json\/wp\/v2\/tags?post=9004"}],"curies":[{"name":"wp","href":"https:\/\/api.w.org\/{rel}","templated":true}]}}