{"id":9205,"date":"2016-04-20T08:30:19","date_gmt":"2016-04-20T06:30:19","guid":{"rendered":"http:\/\/monempresarial.com\/?p=9205"},"modified":"2025-09-24T10:17:00","modified_gmt":"2025-09-24T08:17:00","slug":"convertir-coneixement-en-riquesa","status":"publish","type":"post","link":"https:\/\/www.monempresarial.com\/ca\/2016\/04\/20\/convertir-coneixement-en-riquesa\/","title":{"rendered":"Convertir el coneixementen riquesa"},"content":{"rendered":"<h4>Lluny del m\u00f3n educatiu, la formaci\u00f3 tamb\u00e9 \u00e9s fonamental per a les companyies i els seus empleats, doncs \u00e9s precisament a trav\u00e9s de la innovaci\u00f3 que es guanya en competitivitat. Ara b\u00e9, quina import\u00e0ncia li donen a aquest aspecte les empreses amb seu a Catalunya? Gr\u00e0cies a una enquesta portada a terme amb la col\u00b7laboraci\u00f3 d\u2019Aedipe Catalunya i els seus socis, directius dels departaments de Recursos Humans de diverses organitzacions ens ofereixen una visi\u00f3 global del tema. Els resultats, a continuaci\u00f3.<\/h4>\n<p>&nbsp; <\/p>\n<hr style=\"color: #b72126; size=\"20\"\" \/>\n<img decoding=\"async\" loading=\"lazy\" src=\"http:\/\/monempresarial.com\/wp-content\/uploads\/2016\/03\/mon-empresarial-005-enquesta-aedipe-1.png\" alt=\"mon-empresarial-005-enquesta-aedipe-1\" width=\"700\" height=\"647\" class=\"aligncenter size-full wp-image-9206\" srcset=\"https:\/\/www.monempresarial.com\/wp-content\/uploads\/2016\/03\/mon-empresarial-005-enquesta-aedipe-1.png 700w, https:\/\/www.monempresarial.com\/wp-content\/uploads\/2016\/03\/mon-empresarial-005-enquesta-aedipe-1-300x277.png 300w, https:\/\/www.monempresarial.com\/wp-content\/uploads\/2016\/03\/mon-empresarial-005-enquesta-aedipe-1-300x277@2x.png 600w\" sizes=\"(max-width: 700px) 100vw, 700px\" \/><\/p>\n<hr style=\"color: #b72126; size=\"20\"\" \/>\n<img decoding=\"async\" loading=\"lazy\" src=\"http:\/\/monempresarial.com\/wp-content\/uploads\/2016\/03\/mon-empresarial-005-enquesta-aedipe-2.png\" alt=\"mon-empresarial-005-enquesta-aedipe-2\" width=\"700\" height=\"849\" class=\"aligncenter size-full wp-image-9208\" srcset=\"https:\/\/www.monempresarial.com\/wp-content\/uploads\/2016\/03\/mon-empresarial-005-enquesta-aedipe-2.png 700w, https:\/\/www.monempresarial.com\/wp-content\/uploads\/2016\/03\/mon-empresarial-005-enquesta-aedipe-2-247x300.png 247w, https:\/\/www.monempresarial.com\/wp-content\/uploads\/2016\/03\/mon-empresarial-005-enquesta-aedipe-2-247x300@2x.png 494w\" sizes=\"(max-width: 700px) 100vw, 700px\" \/><\/p>\n","protected":false},"excerpt":{"rendered":"<p>Lluny del m\u00f3n educatiu, la formaci\u00f3 tamb\u00e9 \u00e9s fonamental per a les companyies i els seus empleats, doncs \u00e9s precisament a trav\u00e9s de la innovaci\u00f3 que es guanya en competitivitat. Ara b\u00e9, quina import\u00e0ncia li donen a aquest aspecte les empreses amb seu a Catalunya? Gr\u00e0cies a una enquesta portada a terme amb la col\u00b7laboraci\u00f3 d\u2019Aedipe Catalunya i els seus socis, directius dels departaments de Recursos Humans de diverses organitzacions ens ofereixen una visi\u00f3 global del tema. Els resultats, a continuaci\u00f3.<\/p>\n","protected":false},"author":1,"featured_media":9091,"comment_status":"open","ping_status":"open","sticky":false,"template":"","format":"standard","meta":{"_mi_skip_tracking":false,"mc4wp_mailchimp_campaign":[],"jnews-multi-image_gallery":[],"jnews_single_post":[],"jnews_primary_category":[]},"categories":[11],"tags":[853,2823,1146,2824,2605,2825,2810,5762,2811,2812,116,2813,180,2814,242,2815,251,2816,259,2817,274,2818,275,2819,281,2820,290,2821,435,2822],"_links":{"self":[{"href":"https:\/\/www.monempresarial.com\/ca\/wp-json\/wp\/v2\/posts\/9205"}],"collection":[{"href":"https:\/\/www.monempresarial.com\/ca\/wp-json\/wp\/v2\/posts"}],"about":[{"href":"https:\/\/www.monempresarial.com\/ca\/wp-json\/wp\/v2\/types\/post"}],"author":[{"embeddable":true,"href":"https:\/\/www.monempresarial.com\/ca\/wp-json\/wp\/v2\/users\/1"}],"replies":[{"embeddable":true,"href":"https:\/\/www.monempresarial.com\/ca\/wp-json\/wp\/v2\/comments?post=9205"}],"version-history":[{"count":1,"href":"https:\/\/www.monempresarial.com\/ca\/wp-json\/wp\/v2\/posts\/9205\/revisions"}],"predecessor-version":[{"id":47428,"href":"https:\/\/www.monempresarial.com\/ca\/wp-json\/wp\/v2\/posts\/9205\/revisions\/47428"}],"wp:featuredmedia":[{"embeddable":true,"href":"https:\/\/www.monempresarial.com\/ca\/wp-json\/wp\/v2\/media\/9091"}],"wp:attachment":[{"href":"https:\/\/www.monempresarial.com\/ca\/wp-json\/wp\/v2\/media?parent=9205"}],"wp:term":[{"taxonomy":"category","embeddable":true,"href":"https:\/\/www.monempresarial.com\/ca\/wp-json\/wp\/v2\/categories?post=9205"},{"taxonomy":"post_tag","embeddable":true,"href":"https:\/\/www.monempresarial.com\/ca\/wp-json\/wp\/v2\/tags?post=9205"}],"curies":[{"name":"wp","href":"https:\/\/api.w.org\/{rel}","templated":true}]}}