{"id":9227,"date":"2016-04-26T08:30:27","date_gmt":"2016-04-26T06:30:27","guid":{"rendered":"http:\/\/monempresarial.com\/?p=9227"},"modified":"2025-09-24T10:16:07","modified_gmt":"2025-09-24T08:16:07","slug":"design-thinking-innovar-pensant-en-les-persones","status":"publish","type":"post","link":"https:\/\/www.monempresarial.com\/ca\/2016\/04\/26\/design-thinking-innovar-pensant-en-les-persones\/","title":{"rendered":"Design Thinking innovar pensant en les persones"},"content":{"rendered":"<p><img decoding=\"async\" loading=\"lazy\" src=\"http:\/\/monempresarial.com\/wp-content\/uploads\/2016\/03\/mon-empresarial-005-maria-santolaria.png\" alt=\"mon-empresarial-005-maria-santolaria\" width=\"300\" height=\"310\" class=\"alignleft size-full wp-image-9238\" srcset=\"https:\/\/www.monempresarial.com\/wp-content\/uploads\/2016\/03\/mon-empresarial-005-maria-santolaria.png 300w, https:\/\/www.monempresarial.com\/wp-content\/uploads\/2016\/03\/mon-empresarial-005-maria-santolaria-290x300.png 290w\" sizes=\"(max-width: 300px) 100vw, 300px\" \/><\/p>\n<h4 style=\"color: #602D11;\">En un entorn empresarial altament competitiu, els problemes i reptes de les organitzacions s\u00f3n cada vegada m\u00e9s complexos i sovint no responen a models o patrons coneguts. Per aquest motiu, cal evolucionar la l\u00f2gica aplicada fins ara a les empreses incorporant noves eines i metodologies que facilitin la seva adaptaci\u00f3 a escenaris canviants i augmentin la seva capacitat innovadora.<\/h4>\n<p>&nbsp;<br \/>\n&nbsp;<br \/>\n&nbsp;<br \/>\n<span style=\"color: #663300; font-weight: bold; text-transform:uppercase;\">Maria Santolaria. <\/span><i>Head of Innovation<\/i> del Banc Sabadell. <\/p>\n<hr style=\"color: #b72126; size=\"20\"\" \/>\n&nbsp;<br \/>\n<span style=\"color: #636362; font-weight: bold; text-transform:uppercase;\">El <i>Design Thinking<\/i><\/span> \u00e9s una metodologia per fomentar la innovaci\u00f3 a les organitzacions. Amb eines i principis del disseny, aquest proc\u00e9s permet resoldre problemes amb un alt grau d&#8217;incertesa de manera creativa. L&#8217;objectiu final \u00e9s acabar dissenyant nous productes i serveis que resolguin necessitats reals de les persones, de forma tecnol\u00f2gicament factible i econ\u00f2micament viable. <\/p>\n<p>Podem diferenciar tres fases principals en el proc\u00e9s:<\/p>\n<p><span style=\"color: #602D11; font-weight: bold;\">1. Inspiraci\u00f3:<\/span> primer de tot cal empatitzar amb el context i les necessitats dels nostres usuaris o clients, actuals o potencials. \u00c9s el moment d\u2019entendre qu\u00e8 passa, a trav\u00e9s d\u2019estudis de mercat i tend\u00e8ncies, i per qu\u00e8 passa, observant els usuaris en el seu entorn. L\u2019objectiu d\u2019aquesta fase \u00e9s trobar necessitats latents de les persones que puguin derivar en potencials noves oportunitats de negoci. <\/p>\n<p><span style=\"color: #602D11; font-weight: bold;\">2. Ideaci\u00f3:<\/span> en aquesta segona fase s\u2019ha d\u2019aplicar el pensament divergent i generar el m\u00e0xim d\u2019idees possibles. \u00c9s el moment d&#8217;emprar t\u00e8cniques de creativitat i de treballar en equips multidisciplinaris per obtenir visions des de m\u00faltiples angles. L\u2019objectiu d\u2019aquesta fase \u00e9s crear nous conceptes que responguin a les oportunitats detectades a la fase anterior. <\/p>\n<p><span style=\"color: #602D11; font-weight: bold;\">3. Implementaci\u00f3:<\/span> finalment cal passar dels conceptes a productes o serveis. \u00c9s el moment de prototipar (amb menor o major fidelitat) per comunicar les solucions generades als nostres usuaris o clients i rebre el seu <i>feedback<\/i>. L\u2019objectiu d\u2019aquesta fase \u00e9s iterar el disseny de les solucions i millorar el producte final.<\/p>\n<p>Organitzacions de tot tipus, des de multinacionals a ONG, utilitzen el <i>Design Thinking<\/i> per dissenyar nous productes i serveis. Consultores de negoci tradicionals han adquirit estudis de disseny i innovaci\u00f3 per poder respondre a les demandes dels seus clients. Universitats i escoles de negoci tenen programes espec\u00edfics de formaci\u00f3 en <i>Design Thinking<\/i> per a executius.<\/p>\n<hr style=\"color: #b72126; size=\"20\"\" \/>\n<h4>En resum, el <i>Design Thinking<\/i> \u00e9s una metodologia que facilita la innovaci\u00f3 a les organitzacions, ajudant a passar d\u2019una l\u00f2gica empresarial amb processos lineals i anal\u00edtics, a una l\u00f2gica empresarial amb processos iteratius i creatius on l\u2019usuari est\u00e0 en tot moment al centre del proc\u00e9s.<\/h4>\n","protected":false},"excerpt":{"rendered":"<p>En un entorn empresarial altament competitiu, els problemes i reptes de les organitzacions s\u00f3n cada vegada m\u00e9s complexos i sovint no responen a models o patrons coneguts. Per aquest motiu, cal evolucionar la l\u00f2gica aplicada fins ara a les empreses incorporant noves eines i metodologies que facilitin la seva adaptaci\u00f3 a escenaris canviants i augmentin la seva capacitat innovadora.<\/p>\n","protected":false},"author":1,"featured_media":9234,"comment_status":"open","ping_status":"open","sticky":false,"template":"","format":"standard","meta":{"_mi_skip_tracking":false,"mc4wp_mailchimp_campaign":[],"jnews-multi-image_gallery":[],"jnews_single_post":[],"jnews_primary_category":[]},"categories":[11,37],"tags":[2924,2925,2926,2927,2928,2929,2930,2931,2932,2933,2934,2935,181,2936,2605,2922,2923],"_links":{"self":[{"href":"https:\/\/www.monempresarial.com\/ca\/wp-json\/wp\/v2\/posts\/9227"}],"collection":[{"href":"https:\/\/www.monempresarial.com\/ca\/wp-json\/wp\/v2\/posts"}],"about":[{"href":"https:\/\/www.monempresarial.com\/ca\/wp-json\/wp\/v2\/types\/post"}],"author":[{"embeddable":true,"href":"https:\/\/www.monempresarial.com\/ca\/wp-json\/wp\/v2\/users\/1"}],"replies":[{"embeddable":true,"href":"https:\/\/www.monempresarial.com\/ca\/wp-json\/wp\/v2\/comments?post=9227"}],"version-history":[{"count":1,"href":"https:\/\/www.monempresarial.com\/ca\/wp-json\/wp\/v2\/posts\/9227\/revisions"}],"predecessor-version":[{"id":47425,"href":"https:\/\/www.monempresarial.com\/ca\/wp-json\/wp\/v2\/posts\/9227\/revisions\/47425"}],"wp:featuredmedia":[{"embeddable":true,"href":"https:\/\/www.monempresarial.com\/ca\/wp-json\/wp\/v2\/media\/9234"}],"wp:attachment":[{"href":"https:\/\/www.monempresarial.com\/ca\/wp-json\/wp\/v2\/media?parent=9227"}],"wp:term":[{"taxonomy":"category","embeddable":true,"href":"https:\/\/www.monempresarial.com\/ca\/wp-json\/wp\/v2\/categories?post=9227"},{"taxonomy":"post_tag","embeddable":true,"href":"https:\/\/www.monempresarial.com\/ca\/wp-json\/wp\/v2\/tags?post=9227"}],"curies":[{"name":"wp","href":"https:\/\/api.w.org\/{rel}","templated":true}]}}