{"id":9260,"date":"2016-05-02T14:30:06","date_gmt":"2016-05-02T12:30:06","guid":{"rendered":"http:\/\/monempresarial.com\/?p=9260"},"modified":"2025-09-24T10:15:13","modified_gmt":"2025-09-24T08:15:13","slug":"pactes-parasocials-prevalen-estatuts-socials","status":"publish","type":"post","link":"https:\/\/www.monempresarial.com\/ca\/2016\/05\/02\/pactes-parasocials-prevalen-estatuts-socials\/","title":{"rendered":"Pactes parasocials que prevalen als estatuts socials"},"content":{"rendered":"<h4 style=\"color: #602D11;\">L\u2019Audi\u00e8ncia Provincial<img decoding=\"async\" loading=\"lazy\" src=\"http:\/\/monempresarial.com\/wp-content\/uploads\/2016\/03\/mon-empresarial-005-elisabet-planas.png\" alt=\"mon-empresarial-005-elisabet-planas\" width=\"300\" height=\"260\" class=\"alignleft size-full wp-image-9262\" \/> de Barcelona se suma a la de Madrid en recon\u00e8ixer la prevalen\u00e7a dels pactes parasocials, en alguns casos, quan aquells s\u00f3n signats per tots els socis.<\/h4>\n<p>&nbsp;<br \/>\n&nbsp;<br \/>\n&nbsp;<br \/>\n<span style=\"color: #663300; font-weight: bold; text-transform:uppercase;\">Elisabet Planas Pons. <\/span>Advocada i professora associada al Departament de Dret Mercantil de la UB. <\/p>\n<hr style=\"color: #b72126; size=\"20\"\" \/>\n&nbsp;<br \/>\n<span style=\"color: #636362; font-weight: bold; text-transform:uppercase;\">Com a acords celebrats de forma privada entre tots o alguns dels socis<\/span> d\u2019una societat de capital que pretenen concretar o modificar certs aspectes de la regulaci\u00f3 legal o estatut\u00e0ria de la societat de la qual participen, en les seves relacions internes, i, per tant, adoptats al marge dels estatuts socials, cal con\u00e8ixer respecte d\u2019aquests quina for\u00e7a poden tenir per valorar la utilitat de la seva adopci\u00f3 en alguns casos.<\/p>\n<p>La Sent\u00e8ncia del Tribunal Suprem de 6 de mar\u00e7 de 2009 va establir que aquests acords no eren oposables a la societat i que, per tant, no podien en cap cas al\u00b7legar-se per invalidar acords de Junta celebrats de conformitat amb el que estableixen els estatuts. No obstant, la Sent\u00e8ncia de l\u2019Audi\u00e8ncia Provincial de Barcelona (Secci\u00f3 15\u00aa) de 25 de juliol de 2013, sense apartar-se d\u2019aquesta doctrina jurisprudencial, ent\u00e9n que en certs casos aquesta ha d\u2019aplicar-se en sentit invers per salvaguardar la bona fe i l\u2019exercici dels drets conforme a aquesta.<\/p>\n<p>Aix\u00ed, l\u2019Audi\u00e8ncia (com ja ho havia fet la de Madrid en Sent\u00e8ncia de 16 de novembre de 2012) diu que tindran prevalen\u00e7a sobre el que estableixin els estatuts socials els pactes parasocials quan aquests hagin estat signats per tots els socis, els quals posteriorment en l\u2019\u00e0mbit societari actu\u00efn o acordin en aplicaci\u00f3 i compliment del mateix, no podent el soci signant impugnar l\u2019actuaci\u00f3 societ\u00e0ria basada en aquest acord per no complir aquesta actuaci\u00f3 amb els estatuts.<\/p>\n<hr style=\"color: #b72126; size=\"20\"\" \/>\n<h4>Aix\u00ed, en un \u00e0mbit societari plenament coincident amb el del pacte parasocial, integrats<img decoding=\"async\" loading=\"lazy\" src=\"http:\/\/monempresarial.com\/wp-content\/uploads\/2016\/03\/mon-empresarial-pactes-parasocials.png\" alt=\"mon-empresarial-pactes-parasocials\" width=\"215\" height=\"189\" class=\"alignright size-full wp-image-9267\" \/> l\u2019un i l\u2019altre exactament per les mateixes persones, no es pot interpretar el diferent contingut dels estatuts respecte del pacte com una decisi\u00f3 de privar-lo d\u2019efic\u00e0cia. I menys de deixar el seu compliment a l\u2019arbitri d\u2019un dels contractants, ja que el contrari suposaria un ab\u00fas de dret.<\/h4>\n","protected":false},"excerpt":{"rendered":"<p>L\u2019Audi\u00e8ncia Provincial de Barcelona se suma a la de Madrid en recon\u00e8ixer la prevalen\u00e7a dels pactes parasocials, en alguns casos, quan aquells s\u00f3n signats per tots els socis.<\/p>\n","protected":false},"author":1,"featured_media":9264,"comment_status":"open","ping_status":"open","sticky":false,"template":"","format":"standard","meta":{"_mi_skip_tracking":false,"mc4wp_mailchimp_campaign":[],"jnews-multi-image_gallery":[],"jnews_single_post":[],"jnews_primary_category":[]},"categories":[11,10817,37,10838,46],"tags":[763,3015,2106,3016,2521,3017,2605,3018,2936,3019,3004,3020,3005,3021,3006,3022,3007,3023,3008,3024,3009,5962,3010,10868,3011,3012,3013,703,3014],"_links":{"self":[{"href":"https:\/\/www.monempresarial.com\/ca\/wp-json\/wp\/v2\/posts\/9260"}],"collection":[{"href":"https:\/\/www.monempresarial.com\/ca\/wp-json\/wp\/v2\/posts"}],"about":[{"href":"https:\/\/www.monempresarial.com\/ca\/wp-json\/wp\/v2\/types\/post"}],"author":[{"embeddable":true,"href":"https:\/\/www.monempresarial.com\/ca\/wp-json\/wp\/v2\/users\/1"}],"replies":[{"embeddable":true,"href":"https:\/\/www.monempresarial.com\/ca\/wp-json\/wp\/v2\/comments?post=9260"}],"version-history":[{"count":1,"href":"https:\/\/www.monempresarial.com\/ca\/wp-json\/wp\/v2\/posts\/9260\/revisions"}],"predecessor-version":[{"id":47422,"href":"https:\/\/www.monempresarial.com\/ca\/wp-json\/wp\/v2\/posts\/9260\/revisions\/47422"}],"wp:featuredmedia":[{"embeddable":true,"href":"https:\/\/www.monempresarial.com\/ca\/wp-json\/wp\/v2\/media\/9264"}],"wp:attachment":[{"href":"https:\/\/www.monempresarial.com\/ca\/wp-json\/wp\/v2\/media?parent=9260"}],"wp:term":[{"taxonomy":"category","embeddable":true,"href":"https:\/\/www.monempresarial.com\/ca\/wp-json\/wp\/v2\/categories?post=9260"},{"taxonomy":"post_tag","embeddable":true,"href":"https:\/\/www.monempresarial.com\/ca\/wp-json\/wp\/v2\/tags?post=9260"}],"curies":[{"name":"wp","href":"https:\/\/api.w.org\/{rel}","templated":true}]}}