{"id":9475,"date":"2016-05-16T08:30:46","date_gmt":"2016-05-16T06:30:46","guid":{"rendered":"http:\/\/monempresarial.com\/?p=9475"},"modified":"2025-09-24T10:12:46","modified_gmt":"2025-09-24T08:12:46","slug":"biblioteca-empresarial-entrevista-miquel-puig","status":"publish","type":"post","link":"https:\/\/www.monempresarial.com\/ca\/2016\/05\/16\/biblioteca-empresarial-entrevista-miquel-puig\/","title":{"rendered":"Biblioteca Empresarial: Entrevista a Miquel Puig<\/span>"},"content":{"rendered":"<h4 style=\"color: #4C4C4E;\"><span style=\"color: #4C4C4E; font-weight: bold; text-transform:uppercase;\">Catalunya \u00e9s un pa\u00eds decent?<\/span><figure id=\"attachment_9481\" aria-describedby=\"caption-attachment-9481\" style=\"width: 224px\" class=\"wp-caption alignright\"><img decoding=\"async\" loading=\"lazy\" src=\"http:\/\/monempresarial.com\/wp-content\/uploads\/2016\/03\/mon-empresarial-005-miqul-puig.png\" alt=\"Miquel Puig.  Foto: Jordi Pareto. \" width=\"224\" height=\"182\" class=\"size-full wp-image-9481\" srcset=\"https:\/\/www.monempresarial.com\/wp-content\/uploads\/2016\/03\/mon-empresarial-005-miqul-puig.png 224w, https:\/\/www.monempresarial.com\/wp-content\/uploads\/2016\/03\/mon-empresarial-005-miqul-puig-72x60.png 72w, https:\/\/www.monempresarial.com\/wp-content\/uploads\/2016\/03\/mon-empresarial-005-miqul-puig-72x60@2x.png 144w\" sizes=\"(max-width: 224px) 100vw, 224px\" \/><figcaption id=\"caption-attachment-9481\" class=\"wp-caption-text\">Miquel Puig.<br \/>Foto: Jordi Pareto.<br \/><\/figcaption><\/figure> Segons Miquel Puig, la resposta \u00e9s m\u00e9s aviat negativa. Per\u00f2 la q\u00fcesti\u00f3 no queda aqu\u00ed. L\u2019economista ha volgut explicar en aquest assaig el per qu\u00e8 de la seva afirmaci\u00f3, basant-se en aspectes com el salari m\u00ednim interprofessional, la distribuci\u00f3 de la riquesa i la creaci\u00f3 de llocs de treball.<\/h4>\n<p>&nbsp;<br \/>\n&nbsp;<br \/>\n&nbsp;<br \/>\n&nbsp;<\/p>\n<hr style=\"color: #b72126; size=\"20\"\" \/>\n<span style=\"color: #4C4C4E; font-weight: bold;\">Per qu\u00e8 va decidir escriure sobre pa\u00efsos decents i indecents?<\/span><br \/>\nQuan parlo de pa\u00efsos decents em refereixo a pa\u00efsos que tenen una renda <i>per capita<\/i> que \u00e9s elevada i que est\u00e0 ben distribu\u00efda, i quan parlo de pa\u00efsos indecents, als que la tenen baixa i mal distribu\u00efda. Em sembla que \u00e9s una manera \u00fatil de classificar els pa\u00efsos. Fins fa poc ens fix\u00e0vem nom\u00e9s en la renda <i>per capita<\/i>, per\u00f2 ara sabem que la distribuci\u00f3 \u00e9s tant o m\u00e9s important.<\/p>\n<p><span style=\"color: #4C4C4E; font-weight: bold;\">Per qu\u00e8 afirma que Catalunya no \u00e9s un bon pa\u00eds? Posats a triar, en quins aspectes anem m\u00e9s fluixos?<\/span><br \/>\nEn relaci\u00f3 a Europa occidental, Catalunya t\u00e9 un PIB m\u00e9s aviat baix i molt mal distribu\u00eft. No \u00e9s cap fatalitat, sin\u00f3 fruit d&#8217;una opci\u00f3 en favor d&#8217;un model productiu de baixos salaris. Aquesta opci\u00f3 i la seva conseq\u00fc\u00e8ncia no em semblen pr\u00f2pies d&#8217;un bon pa\u00eds. Disposar d&#8217;un sistema productiu millor requereix moltes coses, entre elles, m\u00e9s productivitat i al seu torn m\u00e9s integritat i R+D.<\/p>\n<p><span style=\"color: #4C4C4E; font-weight: bold;\">Vost\u00e8 defineix Espanya com una \u201cm\u00e0quina de crear llocs de treball\u201d. Ara b\u00e9, com \u00e9s aix\u00f2 possible si la taxa d\u2019atur no baixa del 20% des del 2010?<\/span><br \/>\nEn els \u00faltims 20 o 30 anys, Espanya (i Catalunya) han creat molts m\u00e9s llocs de treball en termes relatius que qualsevol altre pa\u00eds d&#8217;Europa occidental. El problema \u00e9s que massa d&#8217;aquestes vacants s\u00f3n per a personal poc qualificat, quan tenim una de les taxes de graduaci\u00f3 universit\u00e0ria m\u00e9s altes del planeta. Si els llocs de treball no s&#8217;adeq\u00fcen a la formaci\u00f3 dels nostres joves el que tindrem ser\u00e0: immigraci\u00f3 (per ocupar-los), abandonament escolar prematur (d&#8217;adolescents temptats per guanyar diners r\u00e0pidament), sobrequalificaci\u00f3 (per part de graduats universitaris que no troben una feina adient) i, finalment, atur.<\/p>\n<blockquote>\n<h2 style=\"color: #828995;\">\u201cHi ha creaci\u00f3 de riquesa, per\u00f2 tamb\u00e9 una redistribuci\u00f3 en contra del contribuent\u201d<\/h2>\n<\/blockquote>\n<p><span style=\"color: #4C4C4E; font-weight: bold;\">Vost\u00e8 percep l\u2019augment del salari m\u00ednim com un requisit indispensable per protegir l\u2019estat del benestar. Per qu\u00e8 els mileuristes s\u00f3n un mal negoci per a la societat en general?<\/span><br \/>\nAl llarg de la seva vida, un mileurista, suposant que treballi ininterrompudament, pagar\u00e0 impostos equivalents a la meitat del seu cost en termes nom\u00e9s d&#8217;educaci\u00f3 p\u00fablica, sanitat p\u00fablica i suport a la depend\u00e8ncia p\u00fablica.<\/p>\n<p><span style=\"color: #4C4C4E; font-weight: bold;\">Ara b\u00e9, estem en situaci\u00f3 d\u2019apujar el salari m\u00ednim?<\/span><br \/>\nS\u00ed, per\u00f2 de manera progressiva i anunciada. El Regne Unit t\u00e9 un salari m\u00ednim que \u00e9s, en termes relatius, un 50% superior al nostre, i el govern acaba d&#8217;anunciar que l&#8217;apujar\u00e0 un 38% al llarg de la present legislatura. <\/p>\n<p><span style=\"color: #4C4C4E; font-weight: bold;\">Dues de les propostes estrella de les noves formacions pol\u00edtiques s\u00f3n la renda garantida ciutadana i el complement salarial garantit. Quina \u00e9s la seva opini\u00f3 sobre aquestes mesures?<\/span><br \/>\nLa renda garantida ciutadana \u00e9s una etiqueta molt ambigua. Si es tracta de garantir uns ingressos a la gent que no pot treballar, i aquests ingressos s\u00f3n prou baixos com per no generar immigraci\u00f3, em sembla una proposta pr\u00f2pia d&#8217;un pa\u00eds decent. Si es tracta de garantir uns ingressos suficients, fins i tot a la gent que pot treballar i sense demanar-los que s&#8217;esforcin a reciclar-se i a buscar feina, com \u00e9s el cas del projecte de llei presentat al Parlament catal\u00e0, em sembla una idea dolent\u00edssima. Pel que fa al complement salarial garantit, est\u00e0 b\u00e9 all\u00e0 on hi ha un salari m\u00ednim alt (com Su\u00e8cia o el Regne Unit), per\u00f2 no on el salari m\u00ednim \u00e9s molt baix (com la major part dels EUA), perqu\u00e8 no \u00e9s sin\u00f3 una subvenci\u00f3 des del contribuent al client dels serveis que presta el beneficiari. <\/p>\n<p><span style=\"color: #4C4C4E; font-weight: bold;\">Parli\u2019m de la contribuci\u00f3 del turisme i la hostaleria a Espanya. Com s\u2019explica que, tot i ser dels sectors que generen m\u00e9s riquesa al nostre pa\u00eds, aquells que s\u2019hi dediquen cobrin els sous m\u00e9s baixos?<\/span><br \/>\nQu\u00e8 significa generar riquesa? Aportaci\u00f3 al PIB? Certament, el turisme \u00e9s un gran component del nostre PIB. O aportaci\u00f3 al PIB <i>per capita<\/i>? Ja no est\u00e0 tan clar. Pensi que gaireb\u00e9 la totalitat dels llocs de treball creats pel turisme en el que va de segle s\u00f3n ocupats per immigrants. Com que aquests immigrants guanyen diners, augmenten el nostre PIB, per\u00f2 si resulta que no guanyen suficient com per pagar prou impostos i compensar la despesa d&#8217;estat del benestar que consumeixen, hi ha alg\u00fa altre que paga la festa: el contribuent. Hi ha una creaci\u00f3 de riquesa, sens dubte, per\u00f2 tamb\u00e9 una redistribuci\u00f3 de riquesa en contra del contribuent.<\/p>\n<p><span style=\"color: #4C4C4E; font-weight: bold;\">Per \u00faltim, quina lectura va fer dels resultats del seu partit, Democr\u00e0cia i Llibertat, a les darreres eleccions? Creu que el canvi de sigles no ha estat suficient perqu\u00e8 el centre catal\u00e0 deixi d\u2019estar associat als presumptes esc\u00e0ndols de corrupci\u00f3 de la fam\u00edlia Pujol?<\/span><br \/>\nEl que em sembla m\u00e9s significatiu dels resultats de la coalici\u00f3 no \u00e9s la p\u00e8rdua respecte de les anteriors legislatives (un 44%) sin\u00f3 el fet que l&#8217;enquesta a peu d&#8217;urna don\u00e9s uns resultats encara pitjors. Aix\u00f2 significa que a una part dels electors els feia vergonya manifestar aquest vot. Indubtablement, hi ha un problema d&#8217;associaci\u00f3 amb la corrupci\u00f3 que \u00e9s urgent esmenar. I \u00e9s que Catalunya nom\u00e9s podr\u00e0 tirar endavant, amb independ\u00e8ncia o sense ella, si disposa d&#8217;un partit de centre fort i prestigi\u00f3s.<\/p>\n<div style=\"background-color: #cc8215; text-align: center;\"><span style=\"color: #ffffff; font-weight: bold; font-size: 20px;\">De la teoria a la pr\u00e0ctica <\/span><\/div>\n<p>Doctor en Ci\u00e8ncies Econ\u00f2miques per la UB i actual director general del Consorci de Serveis Universitaris de Catalunya, Miquel Puig (Tarragona, 1954) va tornar a l\u2019arena pol\u00edtica com a n\u00famero cinc de la llista de Democr\u00e0cia i Llibertat (DL) a Barcelona a les darreres eleccions espanyoles. \u201cNo era ni un bon ni un mal moment, era el moment en qu\u00e8 se&#8217;m va oferir i considero que no podia dir que no\u201d, ell mateix afirma. Tot i que finalment s\u2019ha quedat a les portes d\u2019entrar al Congr\u00e9s, d\u2019experi\u00e8ncia al sector p\u00fablic no li\u2019n falta: durant els 90 va ocupar diversos c\u00e0rrecs a la Generalitat, i entre el 2000 i el 2002 va ser director general de la Corporaci\u00f3 Catalana de Mitjans Audiovisuals. Tamb\u00e9 se\u2019l coneix per publicar regularment articles en premsa, sobretot al diari <i>Ara<\/i>. <\/p>\n<p><img decoding=\"async\" loading=\"lazy\" src=\"http:\/\/monempresarial.com\/wp-content\/uploads\/2016\/03\/mon-empresarial-005-low-cost.png\" alt=\"mon-empresarial-005-low-cost\" width=\"224\" height=\"341\" class=\"alignleft size-full wp-image-9479\" srcset=\"https:\/\/www.monempresarial.com\/wp-content\/uploads\/2016\/03\/mon-empresarial-005-low-cost.png 224w, https:\/\/www.monempresarial.com\/wp-content\/uploads\/2016\/03\/mon-empresarial-005-low-cost-197x300.png 197w\" sizes=\"(max-width: 224px) 100vw, 224px\" \/><span style=\"color: #000000; font-weight: bold; text-transform:uppercase;\"><i>Un bon pa\u00eds no \u00e9s un pa\u00eds low cost. Una proposta contra la indec\u00e8ncia<\/i><\/span><br \/>\n<b>P\u00e0gines:<\/b> 277<br \/>\n<b>ISBN:<\/b> 978-84-297-7455-9<br \/>\n<b>Editorial:<\/b> Edicions 62 <\/p>\n","protected":false},"excerpt":{"rendered":"<p>Catalunya \u00e9s un pa\u00eds decent? Segons Miquel Puig, la resposta \u00e9s m\u00e9s aviat negativa. Per\u00f2 la q\u00fcesti\u00f3 no queda aqu\u00ed. L\u2019economista ha volgut explicar en aquest assaig el per qu\u00e8 de la seva afirmaci\u00f3, basant-se en aspectes com el salari m\u00ednim interprofessional, la distribuci\u00f3 de la riquesa i la creaci\u00f3 de llocs de treball.<\/p>\n","protected":false},"author":1,"featured_media":9477,"comment_status":"open","ping_status":"open","sticky":false,"template":"","format":"standard","meta":{"_mi_skip_tracking":false,"mc4wp_mailchimp_campaign":[],"jnews-multi-image_gallery":[],"jnews_single_post":[],"jnews_primary_category":[]},"categories":[11,38,10817,10838],"tags":[741,3255,1204,3256,1713,3257,2515,3258,2527,3259,2605,3260,3245,3261,3246,3262,3247,3263,3248,3264,3249,3265,3250,8610,116,3251,586,3252,635,3253,723,3254],"_links":{"self":[{"href":"https:\/\/www.monempresarial.com\/ca\/wp-json\/wp\/v2\/posts\/9475"}],"collection":[{"href":"https:\/\/www.monempresarial.com\/ca\/wp-json\/wp\/v2\/posts"}],"about":[{"href":"https:\/\/www.monempresarial.com\/ca\/wp-json\/wp\/v2\/types\/post"}],"author":[{"embeddable":true,"href":"https:\/\/www.monempresarial.com\/ca\/wp-json\/wp\/v2\/users\/1"}],"replies":[{"embeddable":true,"href":"https:\/\/www.monempresarial.com\/ca\/wp-json\/wp\/v2\/comments?post=9475"}],"version-history":[{"count":1,"href":"https:\/\/www.monempresarial.com\/ca\/wp-json\/wp\/v2\/posts\/9475\/revisions"}],"predecessor-version":[{"id":47414,"href":"https:\/\/www.monempresarial.com\/ca\/wp-json\/wp\/v2\/posts\/9475\/revisions\/47414"}],"wp:featuredmedia":[{"embeddable":true,"href":"https:\/\/www.monempresarial.com\/ca\/wp-json\/wp\/v2\/media\/9477"}],"wp:attachment":[{"href":"https:\/\/www.monempresarial.com\/ca\/wp-json\/wp\/v2\/media?parent=9475"}],"wp:term":[{"taxonomy":"category","embeddable":true,"href":"https:\/\/www.monempresarial.com\/ca\/wp-json\/wp\/v2\/categories?post=9475"},{"taxonomy":"post_tag","embeddable":true,"href":"https:\/\/www.monempresarial.com\/ca\/wp-json\/wp\/v2\/tags?post=9475"}],"curies":[{"name":"wp","href":"https:\/\/api.w.org\/{rel}","templated":true}]}}