{"id":953,"date":"2014-05-20T08:00:27","date_gmt":"2014-05-20T06:00:27","guid":{"rendered":"http:\/\/monempresarial.com\/?p=953"},"modified":"2015-01-19T19:45:09","modified_gmt":"2015-01-19T18:45:09","slug":"es-busca-el-jove-empresari-de-lany","status":"publish","type":"post","link":"https:\/\/www.monempresarial.com\/ca\/2014\/05\/20\/es-busca-el-jove-empresari-de-lany\/","title":{"rendered":"Es busca el jove empresari de l\u2019any"},"content":{"rendered":"<h5>La XXI edici\u00f3 del Premi Jove Empresari, que organitza l\u2019Associaci\u00f3 de Joves Empresaris de Catalunya (AIJEC), est\u00e0 en marxa i busca recon\u00e8ixer el treball, l\u2019esfor\u00e7 i la const\u00e0ncia dels joves empresaris catalans capa\u00e7os de generar llocs de treball i impulsar projectes empresarials. Fins al 28 d\u2019abril hi ha temps per presentar candidatures.<\/h5>\n<figure id=\"attachment_954\" aria-describedby=\"caption-attachment-954\" style=\"width: 600px\" class=\"wp-caption aligncenter\"><img decoding=\"async\" loading=\"lazy\" class=\"wp-image-954 size-full\" title=\"Premis AIJEC 2012\" src=\"http:\/\/monempresarial.com\/wp-content\/uploads\/2014\/05\/monempresarial-153-premi-aijec-2013.png\" alt=\"Premis AIJEC 2012\" width=\"600\" height=\"305\" srcset=\"https:\/\/www.monempresarial.com\/wp-content\/uploads\/2014\/05\/monempresarial-153-premi-aijec-2013.png 600w, https:\/\/www.monempresarial.com\/wp-content\/uploads\/2014\/05\/monempresarial-153-premi-aijec-2013-300x153.png 300w\" sizes=\"(max-width: 600px) 100vw, 600px\" \/><figcaption id=\"caption-attachment-954\" class=\"wp-caption-text\">Un cop m\u00e9s, l\u2019AIJEC busca recon\u00e8ixer el treball, l\u2019esfor\u00e7 i la const\u00e0ncia dels joves empresaris catalans.\u00a0\u00a0\u00a0\u00a0\u00a0\/\u00a0CEDIDA.<\/figcaption><\/figure>\n<p style=\"text-align: right;\">AIJEC<\/p>\n<p>Emprenedor d\u2019entre 18 i 40 anys, que desenvolupi la seva activitat empresarial a Catalunya i amb un negoci viable, amb valors i un futur prometedor. Aquest \u00e9s el perfil que l\u2019Associaci\u00f3 de Joves Empresaris de Catalunya (AIJEC) busca per coronar al millor jove empresari del 2013. Des de l\u2019AIJEC, i des de fa 21 edicions, es reconeix el treball, l\u2019esfor\u00e7 i la const\u00e0ncia dels joves empresaris catalans capa\u00e7os de generar llocs de treball i impulsar projectes empresarials. El Premi Jove Empresari reconeix aquell emprenedor que hagi fet cr\u00e9ixer i hagi consolidat la seva idea inicial en forma de negoci, aix\u00ed com l\u2019esperit emprenedor i la traject\u00f2ria personal del promotor, la visi\u00f3 internacional i els reptes i perspectives de futur.<br \/>\nA aquest premi se li sumen el guard\u00f3 a la Millor Iniciativa Empresarial, pel project e amb una idea de negoci m\u00e9s creativa i innovadora, i tres reconeixements m\u00e9s: el Reconeixement a la Millor Traject\u00f2ria Empresarial, per a un empresari catal\u00e0 amb experi\u00e8ncia i un projecte empresarial consolidat; el Reconeixement a la Qualitat Ling\u00fc\u00edstica Empresarial, per un foment positiu de l\u2019\u00fas de la llengua catalana a l\u2019empresa, i el Reconeixement al Futur Jove Empresari que, per segon any consecutiu, vol recon\u00e8ixer un project e emprenedor treballat per menors de 18 anys.<\/p>\n<blockquote>\n<h2>El premi jove empresari 2013 s\u2019entregar\u00e0 el proper 28 de maig. El termini de presentaci\u00f3 de candidatures va finalitzar el passat 28 d&#8217;Abril<\/h2>\n<\/blockquote>\n<p><strong>Valor des dels valors<\/strong><br \/>\nEl per\u00edode per presentar-hi candidatures va finalitzar el 28 d\u2019abril i des de l\u2019associaci\u00f3 de joves empresaris s\u2019esperava superar la xifra r\u00e8cord de 104 candidatures que es van rebre l\u2019any passat. Unes xifres, defensa l\u2019AIJEC, que demostren que els empresaris estan aportant valor econ\u00f2mic i social a la societat actual, generant riquesa i ocupaci\u00f3, \u201cper\u00f2 sobretot, una riquesa que va m\u00e9s enll\u00e0 dels diners, que genera valor des dels valors\u201d, comenta Marc Bonavia, president de l\u2019AIJEC. Per a l\u2019associaci\u00f3 \u2014que compta amb m\u00e9s de 500 joves empresaris d\u2019arreu del territori, menors de 41 anys\u2014 els emprenedors han de convertir-se en l\u2019avan\u00e7ada d\u2019un nou paradigma. Segons Marc Bonavia, en l\u2019era del coneixement, l\u2019avantatge competitiu m\u00e9s important \u00e9s el capital hum\u00e0: \u201cSi volem empreses que facin fort el nostre teixit empresarial, hem de plantejar projectes on les persones prenguin consci\u00e8ncia del seu valor\u201d. Des de l\u2019associaci\u00f3 de joves empresaris s\u2019aposta, per tant, per un model d\u2019empreses que aprofiten la dimensi\u00f3 humana de les organit zacions i que \u201chumanitzen els seus recursos per desplegar-ne tot el seu potencial\u201d. Per a Bonavia, la superviv\u00e8ncia de les empreses passa per la seva capacitar d\u2019oferir serveis innovadors \u201cque no podrien o no sabrien oferir treballadors d\u2019altres pa\u00efsos m\u00e9s barats, o maquin\u00e0ria\u201d, i que estan lligats \u201cal comprom\u00eds amb el projecte, fet que nom\u00e9s es d\u00f3na quan l\u2019empresa esdev\u00e9 l\u2019espai de creixement dels seus components\u201d.<\/p>\n<p><strong>Una gala plena de sorpreses<\/strong><br \/>\nEl Premi Jove Empresari s\u2019entregar\u00e0 el proper 28 de maig dins el marc d\u2019una gala amb pres\u00e8ncia de destacades personalitats de l\u2019\u00e0mbit institucional, empresarial i econ\u00f2mic catal\u00e0. L\u2019organitzaci\u00f3 encara no ha revelat l\u2019escenari, un element que sempre genera misteri. Les darreres edicions s\u2019han celebrat a la Ciutat Comtal. Concretament a la Llotja de Mar, al Gran Teatre del Liceu i al Camp Nou.<\/p>\n<p><strong>Els finalistes d&#8217;enguany<\/strong><br \/>\nEn aquesta edici\u00f3 s\u2019han rebut un total de 107 candidatures, una xifra record mai abans aconseguida i s\u2019han tingut en compte factors com la idea inicial de negoci, l\u2019esperit emprenedor, la traject\u00f2ria i els reptes i perspectives de futur de les candidatures presentades.<br \/>\nEls finalistes de cada categoria s\u00f3n:<\/p>\n<p><span style=\"color: #ff0000;\"><strong>Premi Jove Empresari<\/strong><\/span>:<br \/>\n\u00b7 Carlota Pi de <a href=\"https:\/\/www.holaluz.com\/\" target=\"_blank\">HolaLuz.com<\/a><br \/>\n\u00b7 Horacio Martos de Social Point<br \/>\n\u00b7 Pau Bach de Batec Mobility<\/p>\n<p><span style=\"color: #ff0000;\"><strong>Millor Iniciativa Empresarial<\/strong><\/span>:<br \/>\n\u00b7 Palens Barcelona<br \/>\n\u00b7 <a href=\"http:\/\/popplaces.com\/\" target=\"_blank\">PopPlaces.com<\/a><br \/>\n\u00b7 Volta Motorbikes<\/p>\n<p>&nbsp;<\/p>\n<div>\n<table width=\"500\" cellpadding=\"5\" bgcolor=\"#8FBC8F\">\n<tbody>\n<tr>\n<th colspan=\"4\" bgcolor=\"#548B54\"><span style=\"color: #ffffff;\"><strong>Josep Ametller, Premi Jove Empresari 2012<\/strong><\/span><\/th>\n<\/tr>\n<tr>\n<td width=\"2\"><\/td>\n<td valign=\"top\" width=\"248\">Enmig del Camp Nou, els joves empresaris es van conjurar per golejar a la crisi en la gala de l\u2019any passat. En aquest escenari de luxe, davant de m\u00e9s de 350 persones i sota la presid\u00e8ncia del president de la Generalitat de Catalunya, Artur Mas, el Premi Jove Empresari celebrava el seu vint\u00e8 aniversari. El protagonista de la nit va ser Josep Ametller, fundador de l\u2019empresa de productes alimentaris Casa Ametller. Al capdavant d\u2019una empresa familiar amb m\u00e9s de 70 botigues i una plantilla que supera el miler de<\/td>\n<td valign=\"top\" width=\"248\">treballadors, Ametller va ser escollit Premi Jove Empresari 2012. Van pujar amb Ametller al p\u00f2dium Christian Rodr\u00edguez, de l\u2019empresa ByHours.com, com a millor iniciativa empresarial, i l\u2019empresari giron\u00ed Josep Lagares, per la seva traject\u00f2ria professional al capdavant de Metalquimia. El projecte WIFNIC, del Col\u00b7legi Claret de Barcelona, va ser distingit per primer cop amb el guard\u00f3 al millor projecte empresarial sorgit de la iniciativa de joves entre 14 i 18 anys.<\/td>\n<td width=\"3\"><\/td>\n<\/tr>\n<tr>\n<td colspan=\"4\" width=\"2\">\n<p><figure id=\"attachment_955\" aria-describedby=\"caption-attachment-955\" style=\"width: 600px\" class=\"wp-caption aligncenter\"><img decoding=\"async\" loading=\"lazy\" class=\"wp-image-955 size-full\" title=\"Josen Ametller i Marc Bonavia amb Artur Mas\" src=\"http:\/\/monempresarial.com\/wp-content\/uploads\/2014\/05\/monempresarial-153-premi-aijec-2013-ametller-bonavia-mas.png\" alt=\"Josen Ametller i Marc Bonavia amb Artur Mas\" width=\"600\" height=\"400\" srcset=\"https:\/\/www.monempresarial.com\/wp-content\/uploads\/2014\/05\/monempresarial-153-premi-aijec-2013-ametller-bonavia-mas-300x200@2x.png 600w, https:\/\/www.monempresarial.com\/wp-content\/uploads\/2014\/05\/monempresarial-153-premi-aijec-2013-ametller-bonavia-mas-300x200.png 300w, https:\/\/www.monempresarial.com\/wp-content\/uploads\/2014\/05\/monempresarial-153-premi-aijec-2013-ametller-bonavia-mas-252x167.png 252w, https:\/\/www.monempresarial.com\/wp-content\/uploads\/2014\/05\/monempresarial-153-premi-aijec-2013-ametller-bonavia-mas-252x167@2x.png 504w\" sizes=\"(max-width: 600px) 100vw, 600px\" \/><figcaption id=\"caption-attachment-955\" class=\"wp-caption-text\">Josep Ametller, fundador de Casa Ametller, Marc Bonavia, president de l\u2019AIJEC, i el president de la Generalitat de Catalunya, Artur Mas.\u00a0\u00a0\u00a0\u00a0\u00a0\/\u00a0CEDIDA.<\/figcaption><\/figure><\/td>\n<\/tr>\n<\/tbody>\n<\/table>\n<\/div>\n","protected":false},"excerpt":{"rendered":"<p>La XXI edici\u00f3 del Premi Jove Empresari, que organitza l\u2019Associaci\u00f3 de Joves Empresaris de Catalunya (AIJEC), est\u00e0 en marxa i busca recon\u00e8ixer el treball, l\u2019esfor\u00e7 i la const\u00e0ncia dels joves empresaris catalans capa\u00e7os de generar llocs de treball i impulsar projectes empresarials. Fins al 28 d\u2019abril hi ha temps per presentar candidatures. AIJEC Emprenedor d\u2019entre [&hellip;]<\/p>\n","protected":false},"author":1,"featured_media":955,"comment_status":"closed","ping_status":"open","sticky":false,"template":"","format":"standard","meta":{"_mi_skip_tracking":false,"mc4wp_mailchimp_campaign":[],"jnews-multi-image_gallery":[],"jnews_single_post":[],"jnews_primary_category":[]},"categories":[10],"tags":[],"_links":{"self":[{"href":"https:\/\/www.monempresarial.com\/ca\/wp-json\/wp\/v2\/posts\/953"}],"collection":[{"href":"https:\/\/www.monempresarial.com\/ca\/wp-json\/wp\/v2\/posts"}],"about":[{"href":"https:\/\/www.monempresarial.com\/ca\/wp-json\/wp\/v2\/types\/post"}],"author":[{"embeddable":true,"href":"https:\/\/www.monempresarial.com\/ca\/wp-json\/wp\/v2\/users\/1"}],"replies":[{"embeddable":true,"href":"https:\/\/www.monempresarial.com\/ca\/wp-json\/wp\/v2\/comments?post=953"}],"version-history":[{"count":0,"href":"https:\/\/www.monempresarial.com\/ca\/wp-json\/wp\/v2\/posts\/953\/revisions"}],"wp:featuredmedia":[{"embeddable":true,"href":"https:\/\/www.monempresarial.com\/ca\/wp-json\/wp\/v2\/media\/955"}],"wp:attachment":[{"href":"https:\/\/www.monempresarial.com\/ca\/wp-json\/wp\/v2\/media?parent=953"}],"wp:term":[{"taxonomy":"category","embeddable":true,"href":"https:\/\/www.monempresarial.com\/ca\/wp-json\/wp\/v2\/categories?post=953"},{"taxonomy":"post_tag","embeddable":true,"href":"https:\/\/www.monempresarial.com\/ca\/wp-json\/wp\/v2\/tags?post=953"}],"curies":[{"name":"wp","href":"https:\/\/api.w.org\/{rel}","templated":true}]}}