{"id":9583,"date":"2016-03-30T16:06:49","date_gmt":"2016-03-30T14:06:49","guid":{"rendered":"http:\/\/monempresarial.com\/es\/?p=9583"},"modified":"2025-09-24T10:10:19","modified_gmt":"2025-09-24T08:10:19","slug":"iv-jornada-accid-informacio-financera-i-recuperacio-economica","status":"publish","type":"post","link":"https:\/\/www.monempresarial.com\/ca\/2016\/03\/30\/iv-jornada-accid-informacio-financera-i-recuperacio-economica\/","title":{"rendered":"IV Jornada ACCID: informaci\u00f3 financera i recuperaci\u00f3 econ\u00f2mica."},"content":{"rendered":"<p>L\u2019Associaci\u00f3 Catalana de Comptabilitat i Direcci\u00f3 (ACCID) i la Universitat de Lleida estan organitzant la IV Jornada ACCID, titulada \u201cInformaci\u00f3 financera i recuperaci\u00f3 econ\u00f2mica\u201d, la qual es celebrar\u00e0 el divendres 27 de maig de 2016 a la seu de la Universitat.<\/p>\n<p>Com a Media Partner, ens complau convidar-vos a assistir-hi amb un preu d\u2019inscripci\u00f3 redu\u00eft.<br \/>\nLa Jornada tindr\u00e0 una durada d\u2019un mat\u00ed on es celebrar\u00e0 una confer\u00e8ncia plen\u00e0ria a c\u00e0rrec del Sr. Josep Pont, CEO de Borges i del Sr. Jos\u00e9 Lu\u00eds Gallizo, i 8 sessions de treball simult\u00e0nies, que tractaran temes d\u2019actualitat i inter\u00e8s en el sector de la comptabilitat i la direcci\u00f3 d\u2019empreses. A m\u00e9s l\u2019assist\u00e8ncia a les sessions s\u2019homologaran en hores de formaci\u00f3 en mat\u00e8ria de Comptabilitat i Auditoria.<\/p>\n<p><a href=\"http:\/\/www.accid.org\/jornada\/CATALA\/programa.html\">Programa <\/a><br \/>\n<a href=\"http:\/\/www.accid.org\/jornada\/CATALA\/simultanies.html\">Sessions de treball simult\u00e0nies<\/a><br \/>\n<a href=\"http:\/\/www.accid.org\/jornada\/CATALA\/inscripcio.html\">Inscripcions<\/a><\/p>\n<p>Tamb\u00e9 hem posat a disposici\u00f3 dels assistents un servei d\u2019autocar o sin\u00f3 un descompte del 35% en la RENFE.<\/p>\n<p>Rep una cordial salutaci\u00f3<\/p>\n<p><img decoding=\"async\" loading=\"lazy\" class=\"aligncenter size-full wp-image-9587\" src=\"https:\/\/monempresarial.com\/wp-content\/uploads\/2016\/03\/mon-empresarial-col\u00b7legi-economistes.png\" alt=\"mon-empresarial-col\u00b7legi-economistes\" width=\"700\" height=\"81\" srcset=\"https:\/\/www.monempresarial.com\/wp-content\/uploads\/2016\/03\/mon-empresarial-col\u00b7legi-economistes.png 700w, https:\/\/www.monempresarial.com\/wp-content\/uploads\/2016\/03\/mon-empresarial-col\u00b7legi-economistes-300x35.png 300w, https:\/\/www.monempresarial.com\/wp-content\/uploads\/2016\/03\/mon-empresarial-col\u00b7legi-economistes-300x35@2x.png 600w\" sizes=\"(max-width: 700px) 100vw, 700px\" \/><\/p>\n","protected":false},"excerpt":{"rendered":"<p>L\u2019Associaci\u00f3 Catalana de Comptabilitat i Direcci\u00f3 (ACCID) i la Universitat de Lleida estan organitzant la IV Jornada ACCID, titulada \u201cInformaci\u00f3 financera i recuperaci\u00f3 econ\u00f2mica\u201d, la qual es celebrar\u00e0 el divendres 27 de maig de 2016 a la seu de la Universitat. Com a Media Partner, ens complau convidar-vos a assistir-hi amb un preu d\u2019inscripci\u00f3 redu\u00eft. [&hellip;]<\/p>\n","protected":false},"author":1,"featured_media":9589,"comment_status":"open","ping_status":"open","sticky":false,"template":"","format":"standard","meta":{"_mi_skip_tracking":false,"mc4wp_mailchimp_campaign":[],"jnews-multi-image_gallery":[],"jnews_single_post":{"source_name":"","source_url":"","via_name":"","via_url":"","override_template":"0","override":[{"template":"1","single_blog_custom":"","parallax":"1","fullscreen":"1","layout":"right-sidebar","sidebar":"default-sidebar","second_sidebar":"default-sidebar","sticky_sidebar":"1","share_position":"bottom","share_float_style":"share-monocrhome","show_share_counter":"1","show_view_counter":"1","show_featured":"1","show_post_meta":"1","show_post_author":"1","show_post_author_image":"1","show_post_date":"1","post_date_format":"default","post_date_format_custom":"Y\/m\/d","show_post_category":"0","show_post_reading_time":"1","post_reading_time_wpm":"300","show_zoom_button":"0","zoom_button_out_step":"2","zoom_button_in_step":"3","show_post_tag":"1","show_prev_next_post":"0","show_popup_post":"1","number_popup_post":"2","show_author_box":"1","show_post_related":"1","show_inline_post_related":"1"}],"override_image_size":"0","image_override":[{"single_post_thumbnail_size":"crop-715","single_post_gallery_size":"crop-500"}],"trending_post":"0","trending_post_position":"meta","trending_post_label":"Trending","sponsored_post":"0","sponsored_post_label":"Sponsored by","sponsored_post_name":"","sponsored_post_url":"","sponsored_post_logo_enable":"0","sponsored_post_logo":"","sponsored_post_desc":"","disable_ad":"0"},"jnews_primary_category":{"id":"10825","hide":""}},"categories":[9,10820,10821,10825],"tags":[],"_links":{"self":[{"href":"https:\/\/www.monempresarial.com\/ca\/wp-json\/wp\/v2\/posts\/9583"}],"collection":[{"href":"https:\/\/www.monempresarial.com\/ca\/wp-json\/wp\/v2\/posts"}],"about":[{"href":"https:\/\/www.monempresarial.com\/ca\/wp-json\/wp\/v2\/types\/post"}],"author":[{"embeddable":true,"href":"https:\/\/www.monempresarial.com\/ca\/wp-json\/wp\/v2\/users\/1"}],"replies":[{"embeddable":true,"href":"https:\/\/www.monempresarial.com\/ca\/wp-json\/wp\/v2\/comments?post=9583"}],"version-history":[{"count":3,"href":"https:\/\/www.monempresarial.com\/ca\/wp-json\/wp\/v2\/posts\/9583\/revisions"}],"predecessor-version":[{"id":47406,"href":"https:\/\/www.monempresarial.com\/ca\/wp-json\/wp\/v2\/posts\/9583\/revisions\/47406"}],"wp:featuredmedia":[{"embeddable":true,"href":"https:\/\/www.monempresarial.com\/ca\/wp-json\/wp\/v2\/media\/9589"}],"wp:attachment":[{"href":"https:\/\/www.monempresarial.com\/ca\/wp-json\/wp\/v2\/media?parent=9583"}],"wp:term":[{"taxonomy":"category","embeddable":true,"href":"https:\/\/www.monempresarial.com\/ca\/wp-json\/wp\/v2\/categories?post=9583"},{"taxonomy":"post_tag","embeddable":true,"href":"https:\/\/www.monempresarial.com\/ca\/wp-json\/wp\/v2\/tags?post=9583"}],"curies":[{"name":"wp","href":"https:\/\/api.w.org\/{rel}","templated":true}]}}