{"id":9877,"date":"2016-05-19T08:30:37","date_gmt":"2016-05-19T06:30:37","guid":{"rendered":"http:\/\/monempresarial.com\/?p=9877"},"modified":"2025-09-24T10:12:08","modified_gmt":"2025-09-24T08:12:08","slug":"entrevista-a-teresa-forcades-professional-de-la-salut-i-teologa","status":"publish","type":"post","link":"https:\/\/www.monempresarial.com\/ca\/2016\/05\/19\/entrevista-a-teresa-forcades-professional-de-la-salut-i-teologa\/","title":{"rendered":"Entrevista a  Teresa Forcades, professional de la salut i te\u00f2loga"},"content":{"rendered":"<h5 style=\"color: #000000;\">La figura de la Teresa Forcades va saltar a l\u2019escena p\u00fablica a finals del 2009 al criticar obertament l\u2019\u00fas de les vacunes contra la pand\u00e8mia de la Grip A, posant en entredit fins i tot l\u2019OMS i fent especial \u00e8mfasi en el negoci que hi havia darrere d\u2019aquestes vacunes. La tamb\u00e9 impulsora de Proc\u00e9s Constituent es mostra molt cr\u00edtica amb la progressiva precaritzaci\u00f3 de la nostra societat, el sexisme estructural existent al si de l\u2019Esgl\u00e9sia cat\u00f2lica i la depend\u00e8ncia econ\u00f2mica que el capitalisme mostra vers determinades ind\u00fastries.<\/h5>\n<p>&nbsp;<br \/>\nText: <a style=\"color: #AEB100;\" href=\"http:\/\/monempresarial.com\/author\/eescolan\/\">Esther Escol\u00e1n<\/a>&nbsp;Fotos: <span style=\"color: #AEB100; \">Ignacio Adeva <\/span><br \/>\n&nbsp;<br \/>\n&nbsp;<\/p>\n<hr style=\"color: #b72126; size=\"20\"\" \/>\n<img decoding=\"async\" loading=\"lazy\" src=\"http:\/\/monempresarial.com\/wp-content\/uploads\/2016\/04\/mon-empresarial-005-forcades-teresa.png\" alt=\"mon-empresarial-005-forcades-teresa\" width=\"300\" height=\"200\" class=\"alignleft size-full wp-image-9880\" srcset=\"https:\/\/www.monempresarial.com\/wp-content\/uploads\/2016\/04\/mon-empresarial-005-forcades-teresa.png 300w, https:\/\/www.monempresarial.com\/wp-content\/uploads\/2016\/04\/mon-empresarial-005-forcades-teresa-252x167.png 252w\" sizes=\"(max-width: 300px) 100vw, 300px\" \/><span style=\"color: #000000; font-weight: bold; text-transform:uppercase;\">Tornaria a repetir totes i cadascunes de les seves paraules vers les vacunes de la Grip A i la soluci\u00f3 mineral mestre, que va defensar l\u2019any 2014 com a ant\u00eddot contra l\u2019Ebola? Se n\u2019ha penedit en algun moment? <\/span><br \/>\nJo sempre cito el llibre <i>Medicaments que maten i crim organitzat<\/i>, escrit pel metge Peter C. G\u00f8tzsche, que l\u2019any 2014 va rebre el premi de la British Medical Association. Ell sempre ha practicat la medicina cient\u00edfica o basada en l\u2019evid\u00e8ncia i tamb\u00e9 sempre ha denunciat que de vegades aquest \u00e0mbit acaba sotmetent-se a criteris econ\u00f2mics. Aquest \u00e9s el marc general, per\u00f2 fa uns mesos vaig publicar una revisi\u00f3 de tot el que envolta a la vacuna de la Grip A al <i>International Journal of Medicine Systems<\/i>, un article que vaig presentar al Hopkins Hospital i que van secundar un gran nombre de professionals de la medicina. No tinc cap tipus de penediment. Respecte a l\u2019Ebola, jo vaig denunciar l\u2019alarma que s\u2019estava generant de manera parcialment artificial i interessada, ja que aquesta malaltia ha existit des dels anys 70 del segle passat, aix\u00ed que tampoc me\u2019n penedeixo. Ans al contrari: precisament per la dificultat d\u2019obrir espais de reflexi\u00f3 cr\u00edtica dintre del sistema sanitari, hem de cuidar molt aquestes veus cr\u00edtiques que, tinguin o no ra\u00f3, cal que existeixin. Per qu\u00e8? Perqu\u00e8 cada cop hi ha una penetraci\u00f3 m\u00e9s gran de la ind\u00fastria farmac\u00e8utica a les facultats de medicina, el qual \u00e9s alarmant perqu\u00e8 estem supeditant l\u2019educaci\u00f3 m\u00e8dica i l\u2019activitat de publicacions cient\u00edfiques i societats m\u00e8diques a aquestes corporacions, que molts cops tamb\u00e9 les financen en part. <\/p>\n<p><span style=\"color: #000000; font-weight: bold; text-transform:uppercase;\">Com a monja, vost\u00e8 defensa la idea que D\u00e9u no \u00e9s en aquest m\u00f3n per controlar-nos i sotmetre\u2019ns a la seva paraula, sin\u00f3 perqu\u00e8 li agrada romandre amb nosaltres, perqu\u00e8 ens estima i ens \u00e9s fidel. Creu que aquesta \u00e9s la millor manera per a que la societat torni a abra\u00e7ar la religi\u00f3?<\/span><br \/>\nD\u2019una banda, hi haur\u00e0 gent que vegi en D\u00e9u un \u00e9sser tal com jo el visc i el descric, com quelcom que l\u2019atrau i amb el que s\u2019identifica. Per\u00f2 tamb\u00e9 hi ha gent que intenta trobar en la religi\u00f3 i en D\u00e9u un refugi i que, quan comences a parlar de llibertat i de reptes, potser s\u2019incomoda. No es tracta d\u2019un \u00e0mbit de fe separat de la recerca d\u2019un estil de vida, perqu\u00e8 jo estic conven\u00e7uda que molts dels que es declaren ateus viuen al bell mig de la religi\u00f3. Per a mi, l\u2019objectiu no \u00e9s necess\u00e0riament atraure a la gent cap a la religi\u00f3 o cap a l\u2019esgl\u00e9sia, sin\u00f3 mostrar-los que hi ha diversos camins que apropen a D\u00e9u, de diferents maneres, i que tots ells estan al seu abast si ho consideren necessari. Com a opci\u00f3 triada lliurement, que \u00e9s precisament l\u2019argument del primer llibre que acabo d\u2019escriure en llengua anglesa, <i>Fe i llibertat<\/i>.<\/p>\n<blockquote>\n<h2 style=\"color: #AEB100;\">\u201cNo penso penjar els h\u00e0bits de la pol\u00edtica perqu\u00e8 formen part del meu comprom\u00eds cristi\u00e0\u201d<\/h2>\n<\/blockquote>\n<p><span style=\"color: #000000; font-weight: bold; text-transform:uppercase;\">La pres\u00e8ncia de la religi\u00f3 a les escoles tamb\u00e9 ha generat certa controv\u00e8rsia els darrers anys. Quina opini\u00f3 li mereix a vost\u00e8 aquesta q\u00fcesti\u00f3?<\/span><br \/>\nHem de diferenciar dos aspectes, la cultura religiosa i la catequesi. L\u2019objectiu del segon \u00e9s que l\u2019infant abraci una religi\u00f3, cosa que no \u00e9s feina de l\u2019escola, sin\u00f3 de les fam\u00edlies i les institucions religioses. No t\u00e9 cap sentit, per tant, que l\u2019escola catequitzi les criatures. Ara b\u00e9, la cultura religiosa, que fa refer\u00e8ncia a la hist\u00f2ria de les religions i els elements culturals que l\u2019envolten, s\u00ed que crec que ha de ser un fenomen a estudiar. Una cultura religiosa ben fonamentada i acompanyada pot ajudar a omplir buits que, si no, poden desembocar en determinats fanatismes i fonamentalismes.<\/p>\n<p><span style=\"color: #000000; font-weight: bold; text-transform:uppercase;\">Vost\u00e8 \u00e9s considerada una te\u00f2loga feminista. L\u2019any 2007 va publicar <i>La teologia feminista<\/i> i est\u00e0 estretament lligada a la European Society of Women in Theological Research. Per qu\u00e8 aquesta necessitat d\u2019abordar la teologia amb mirada de g\u00e8nere?<\/span><br \/>\n<img decoding=\"async\" loading=\"lazy\" src=\"http:\/\/monempresarial.com\/wp-content\/uploads\/2016\/05\/mon-empresarial-005-liders-forcades.png\" alt=\"mon-empresarial-005-liders-forcades\" width=\"400\" height=\"267\" class=\"alignright size-full wp-image-9890\" srcset=\"https:\/\/www.monempresarial.com\/wp-content\/uploads\/2016\/05\/mon-empresarial-005-liders-forcades.png 400w, https:\/\/www.monempresarial.com\/wp-content\/uploads\/2016\/05\/mon-empresarial-005-liders-forcades-300x200.png 300w, https:\/\/www.monempresarial.com\/wp-content\/uploads\/2016\/05\/mon-empresarial-005-liders-forcades-252x167.png 252w\" sizes=\"(max-width: 400px) 100vw, 400px\" \/>Cal prendre consci\u00e8ncia d\u2019una realitat com \u00e9s la discriminaci\u00f3 de la dona per una mera q\u00fcesti\u00f3 de sexe, i no nom\u00e9s em refereixo en l\u2019\u00e0mbit religi\u00f3s. Avui dia, un gran nombre de nenes al m\u00f3n no tenen el mateix acc\u00e9s a l\u2019educaci\u00f3 que els nens. Tamb\u00e9 caldria m\u00e9s llibertat pel que fa al matrimoni, ja que casar-se o no, aix\u00ed com amb qui fer-ho, s\u00f3n decisions que les dones haurien de prendre lliurement i no condicionades pel seu entorn. De la mateixa manera que haurien de poder decidir descasar-se en cas que la conviv\u00e8ncia amb el seu c\u00f2njuge fos violenta, frustrant o negativa.<br \/>\nSi entrem dins de la religi\u00f3 cat\u00f2lica, existeix un sexisme estructural, primer perqu\u00e8 els c\u00e0rrecs de presa de decisions estan relacionats amb l\u2019ordenaci\u00f3, a la que nom\u00e9s opten els homes. Jo crec fermament que les dones haur\u00edem de poder ser ordenades sacerdots per accedir als c\u00e0rrecs de responsabilitat. A mi m\u2019agradaria canviar aquest clericalisme per no haver de ser ordenada necess\u00e0riament per accedir-hi.<\/p>\n<p><span style=\"color: #000000; font-weight: bold; text-transform:uppercase;\">Una figura que est\u00e0 portant a un primer pla figures i col\u00b7lectius que fins ara no gaudien del benepl\u00e0cit de l\u2019Esgl\u00e9sia \u00e9s l\u2019actual papa Francesc. Qu\u00e8 en pensa de la seva tasca?<\/span><br \/>\nPrimer m\u2019agradaria dir que, tant en l\u2019Esgl\u00e9sia com en la societat, els canvis positius sempre v\u00e9nen de baix. Per\u00f2 tamb\u00e9 \u00e9s cert que, en determinats \u00e0mbits, el m\u00e8rit d\u2019aquells que es troben a dalt, com passa amb l\u2019actual Papa, rau en deixar espai i donar veu a aquells que v\u00e9nen de baix, que s\u00f3n els aut\u00e8ntics agents del canvi. El Papa \u00e9s un col\u00b7laborador actiu en la posada al dia de l\u2019Esgl\u00e9sia que va comen\u00e7ar el papa Joan XXIII i que van continuar Joan Pau II i Benet XVI, per\u00f2 per assolir els objectius marcats cal la coresponsabilitat de tots els membres que en formem part.<\/p>\n<blockquote>\n<h2 style=\"color: #AEB100;\">\u201cSi el capitalisme necessita mercantilitzar les guerres i les medicines potser caldria valorar la idone\u00eftat d\u2019altres sistemes econ\u00f2mics.\u201d<\/h2>\n<\/blockquote>\n<p><span style=\"color: #000000; font-weight: bold; text-transform:uppercase;\">Tenint en compte el context que ens ocupa, qu\u00e8 li preocupa, indigna o afecta a la Teresa Forcades ciutadana?<\/span><br \/>\nSobretot, la precaritzaci\u00f3 creixent que est\u00e0 afectant a l\u2019estat del benestar i que ens est\u00e0 traient una s\u00e8rie de conquestes socials assolides posteriorment a la Segona Guerra Mundial i que garantien uns m\u00ednims d\u2019igualtat. El progressiu desmantellament de tots aquests m\u00ednims durant els darrers 30 anys \u00e9s quelcom que a mi m\u2019amo\u00efna molt, tant com la depend\u00e8ncia que l\u2019economia mundial t\u00e9 de la ind\u00fastria militar. Ni les guerres ni les medicines ni cap ind\u00fastria es poden mercantilitzar, i si el capitalisme necessita d\u2019aquesta mercantilitzaci\u00f3 potser caldria valorar la idone\u00eftat d\u2019altres sistemes econ\u00f2mics. Una depend\u00e8ncia econ\u00f2mica tan evident per part del poder impossibilita la democr\u00e0cia.<\/p>\n<p><span style=\"color: #000000; font-weight: bold; text-transform:uppercase;\">S\u00f3n aquestes inquietuds les que van animar-la a fundar Proc\u00e9s Constituent juntament amb Arcadi Oliveres? Quins objectius perseguia la seva adhesi\u00f3?<\/span><br \/>\nAl fundar el partit, la nostra intenci\u00f3 era tenir un paper a les eleccions catalanes passades, quelcom que no vam aconseguir, per tal que a Catalunya exist\u00eds una uni\u00f3 ample entre tots aquells que volem transformar aquesta economia capitalista. I alerta, perqu\u00e8 jo crec que a Catalunya som una gran majoria els que ho volem canviar, per\u00f2 \u00e9s clar, si anem separats no ho aconseguirem mai. La meva decisi\u00f3 de militar pol\u00edticament va respondre a un moment hist\u00f2ric excepcional i no s\u00e9 si tornar\u00e0 a repetir-se, per\u00f2 el que s\u00ed s\u00e9 \u00e9s que no deixar\u00e9 mai de fer pol\u00edtica perqu\u00e8 \u00e9s quelcom que faig a trav\u00e9s dels articles que escric, de les den\u00fancies p\u00fabliques que faig, etc. No penso penjar els h\u00e0bits de la pol\u00edtica perqu\u00e8 formen part del meu comprom\u00eds cristi\u00e0.<br \/>\n<img decoding=\"async\" loading=\"lazy\" src=\"http:\/\/monempresarial.com\/wp-content\/uploads\/2016\/05\/mon-empresarial-005-paisatge-forcades.png\" alt=\"mon-empresarial-005-paisatge-forcades\" width=\"550\" height=\"367\" class=\"aligncenter size-full wp-image-9893\" srcset=\"https:\/\/www.monempresarial.com\/wp-content\/uploads\/2016\/05\/mon-empresarial-005-paisatge-forcades.png 550w, https:\/\/www.monempresarial.com\/wp-content\/uploads\/2016\/05\/mon-empresarial-005-paisatge-forcades-300x200.png 300w, https:\/\/www.monempresarial.com\/wp-content\/uploads\/2016\/05\/mon-empresarial-005-paisatge-forcades-252x167.png 252w, https:\/\/www.monempresarial.com\/wp-content\/uploads\/2016\/05\/mon-empresarial-005-paisatge-forcades-252x167@2x.png 504w\" sizes=\"(max-width: 550px) 100vw, 550px\" \/><\/p>\n<div style=\"background-color: #AEB100; text-align: center;\"><span style=\"color: #ffffff; font-weight: bold; text-transform:uppercase;\">A fons<\/span><\/div>\n<p><img decoding=\"async\" loading=\"lazy\" src=\"http:\/\/monempresarial.com\/wp-content\/uploads\/2016\/04\/mon-empresarial-005-teresa-forcades.png\" alt=\"mon-empresarial-005-teresa-forcades\" width=\"250\" height=\"167\" class=\"alignright size-full wp-image-9884\" \/>La Teresa Forcades i Vila (Barcelona, 1966) \u00e9s monja benedictina al Monestir de Sant Benet de Montserrat. Abans d\u2019endinsar-se en la religi\u00f3, per\u00f2, va estudiar Medicina a Barcelona i l\u2019any 1992 va traslladar-se als EUA, on va cursar l\u2019especialitat de Medicina Interna a la Universitat de Nova York, a Buffalo, i el <i>Master of Divinity<\/i> a Harvard. L\u2019any 1997, quan es disposava a comen\u00e7ar el Doctorat en \u00c8tica M\u00e8dica, va entrar a formar part del Monestir, des d\u2019on s\u2019ha doctorat, a m\u00e9s, en Salut P\u00fablica i ha cursat una altra llicenciatura, aquest cop en Teologia Fonamental. Col\u00b7laboradora de publicacions m\u00e8diques de gran prestigi internacional, Forcades tamb\u00e9 ha publicat, entre altres, <i>Els crims de les grans companyies farmac\u00e8utiques<\/i>, <i>La teologia feminista en la hist\u00f2ria<\/i> i <i>Converses amb Teresa Forcades<\/i>. L\u2019any 2013 va ser una de les impulsores de Proc\u00e9s Constituent, un partit que finalment no va presentar-se com a tal a les passades eleccions catalanes del 27 de setembre, ja que els seus militants van dividir-se entre Catalunya S\u00ed que es Pot i la CUP.<\/p>\n","protected":false},"excerpt":{"rendered":"<p>La figura de la Teresa Forcades va saltar a l\u2019escena p\u00fablica a finals del 2009 al criticar obertament l\u2019\u00fas de les vacunes contra la pand\u00e8mia de la Grip A, posant en entredit fins i tot l\u2019OMS i fent especial \u00e8mfasi en el negoci que hi havia darrere d\u2019aquestes vacunes. La tamb\u00e9 impulsora de Proc\u00e9s Constituent es mostra molt cr\u00edtica amb la progressiva precaritzaci\u00f3 de la nostra societat, el sexisme estructural existent al si de l\u2019Esgl\u00e9sia cat\u00f2lica i la depend\u00e8ncia econ\u00f2mica que el capitalisme mostra vers determinades ind\u00fastries.<\/p>\n","protected":false},"author":1,"featured_media":9882,"comment_status":"open","ping_status":"open","sticky":false,"template":"","format":"standard","meta":{"_mi_skip_tracking":false,"mc4wp_mailchimp_campaign":[],"jnews-multi-image_gallery":[],"jnews_single_post":[],"jnews_primary_category":[]},"categories":[12,55],"tags":[3209,3375,3360,3376,3361,3377,3362,3378,3363,3379,3364,3380,3365,3381,3366,3382,3367,3383,3368,3369,116,3370,133,3371,1681,3372,2050,3373,2158,3374],"_links":{"self":[{"href":"https:\/\/www.monempresarial.com\/ca\/wp-json\/wp\/v2\/posts\/9877"}],"collection":[{"href":"https:\/\/www.monempresarial.com\/ca\/wp-json\/wp\/v2\/posts"}],"about":[{"href":"https:\/\/www.monempresarial.com\/ca\/wp-json\/wp\/v2\/types\/post"}],"author":[{"embeddable":true,"href":"https:\/\/www.monempresarial.com\/ca\/wp-json\/wp\/v2\/users\/1"}],"replies":[{"embeddable":true,"href":"https:\/\/www.monempresarial.com\/ca\/wp-json\/wp\/v2\/comments?post=9877"}],"version-history":[{"count":1,"href":"https:\/\/www.monempresarial.com\/ca\/wp-json\/wp\/v2\/posts\/9877\/revisions"}],"predecessor-version":[{"id":47412,"href":"https:\/\/www.monempresarial.com\/ca\/wp-json\/wp\/v2\/posts\/9877\/revisions\/47412"}],"wp:featuredmedia":[{"embeddable":true,"href":"https:\/\/www.monempresarial.com\/ca\/wp-json\/wp\/v2\/media\/9882"}],"wp:attachment":[{"href":"https:\/\/www.monempresarial.com\/ca\/wp-json\/wp\/v2\/media?parent=9877"}],"wp:term":[{"taxonomy":"category","embeddable":true,"href":"https:\/\/www.monempresarial.com\/ca\/wp-json\/wp\/v2\/categories?post=9877"},{"taxonomy":"post_tag","embeddable":true,"href":"https:\/\/www.monempresarial.com\/ca\/wp-json\/wp\/v2\/tags?post=9877"}],"curies":[{"name":"wp","href":"https:\/\/api.w.org\/{rel}","templated":true}]}}