{"id":990,"date":"2014-05-23T08:00:16","date_gmt":"2014-05-23T06:00:16","guid":{"rendered":"http:\/\/monempresarial.com\/?p=990"},"modified":"2015-01-19T19:44:27","modified_gmt":"2015-01-19T18:44:27","slug":"al-segle-xxi-els-analfabets-son-els-que-no-saben-moure-els-diners","status":"publish","type":"post","link":"https:\/\/www.monempresarial.com\/ca\/2014\/05\/23\/al-segle-xxi-els-analfabets-son-els-que-no-saben-moure-els-diners\/","title":{"rendered":"\u201cAl segle XXI, els analfabets s\u00f3n els que no saben moure els diners\u201d"},"content":{"rendered":"<h4>Entrevista a Carles Torrecilla, professor del Departament de Direcci\u00f3 de M\u00e0rqueting d&#8217;ESADE<\/h4>\n<figure id=\"attachment_987\" aria-describedby=\"caption-attachment-987\" style=\"width: 300px\" class=\"wp-caption alignleft\"><img decoding=\"async\" loading=\"lazy\" class=\"wp-image-987\" title=\"Carles Torrecilla\" src=\"http:\/\/monempresarial.com\/wp-content\/uploads\/2014\/06\/monempresarial-carles-torrecilla.png\" alt=\"Carles Torrecilla\" width=\"300\" height=\"505\" srcset=\"https:\/\/www.monempresarial.com\/wp-content\/uploads\/2014\/06\/monempresarial-carles-torrecilla.png 600w, https:\/\/www.monempresarial.com\/wp-content\/uploads\/2014\/06\/monempresarial-carles-torrecilla-178x300.png 178w, https:\/\/www.monempresarial.com\/wp-content\/uploads\/2014\/06\/monempresarial-carles-torrecilla-178x300@2x.png 356w\" sizes=\"(max-width: 300px) 100vw, 300px\" \/><figcaption id=\"caption-attachment-987\" class=\"wp-caption-text\">Carles Torrecilla\u00a0\u00a0\u00a0\u00a0\u00a0\/\u00a0ESADE.<\/figcaption><\/figure>\n<p style=\"text-align: right;\">Jes\u00fas Abad<\/p>\n<p><strong>El seu llibre, <em>El Plan B<\/em>, \u00e9s una carta amagada per si ens fa falta en algun moment o la idea \u00e9s que arribi a ser un Pla A?<\/strong><br \/>\nEl fet de no tenir alternativa (Pla B) fa que el nostre Pla A ens generi massa depend\u00e8ncia o que no el tractem amb objectivitat. Per exemple, ser\u00e0 dif\u00edcil negociar un augment de sou si el nostre cap sap que no tenim cap altre opci\u00f3.<\/p>\n<p><strong>Ens podria destacar algun Pla B d\u2019\u00e8xit?<\/strong><br \/>\nEn comptes de comprar un habitatge, llogar-lo i, amb els estalvis, comprar v\u00e0ries places d\u2019aparcament i invertir conjuntament amb altres socis en una franqu\u00edcia d\u2019\u00e8xit.<\/p>\n<p><strong>Venim d\u2019una cultura equivocada quan pensem que una feina ha de ser per a tota la vida?<\/strong><br \/>\nMillor si pensem m\u00e9s aviat en treballar en la mateixa empresa que en fer sempre la mateixa feina, ja que dins de la mateixa empresa podem anar-nos desenvolupant i assumint nous reptes. Per\u00f2 en un entorn canviant tu tamb\u00e9 has d\u2019estar preparat per canviar.<\/p>\n<p><strong>Aix\u00f2 de qu\u00e8 no hem de posar tots els ous en la mateixa cistella, segueix vigent?<\/strong><br \/>\nM\u00e9s que mai. Per\u00f2 tampoc no els hem de posar en cistelles que no entenem o no controlem.<\/p>\n<p><strong>Els aut\u00f2noms s\u00f3n els que tenen m\u00e9s possibilitats d\u2019afrontar canvis imprevistos?<\/strong><br \/>\nNo, perqu\u00e8 si b\u00e9 \u00e9s cert que depenen d\u2019ells mateixos, no tenen la indemnitzaci\u00f3 per acomiadament que et permet tenir un calaix per reinventar-te des de zero.<\/p>\n<p><strong>Qu\u00e8 ha de fer una persona quan rep una carta d\u2019acomiadament (i possiblement una indemnitzaci\u00f3), comen\u00e7ar a pensar en un Pla B?<\/strong><br \/>\nVa una mica tard, per\u00f2 \u00e9s important que s\u2019ajunti amb alguns companys en la mateixa situaci\u00f3 per remar tots junts i sumar indemnitzacions. D\u2019aquesta manera no haur\u00e0 d\u2019arriscar tota la indemnitzaci\u00f3 en un sol projecte.<\/p>\n<p><strong>I aquest projecte hauria de ser un negoci partint de zero o b\u00e9 una franqu\u00edcia?<\/strong><br \/>\nFranqu\u00edcia. Encara que hi ha qui les critica, s\u00f3n una bona manera d\u2019aprendre a ser empresari practicant amb una xarxa de seguretat.<\/p>\n<p><strong>En solitari o amb associats?<\/strong><br \/>\nJo sempre ho faig associat. El solitari no es pot posar malalt. Quan jo no tiro, tiren els meus socis i viceversa.<\/p>\n<p><strong>En el llibre diu que \u201cno comptem amb els amics\u201d? ens ho pot explicar?<\/strong><br \/>\nNi amics, ni subvencions. Perqu\u00e8 si v\u00e9nen, perfecte, per\u00f2 no hi hem de comptar a l\u2019hora de fer una pla de negoci. S\u00f3n amics: no clients. A m\u00e9s, pel fet de ser amics, ho miraran tot amb lupa i hi veuran pegues que mai no han vist en altres prove\u00efdors.<\/p>\n<p><strong>Rec\u00f3rrer a la fam\u00edlia o amics per aconseguir l\u2019aval, \u00e9s una bona soluci\u00f3?<\/strong><br \/>\nMai. Quan et demanen aval, \u00e9s que qui t\u00e9 els diners pensa que no els-hi tornar\u00e0s. No barregis a fam\u00edlia i amics en la teva aposta contracorrent.<\/p>\n<blockquote>\n<h2>\u201cEncara que hi ha qui les critica, [les franqu\u00edcies] s\u00f3n una bona manera d\u2019aprendre a ser empresari practicant amb una xarxa de seguretat\u201d<\/h2>\n<\/blockquote>\n<p><strong>Quins s\u00f3n els principals errors que comet un emprenedor?<\/strong><br \/>\nLa falta de const\u00e0ncia, enamorar-se del producte en comptes del client, anar mal acompanyat, fer empreses monoproducte, parlar m\u00e9s que no pas escoltar, configurar un projecte curt de recursos econ\u00f2mics per mantenir una alta participaci\u00f3 accionarial&#8230; la llista d\u00f3na per a escriure molts llibres.<\/p>\n<p><strong>Un emprenedor est\u00e0 obligat a pensar internacionalment?<\/strong><br \/>\nNo, est\u00e0 obligat a pensar globalment.<\/p>\n<p><strong>El fundador de Facebook, Mark Zuckerberg, acaba de fer p\u00fablic que el seu sou va ser d\u20191 d\u00f2lar l\u2019any 2013. Al marge d\u2019una clara estrat\u00e8gia de m\u00e0rqueting, \u00bfel director general no hauria de ser qui m\u00e9s cobra?<\/strong><br \/>\nNo, qui m\u00e9s cobri ha de ser qui genera m\u00e9s valor per a l\u2019accionista, soci o propietari, i no sempre \u00e9s el director general. En el m\u00f3n del futbol en tenim un bon exemple.<\/p>\n<p><strong>Quina \u00e9s la taxa de mortalitat de les noves empreses?<\/strong><br \/>\nDe les empreses \u00e9s variable, per\u00f2 dels nous productes \u00e9s del 99% al cap de 5 anys.<\/p>\n<table border=\"1\" bordercolor=\"#000000\" style=\"background-color:#FFFFFF\">\n<tr>\n<td width=\"305\" cellpadding=\"3\" cellspacing=\"3\" bgcolor=\"#8FBC8F\"><em><\/p>\n<h5>El plan B<\/h5>\n<p><strong><em>Cuando falla el plan A, s\u00f3lo los mejores tienen un plan B<\/strong><\/em><\/td>\n<td rowspan=\"3\" valign=\"top\" cellpadding=\"10\" cellspacing=\"10\"><\/td>\n<td rowspan=\"3\" valign=\"top\" cellpadding=\"10\" cellspacing=\"10\">\n<strong>Qu\u00e8 \u00e9s el cicle de vida de la soluci\u00f3?<\/strong><br \/>\nL\u2019evoluci\u00f3 del conjunt de productes que solucionen una necessitat d\u2019una mateixa manera.<\/p>\n<p><strong>En el llibre, ens convida a no obsessionar-nos amb l\u2019estalvi i amb les propietats. Qu\u00e8 haur\u00edem de fer: viure de pr\u00e9stec o malviure-hi?<\/strong><br \/>\nNi ser els m\u00e9s rics del cementiri, ni viure sota la m\u00e0xima de \u201ctot aix\u00f2 que tinc de m\u00e9s\u201d. Cal viure el present preparant el dem\u00e0.<\/p>\n<p><strong>Si l\u2019empresa va b\u00e9, hem de deixar de banda la formaci\u00f3 continua?<\/strong><br \/>\nSi deixes de formar-te, l\u2019empresa comen\u00e7ar\u00e0 a anar malament.<\/p>\n<p><strong>Hi ha un Pla B concret?<\/strong><br \/>\nCada persona ha de construir el seu, segons les seves circumst\u00e0ncies i anhels.<\/p>\n<p><strong>El futur passa per invertir en borsa?<\/strong><br \/>\nAl segle XIX, els analfabets eren els que no sabien llegir; al segle XX, els que no sabien comptar, i al segle XXI, els que no saben moure els seus diners.<\/p>\n<p><strong>Quin \u00e9s el seu Pla B?<\/strong><br \/>\nInvertir en les iniciatives empresarials d\u2019alguns antics alumnes d\u2019ESADE.<\/td>\n<\/tr>\n<tr>\n<td width=\"305\" cellpadding=\"3\" cellspacing=\"3\" bgcolor=\"#8FBC8F\"><a href=\"http:\/\/monempresarial.com\/wp-content\/uploads\/2014\/06\/monempresarial-el-plan-b.png\"><img decoding=\"async\" loading=\"lazy\" src=\"http:\/\/monempresarial.com\/wp-content\/uploads\/2014\/06\/monempresarial-el-plan-b.png\" alt=\"El plan B\" width=\"300\" height=\"430\" class=\"size-full wp-image-989\" srcset=\"https:\/\/www.monempresarial.com\/wp-content\/uploads\/2014\/06\/monempresarial-el-plan-b.png 300w, https:\/\/www.monempresarial.com\/wp-content\/uploads\/2014\/06\/monempresarial-el-plan-b-209x300.png 209w\" sizes=\"(max-width: 300px) 100vw, 300px\" \/><\/a><\/td>\n<\/tr>\n<tr>\n<td width=\"305\" cellpadding=\"3\" cellspacing=\"3\" bgcolor=\"#8FBC8F\">Carles Torrecilla<\/td>\n<\/tr>\n<tr>\n<td width=\"305\" cellpadding=\"3\" cellspacing=\"3\" bgcolor=\"#8FBC8F\">256 p\u00e0gines<br \/>\nISBN: 978-84-0812-276-0<br \/>\nEditorial Planeta<\/td>\n<\/tr>\n<\/table>\n","protected":false},"excerpt":{"rendered":"<p>Entrevista a Carles Torrecilla, professor del Departament de Direcci\u00f3 de M\u00e0rqueting d&#8217;ESADE: \u201cAl segle XXI, els analfabets s\u00f3n els que no saben moure els diners\u201d<\/p>\n","protected":false},"author":1,"featured_media":988,"comment_status":"closed","ping_status":"open","sticky":false,"template":"","format":"standard","meta":{"_mi_skip_tracking":false,"mc4wp_mailchimp_campaign":[],"jnews-multi-image_gallery":[],"jnews_single_post":[],"jnews_primary_category":[]},"categories":[11,38],"tags":[],"_links":{"self":[{"href":"https:\/\/www.monempresarial.com\/ca\/wp-json\/wp\/v2\/posts\/990"}],"collection":[{"href":"https:\/\/www.monempresarial.com\/ca\/wp-json\/wp\/v2\/posts"}],"about":[{"href":"https:\/\/www.monempresarial.com\/ca\/wp-json\/wp\/v2\/types\/post"}],"author":[{"embeddable":true,"href":"https:\/\/www.monempresarial.com\/ca\/wp-json\/wp\/v2\/users\/1"}],"replies":[{"embeddable":true,"href":"https:\/\/www.monempresarial.com\/ca\/wp-json\/wp\/v2\/comments?post=990"}],"version-history":[{"count":0,"href":"https:\/\/www.monempresarial.com\/ca\/wp-json\/wp\/v2\/posts\/990\/revisions"}],"wp:featuredmedia":[{"embeddable":true,"href":"https:\/\/www.monempresarial.com\/ca\/wp-json\/wp\/v2\/media\/988"}],"wp:attachment":[{"href":"https:\/\/www.monempresarial.com\/ca\/wp-json\/wp\/v2\/media?parent=990"}],"wp:term":[{"taxonomy":"category","embeddable":true,"href":"https:\/\/www.monempresarial.com\/ca\/wp-json\/wp\/v2\/categories?post=990"},{"taxonomy":"post_tag","embeddable":true,"href":"https:\/\/www.monempresarial.com\/ca\/wp-json\/wp\/v2\/tags?post=990"}],"curies":[{"name":"wp","href":"https:\/\/api.w.org\/{rel}","templated":true}]}}