{"id":1501,"count":1,"description":"","link":"https:\/\/www.monempresarial.com\/ca\/tag\/consell-de-la-delegacio-d-lalt-penedes-de-la-cambra-de-comerc-de-barcelona\/","name":"Consell de la delegaci\u00f3 d l'Alt Pened\u00e8s de la Cambra de Comer\u00e7 de Barcelona","slug":"consell-de-la-delegacio-d-lalt-penedes-de-la-cambra-de-comerc-de-barcelona","taxonomy":"post_tag","meta":[],"_links":{"self":[{"href":"https:\/\/www.monempresarial.com\/ca\/wp-json\/wp\/v2\/tags\/1501"}],"collection":[{"href":"https:\/\/www.monempresarial.com\/ca\/wp-json\/wp\/v2\/tags"}],"about":[{"href":"https:\/\/www.monempresarial.com\/ca\/wp-json\/wp\/v2\/taxonomies\/post_tag"}],"wp:post_type":[{"href":"https:\/\/www.monempresarial.com\/ca\/wp-json\/wp\/v2\/posts?tags=1501"}],"curies":[{"name":"wp","href":"https:\/\/api.w.org\/{rel}","templated":true}]}}