{"id":106,"name":"Miguel de la Fuente Rodr\u00edguez","url":"","description":"Decano del Colegio de Economistas de Asturias y presidente de su Comisi\u00f3n Laboral, adem\u00e1s de vocal de la Comisi\u00f3n Permanente del Consejo General de Economistas. Licenciado en Ciencias Econ\u00f3micas y Comerciales por la Universidad de Bilbao, ha publicado varios art\u00edculos sobre temas econ\u00f3micos y tributarios en peri\u00f3dicos y revistas especializadas  relacionados con temas fiscales.","link":"https:\/\/www.monempresarial.com\/ca\/author\/mfuente\/","slug":"mfuente","avatar_urls":{"24":"https:\/\/secure.gravatar.com\/avatar\/f44701807ed197b458ea78153eecbc50?s=24&d=blank&r=g","48":"https:\/\/secure.gravatar.com\/avatar\/f44701807ed197b458ea78153eecbc50?s=48&d=blank&r=g","96":"https:\/\/secure.gravatar.com\/avatar\/f44701807ed197b458ea78153eecbc50?s=96&d=blank&r=g"},"meta":[],"is_super_admin":false,"woocommerce_meta":{"variable_product_tour_shown":"","activity_panel_inbox_last_read":"","activity_panel_reviews_last_read":"","categories_report_columns":"","coupons_report_columns":"","customers_report_columns":"","orders_report_columns":"","products_report_columns":"","revenue_report_columns":"","taxes_report_columns":"","variations_report_columns":"","dashboard_sections":"","dashboard_chart_type":"","dashboard_chart_interval":"","dashboard_leaderboard_rows":"","homepage_layout":"","homepage_stats":"","task_list_tracked_started_tasks":"","help_panel_highlight_shown":"","android_app_banner_dismissed":""},"_links":{"self":[{"href":"https:\/\/www.monempresarial.com\/ca\/wp-json\/wp\/v2\/users\/106"}],"collection":[{"href":"https:\/\/www.monempresarial.com\/ca\/wp-json\/wp\/v2\/users"}]}}